{"id":426579,"date":"2025-04-29T22:01:59","date_gmt":"2025-04-30T01:01:59","guid":{"rendered":"https:\/\/notinor.com\/jujuy\/?p=426579"},"modified":"2025-04-29T22:02:01","modified_gmt":"2025-04-30T01:02:01","slug":"un-medico-declaro-que-sedo-durante-24-horas-a-maradona-por-pedido-de-luque-y-cosachov","status":"publish","type":"post","link":"https:\/\/notinor.com\/jujuy\/un-medico-declaro-que-sedo-durante-24-horas-a-maradona-por-pedido-de-luque-y-cosachov\/","title":{"rendered":"Un m\u00e9dico declar\u00f3 que sed\u00f3 durante 24 horas a Maradona por pedido de Luque y Cosachov"},"content":{"rendered":"\n<p class=\"has-medium-font-size\"><strong><em>Se trata de Fernando Villarejo, jefe de la terapia intensiva de la Cl\u00ednica Olivos, quien atendi\u00f3 al Diez tras la cirug\u00eda en la cabeza. \u201cLo hice en total desacuerdo\u201d, asegur\u00f3.<\/em><\/strong><\/p>\n\n\n\n<p><\/p>\n\n\n<div class=\"wp-block-image\">\n<figure class=\"aligncenter size-full\"><img decoding=\"async\" loading=\"lazy\" width=\"800\" height=\"450\" src=\"https:\/\/notinor.com\/jujuy\/wp-content\/uploads\/2025\/04\/diego-maradona-luque-cosachov.jpg\" alt=\"\" class=\"wp-image-426580\" srcset=\"https:\/\/notinor.com\/jujuy\/wp-content\/uploads\/2025\/04\/diego-maradona-luque-cosachov.jpg 800w, https:\/\/notinor.com\/jujuy\/wp-content\/uploads\/2025\/04\/diego-maradona-luque-cosachov-649x365.jpg 649w, https:\/\/notinor.com\/jujuy\/wp-content\/uploads\/2025\/04\/diego-maradona-luque-cosachov-500x280.jpg 500w, https:\/\/notinor.com\/jujuy\/wp-content\/uploads\/2025\/04\/diego-maradona-luque-cosachov-768x432.jpg 768w, https:\/\/notinor.com\/jujuy\/wp-content\/uploads\/2025\/04\/diego-maradona-luque-cosachov-750x422.jpg 750w\" sizes=\"(max-width: 800px) 100vw, 800px\" \/><\/figure><\/div>\n\n\n<p><\/p>\n\n\n\n<p><strong>Los d\u00edas en los que Maradona estuvo internado en la Cl\u00ednica Olivos tras su operaci\u00f3n de cabeza fueron una suerte de presagio de lo que ocurrir\u00eda semanas despu\u00e9s en la internaci\u00f3n domiciliaria de Tigre, donde muri\u00f3 el 25 de noviembre de 2020 rodeado de m\u00e9dicos que estaban encargados de su cuidado y recuperaci\u00f3n de la cirug\u00eda.<\/strong><\/p>\n\n\n\n<p>En el sanatorio de Vicente L\u00f3pez, tanto el neurocirujano Leopoldo Luque y la psiquiatra Agustina Cosachov -ahora imputados por la muerte del Diego- ya hab\u00edan tomado algunas decisiones cuestionables sobre la salud del Diez. \u201cMe ped\u00edan sedarlo\u201d, declar\u00f3 este martes un m\u00e9dico que se present\u00f3 como testigo en el juicio.<\/p>\n\n\n\n<p><strong>Se trata de Fernando Villarejo, jefe de la terapia intensiva de la Cl\u00ednica Olivos, quien estuvo a cargo de Maradona en las horas posteriores a su operaci\u00f3n de cabeza. Seg\u00fan record\u00f3 el profesional, en ese momento el astro del f\u00fatbol estaba inquieto, se quer\u00eda ir a su casa y por momentos era \u201cinmanejable\u201d.<\/strong><\/p>\n\n\n\n<p><strong>La situaci\u00f3n alteraba a Luque y Cosachov, quienes tuvieron una reuni\u00f3n con el testigo en la instituci\u00f3n donde le admitieron que la verdadera preocupaci\u00f3n de ambos era que Maradona \u201cera un paciente dif\u00edcil de manejar desde el punto de vista conductual, por alguna abstinencia\u201d y le pidieron colaboraci\u00f3n.<\/strong><\/p>\n\n\n\n<p>\u201cNecesitaban una especie de apoyo institucional para hacerle un tratamiento, para medicarlo\u201c, dijo Villarejo sobre ese momento.<\/p>\n\n\n\n<p>Luego revel\u00f3 el pedido que le hicieron para ayudar a desintoxicarlo. <strong>\u201cLo que nos ped\u00edan era sedar al paciente, Cosachov y Luque me lo estaban pidiendo. Fue dif\u00edcil esa reuni\u00f3n porque yo me negu\u00e9 espec\u00edficamente. Me parec\u00eda que no era el lugar e hice constarlo\u201d.<\/strong><\/p>\n\n\n\n<p>Villarejo explic\u00f3 a los jueces del TOC N\u00ba3 de San Isidro los criterios m\u00e9dicos por los cuales se solicit\u00f3 esta opci\u00f3n: <strong>\u201cUno de los motivos por los cuales uno necesita una sedaci\u00f3n es para iniciar un proceso de abstinencia o desintoxicaci\u00f3n. La forma es sedarlo profundamente e ir reduciendo la dosis por 48, 72, 96 hs para que despu\u00e9s de ese tiempo uno le pueda administrar sedantes en peque\u00f1as dosis\u201d.<\/strong><\/p>\n\n\n\n<p>El jefe de la terapia intensiva de Olivos remarc\u00f3 que para \u00e9l la sedaci\u00f3n no era lo mejor y dijo que le plante\u00f3 a los imputados cu\u00e1les eran los riesgos. Adem\u00e1s, sugiri\u00f3 un equipo multidisciplinario para tratar su cuadro.<\/p>\n\n\n\n<p>Sin embargo, la decisi\u00f3n fue dormirlo de todas formas. <strong>\u201cSe decidi\u00f3 sedarlo. Hubo que ponerle un cat\u00e9ter venoso que no fue f\u00e1cil porque no se dejaba. Lo tuvimos sedado 24 horas, pero uno sabe que cuando a un paciente se lo seda para revertir un proceso de abstinencia, se requiere un proceso m\u00e1s adecuado, con un horizonte que no se termina en 24 horas\",<\/strong> declar\u00f3.<\/p>\n\n\n\n<p>Al ver que no hab\u00eda un plan a futuro para tratar su abstinencia tras la sedaci\u00f3n, Villarejo decidi\u00f3 ir despert\u00e1ndolo de a poco: <strong>\u201cEn virtud de que no hab\u00eda horizonte, decidimos empezar a usar nuestro criterio y bajar la dosis de la sedaci\u00f3n porque se soplaban nuestros vientos. Si pasaba algo era mi responsabilidad. Para manejarlo de forma m\u00e1s adecuada se necesitaba un equipo multidisciplinario. Dije \u2018\u00bfcu\u00e1nto tiempo vamos a estar as\u00ed?\u2019\u201d.<\/strong><\/p>\n\n\n\n<p class=\"has-medium-font-size\"><strong>Su oposici\u00f3n a la internaci\u00f3n domiciliaria<\/strong><\/p>\n\n\n\n<p><strong>Cuando lleg\u00f3 el momento de la externaci\u00f3n, Villarejo recomend\u00f3 que Maradona sea atendido en un centro de rehabilitaci\u00f3n que cuente con personal multidisciplinario atento a su cuadro de abstinencia. No estaba de acuerdo con una internaci\u00f3n domiciliaria.<\/strong><\/p>\n\n\n\n<p>Al justificar su postura, dijo que Diego era un paciente con idas y venidas de exaltaci\u00f3n psicomotriz y que a veces estaba \u201cexcitado, malhumorado y agresivo\u201d, por lo que se le deb\u00eda dar un abordaje integral en un lugar con las instalaciones y los profesionales pertinentes.<\/p>\n\n\n\n<p><strong>No obstante, record\u00f3 que Luque se neg\u00f3 a esta opci\u00f3n y \u201ccomo \u00e9l era el m\u00e9dico de cabecera de Diego\u201d, los profesionales de Olivos respetaron su decisi\u00f3n.<\/strong><\/p>\n\n\n\n<p>M\u00e1s all\u00e1 de esto, en el marco de su declaraci\u00f3n, Villarejo dijo que ni \u00e9l ni su equipo estaban de acuerdo con la internaci\u00f3n domiciliaria a la que finalmente fue enviado Diego.<\/p>\n\n\n\n<p><strong>\u201cNo era un paciente para estar en una internaci\u00f3n domiciliaria, nosotros hace d\u00edas lo ten\u00edamos internado monitoreado y no cre\u00eda que hab\u00eda que desinstitucionalizarlo\u201d<\/strong>, remarc\u00f3.<\/p>\n\n\n\n<p>Ante la pregunta de cu\u00e1l hubiera sido la internaci\u00f3n domiciliaria ideal, contest\u00f3: <strong>\u201cNo pod\u00eda estar en una casa, as\u00ed que qu\u00e9 cosa tuvo que haber tenido es una paradoja. Pero tuvo que haber sido una internaci\u00f3n domiciliaria, casi como una internaci\u00f3n institucional, con un m\u00e9dico cercano, acompa\u00f1ante terap\u00e9utico, un estricto control de que el paciente no haga algo que uno no recomienda, como comer y tomar cualquier cosa, automedicarse. Eso es muy dif\u00edcil de controlar en un ambiente domiciliario\u201d.<\/strong><\/p>\n","protected":false},"excerpt":{"rendered":"<p>Se trata de Fernando Villarejo, jefe de la terapia intensiva de la Cl\u00ednica Olivos, quien atendi\u00f3 al Diez tras la cirug\u00eda en la cabeza. \u201cLo hice en total desacuerdo\u201d, asegur\u00f3. Los d\u00edas en los que Maradona estuvo internado en la Cl\u00ednica Olivos tras su operaci\u00f3n de cabeza fueron una suerte de presagio de lo que [&hellip;]<\/p>\n","protected":false},"author":49,"featured_media":426580,"comment_status":"open","ping_status":"open","sticky":false,"template":"","format":"standard","meta":{"_stopmodifiedupdate":false,"_modified_date":"","inline_featured_image":false,"spay_email":"","jetpack_publicize_message":""},"categories":[2,5,3],"tags":[],"jetpack_featured_media_url":"https:\/\/notinor.com\/jujuy\/wp-content\/uploads\/2025\/04\/diego-maradona-luque-cosachov.jpg","jetpack_publicize_connections":[],"_links":{"self":[{"href":"https:\/\/notinor.com\/jujuy\/wp-json\/wp\/v2\/posts\/426579"}],"collection":[{"href":"https:\/\/notinor.com\/jujuy\/wp-json\/wp\/v2\/posts"}],"about":[{"href":"https:\/\/notinor.com\/jujuy\/wp-json\/wp\/v2\/types\/post"}],"author":[{"embeddable":true,"href":"https:\/\/notinor.com\/jujuy\/wp-json\/wp\/v2\/users\/49"}],"replies":[{"embeddable":true,"href":"https:\/\/notinor.com\/jujuy\/wp-json\/wp\/v2\/comments?post=426579"}],"version-history":[{"count":1,"href":"https:\/\/notinor.com\/jujuy\/wp-json\/wp\/v2\/posts\/426579\/revisions"}],"predecessor-version":[{"id":426581,"href":"https:\/\/notinor.com\/jujuy\/wp-json\/wp\/v2\/posts\/426579\/revisions\/426581"}],"wp:featuredmedia":[{"embeddable":true,"href":"https:\/\/notinor.com\/jujuy\/wp-json\/wp\/v2\/media\/426580"}],"wp:attachment":[{"href":"https:\/\/notinor.com\/jujuy\/wp-json\/wp\/v2\/media?parent=426579"}],"wp:term":[{"taxonomy":"category","embeddable":true,"href":"https:\/\/notinor.com\/jujuy\/wp-json\/wp\/v2\/categories?post=426579"},{"taxonomy":"post_tag","embeddable":true,"href":"https:\/\/notinor.com\/jujuy\/wp-json\/wp\/v2\/tags?post=426579"}],"curies":[{"name":"wp","href":"https:\/\/api.w.org\/{rel}","templated":true}]}}