{"id":426175,"date":"2025-04-21T21:31:00","date_gmt":"2025-04-22T00:31:00","guid":{"rendered":"https:\/\/notinor.com\/jujuy\/?p=426175"},"modified":"2025-04-21T09:31:33","modified_gmt":"2025-04-21T09:31:33","slug":"alumnos-de-la-unju-visitaron-la-legislatura","status":"publish","type":"post","link":"https:\/\/notinor.com\/jujuy\/alumnos-de-la-unju-visitaron-la-legislatura\/","title":{"rendered":"<strong>Alumnos de la UNJu visitaron la Legislatura<\/strong>"},"content":{"rendered":"\n<p class=\"has-medium-font-size\"><strong><em>Los diputados Guido Luna, Omar Guti\u00e9rrez, Gisel Bravo, Adriano Morone, Agustina Guzm\u00e1n y Diego Cruz recibieron a estudiantes de la Facultad de Ciencias Econ\u00f3micas en el recinto.<\/em><\/strong><\/p>\n\n\n<div class=\"wp-block-image\">\n<figure class=\"aligncenter size-large\"><img decoding=\"async\" loading=\"lazy\" width=\"720\" height=\"480\" src=\"https:\/\/notinor.com\/jujuy\/wp-content\/uploads\/2025\/04\/VISITA-6-720x480.jpeg\" alt=\"\" class=\"wp-image-426177\" srcset=\"https:\/\/notinor.com\/jujuy\/wp-content\/uploads\/2025\/04\/VISITA-6-720x480.jpeg 720w, https:\/\/notinor.com\/jujuy\/wp-content\/uploads\/2025\/04\/VISITA-6-548x365.jpeg 548w, https:\/\/notinor.com\/jujuy\/wp-content\/uploads\/2025\/04\/VISITA-6-768x512.jpeg 768w, https:\/\/notinor.com\/jujuy\/wp-content\/uploads\/2025\/04\/VISITA-6-1536x1023.jpeg 1536w, https:\/\/notinor.com\/jujuy\/wp-content\/uploads\/2025\/04\/VISITA-6-750x500.jpeg 750w, https:\/\/notinor.com\/jujuy\/wp-content\/uploads\/2025\/04\/VISITA-6-1140x760.jpeg 1140w, https:\/\/notinor.com\/jujuy\/wp-content\/uploads\/2025\/04\/VISITA-6.jpeg 1600w\" sizes=\"(max-width: 720px) 100vw, 720px\" \/><\/figure><\/div>\n\n\n<p>Esta es la segunda visita que realiza la c\u00e1tedra de Derecho Privado, acompa\u00f1ada por la profesora <strong>Mar\u00eda Ester Salas Soler<\/strong>.<\/p>\n\n\n\n<p>Los alumnos no conoc\u00edan la Legislatura, \"ense\u00f1amos el proceso de formaci\u00f3n de las leyes, nuestra materia se basa en leyes y sin embargo no conoc\u00edan donde se cocinaban las leyes\", subray\u00f3 la docente.<\/p>\n\n\n\n<p>Salas Soler destac\u00f3 que desde el a\u00f1o pasado se incluy\u00f3 en la c\u00e1tedra, como actividad extra \u00e1ulica, esta visita, lo cual les dio muy buenos resultados.<\/p>\n\n\n<div class=\"wp-block-image\">\n<figure class=\"aligncenter size-large\"><img decoding=\"async\" loading=\"lazy\" width=\"720\" height=\"480\" src=\"https:\/\/notinor.com\/jujuy\/wp-content\/uploads\/2025\/04\/VISITA-7-720x480.jpeg\" alt=\"\" class=\"wp-image-426178\" srcset=\"https:\/\/notinor.com\/jujuy\/wp-content\/uploads\/2025\/04\/VISITA-7-720x480.jpeg 720w, https:\/\/notinor.com\/jujuy\/wp-content\/uploads\/2025\/04\/VISITA-7-548x365.jpeg 548w, https:\/\/notinor.com\/jujuy\/wp-content\/uploads\/2025\/04\/VISITA-7-768x512.jpeg 768w, https:\/\/notinor.com\/jujuy\/wp-content\/uploads\/2025\/04\/VISITA-7-1536x1023.jpeg 1536w, https:\/\/notinor.com\/jujuy\/wp-content\/uploads\/2025\/04\/VISITA-7-750x500.jpeg 750w, https:\/\/notinor.com\/jujuy\/wp-content\/uploads\/2025\/04\/VISITA-7-1140x760.jpeg 1140w, https:\/\/notinor.com\/jujuy\/wp-content\/uploads\/2025\/04\/VISITA-7.jpeg 1600w\" sizes=\"(max-width: 720px) 100vw, 720px\" \/><\/figure><\/div>\n\n\n<p>Los legisladores presentes comentaron a los alumnos como se trata un proyecto, c\u00f3mo funcionan las Comisiones, y el trabajo en territorio que deben realizar.<\/p>\n\n\n\n<p><strong>Candela Mamani<\/strong>, estudiante humahuaque\u00f1a, asever\u00f3 que esperaba conseguir respuestas a todas las dudas que tienen como ciudadanos y tener esa posibilidad de conocer y escuchar a los legisladores fue gratificante, \"una como estudiantes, otra como j\u00f3venes y otra para las personas que somos del interior\".<\/p>\n\n\n<div class=\"wp-block-image\">\n<figure class=\"aligncenter size-large\"><img decoding=\"async\" loading=\"lazy\" width=\"720\" height=\"480\" src=\"https:\/\/notinor.com\/jujuy\/wp-content\/uploads\/2025\/04\/VISITA-8-720x480.jpeg\" alt=\"\" class=\"wp-image-426179\" srcset=\"https:\/\/notinor.com\/jujuy\/wp-content\/uploads\/2025\/04\/VISITA-8-720x480.jpeg 720w, https:\/\/notinor.com\/jujuy\/wp-content\/uploads\/2025\/04\/VISITA-8-548x365.jpeg 548w, https:\/\/notinor.com\/jujuy\/wp-content\/uploads\/2025\/04\/VISITA-8-768x512.jpeg 768w, https:\/\/notinor.com\/jujuy\/wp-content\/uploads\/2025\/04\/VISITA-8-1536x1023.jpeg 1536w, https:\/\/notinor.com\/jujuy\/wp-content\/uploads\/2025\/04\/VISITA-8-750x500.jpeg 750w, https:\/\/notinor.com\/jujuy\/wp-content\/uploads\/2025\/04\/VISITA-8-1140x760.jpeg 1140w, https:\/\/notinor.com\/jujuy\/wp-content\/uploads\/2025\/04\/VISITA-8.jpeg 1600w\" sizes=\"(max-width: 720px) 100vw, 720px\" \/><\/figure><\/div>\n\n\n<p>Por \u00faltimo, el diputado <strong>Adriano Morone<\/strong> destac\u00f3 que la pol\u00edtica de la Legislatura de abrir sus puertas es una contribuci\u00f3n muy importante a la participaci\u00f3n ciudadana y al sistema democr\u00e1tico. Al mismo tiempo, recalc\u00f3 que \"queda un v\u00ednculo con quienes nos visitan que luego se transforman en propuestas, en aportes, incluso en proyectos de ley\".\u00a0<\/p>\n\n\n<div class=\"wp-block-image\">\n<figure class=\"aligncenter size-large\"><img decoding=\"async\" loading=\"lazy\" width=\"720\" height=\"480\" src=\"https:\/\/notinor.com\/jujuy\/wp-content\/uploads\/2025\/04\/VISITA-9-720x480.jpeg\" alt=\"\" class=\"wp-image-426180\" srcset=\"https:\/\/notinor.com\/jujuy\/wp-content\/uploads\/2025\/04\/VISITA-9-720x480.jpeg 720w, https:\/\/notinor.com\/jujuy\/wp-content\/uploads\/2025\/04\/VISITA-9-548x365.jpeg 548w, https:\/\/notinor.com\/jujuy\/wp-content\/uploads\/2025\/04\/VISITA-9-768x512.jpeg 768w, https:\/\/notinor.com\/jujuy\/wp-content\/uploads\/2025\/04\/VISITA-9-1536x1023.jpeg 1536w, https:\/\/notinor.com\/jujuy\/wp-content\/uploads\/2025\/04\/VISITA-9-750x500.jpeg 750w, https:\/\/notinor.com\/jujuy\/wp-content\/uploads\/2025\/04\/VISITA-9-1140x760.jpeg 1140w, https:\/\/notinor.com\/jujuy\/wp-content\/uploads\/2025\/04\/VISITA-9.jpeg 1600w\" sizes=\"(max-width: 720px) 100vw, 720px\" \/><\/figure><\/div>","protected":false},"excerpt":{"rendered":"<p>Los diputados Guido Luna, Omar Guti\u00e9rrez, Gisel Bravo, Adriano Morone, Agustina Guzm\u00e1n y Diego Cruz recibieron a estudiantes de la Facultad de Ciencias Econ\u00f3micas en el recinto. Esta es la segunda visita que realiza la c\u00e1tedra de Derecho Privado, acompa\u00f1ada por la profesora Mar\u00eda Ester Salas Soler. Los alumnos no conoc\u00edan la Legislatura, \"ense\u00f1amos el [&hellip;]<\/p>\n","protected":false},"author":5,"featured_media":426176,"comment_status":"open","ping_status":"open","sticky":false,"template":"","format":"standard","meta":{"_stopmodifiedupdate":false,"_modified_date":"","inline_featured_image":false,"spay_email":"","jetpack_publicize_message":""},"categories":[13],"tags":[],"jetpack_featured_media_url":"https:\/\/notinor.com\/jujuy\/wp-content\/uploads\/2025\/04\/VISITA-5.jpeg","jetpack_publicize_connections":[],"_links":{"self":[{"href":"https:\/\/notinor.com\/jujuy\/wp-json\/wp\/v2\/posts\/426175"}],"collection":[{"href":"https:\/\/notinor.com\/jujuy\/wp-json\/wp\/v2\/posts"}],"about":[{"href":"https:\/\/notinor.com\/jujuy\/wp-json\/wp\/v2\/types\/post"}],"author":[{"embeddable":true,"href":"https:\/\/notinor.com\/jujuy\/wp-json\/wp\/v2\/users\/5"}],"replies":[{"embeddable":true,"href":"https:\/\/notinor.com\/jujuy\/wp-json\/wp\/v2\/comments?post=426175"}],"version-history":[{"count":1,"href":"https:\/\/notinor.com\/jujuy\/wp-json\/wp\/v2\/posts\/426175\/revisions"}],"predecessor-version":[{"id":426181,"href":"https:\/\/notinor.com\/jujuy\/wp-json\/wp\/v2\/posts\/426175\/revisions\/426181"}],"wp:featuredmedia":[{"embeddable":true,"href":"https:\/\/notinor.com\/jujuy\/wp-json\/wp\/v2\/media\/426176"}],"wp:attachment":[{"href":"https:\/\/notinor.com\/jujuy\/wp-json\/wp\/v2\/media?parent=426175"}],"wp:term":[{"taxonomy":"category","embeddable":true,"href":"https:\/\/notinor.com\/jujuy\/wp-json\/wp\/v2\/categories?post=426175"},{"taxonomy":"post_tag","embeddable":true,"href":"https:\/\/notinor.com\/jujuy\/wp-json\/wp\/v2\/tags?post=426175"}],"curies":[{"name":"wp","href":"https:\/\/api.w.org\/{rel}","templated":true}]}}