{"id":426159,"date":"2025-04-21T21:02:00","date_gmt":"2025-04-22T00:02:00","guid":{"rendered":"https:\/\/notinor.com\/jujuy\/?p=426159"},"modified":"2025-04-21T09:02:06","modified_gmt":"2025-04-21T09:02:06","slug":"homenajearon-a-matrimonios-que-celebraron-sus-bodas-de-oro-y-plata","status":"publish","type":"post","link":"https:\/\/notinor.com\/jujuy\/homenajearon-a-matrimonios-que-celebraron-sus-bodas-de-oro-y-plata\/","title":{"rendered":"Homenajearon a matrimonios que celebraron sus Bodas de Oro y Plata"},"content":{"rendered":"\n<p class=\"has-medium-font-size\"><strong><em>El Concejo Deliberante y el Municipio de la Capital, realizaron el pasado mi\u00e9rcoles un homenaje denominado \"Toda una vida\" y en el cual se distingui\u00f3 a matrimonios que cumplieron 50 a\u00f1os de casados (Bodas de Oro), y los que celebran 25 a\u00f1os de casados (Bodas de Plata).<\/em><\/strong><\/p>\n\n\n<div class=\"wp-block-image\">\n<figure class=\"aligncenter size-large\"><img decoding=\"async\" loading=\"lazy\" width=\"720\" height=\"480\" src=\"https:\/\/notinor.com\/jujuy\/wp-content\/uploads\/2025\/04\/Homenaje-1-720x480.jpg\" alt=\"\" class=\"wp-image-426161\" srcset=\"https:\/\/notinor.com\/jujuy\/wp-content\/uploads\/2025\/04\/Homenaje-1-720x480.jpg 720w, https:\/\/notinor.com\/jujuy\/wp-content\/uploads\/2025\/04\/Homenaje-1-548x365.jpg 548w, https:\/\/notinor.com\/jujuy\/wp-content\/uploads\/2025\/04\/Homenaje-1.jpg 750w\" sizes=\"(max-width: 720px) 100vw, 720px\" \/><\/figure><\/div>\n\n\n<p>Ambos organismos consideraron importante homenajear a los matrimonios a trav\u00e9s de la <strong>Ordenanza<\/strong> <strong>N\u00b07057\/17<\/strong>, en el que se instituye el festejo anual \"<strong>Toda una Vida<\/strong>\", para quienes han mantenido un compromiso de vida, revalorizando las promesas de amor eterno y la fuerza inquebrantable de la familia, que son los valores que sustentan la base de toda una sociedad, pilares que m\u00e1s all\u00e1 del tiempo y las generaciones, siguen guiando el desarrollo armonioso de nuestras comunidades.<\/p>\n\n\n<div class=\"wp-block-image\">\n<figure class=\"aligncenter size-large\"><img decoding=\"async\" loading=\"lazy\" width=\"720\" height=\"480\" src=\"https:\/\/notinor.com\/jujuy\/wp-content\/uploads\/2025\/04\/Homenaje-2-720x480.jpg\" alt=\"\" class=\"wp-image-426162\" srcset=\"https:\/\/notinor.com\/jujuy\/wp-content\/uploads\/2025\/04\/Homenaje-2-720x480.jpg 720w, https:\/\/notinor.com\/jujuy\/wp-content\/uploads\/2025\/04\/Homenaje-2-548x365.jpg 548w, https:\/\/notinor.com\/jujuy\/wp-content\/uploads\/2025\/04\/Homenaje-2.jpg 750w\" sizes=\"(max-width: 720px) 100vw, 720px\" \/><\/figure><\/div>\n\n\n<p>En los argumentos de la ordenanza se destaca que el matrimonio representa una alianza de vida, una decisi\u00f3n consciente de compartir el camino con otro ser humano, con quienes se construyen proyectos, enfrentando desaf\u00edos y celebrando logros.<\/p>\n\n\n<div class=\"wp-block-image\">\n<figure class=\"aligncenter size-large\"><img decoding=\"async\" loading=\"lazy\" width=\"720\" height=\"480\" src=\"https:\/\/notinor.com\/jujuy\/wp-content\/uploads\/2025\/04\/Homenaje-3-720x480.jpg\" alt=\"\" class=\"wp-image-426163\" srcset=\"https:\/\/notinor.com\/jujuy\/wp-content\/uploads\/2025\/04\/Homenaje-3-720x480.jpg 720w, https:\/\/notinor.com\/jujuy\/wp-content\/uploads\/2025\/04\/Homenaje-3-548x365.jpg 548w, https:\/\/notinor.com\/jujuy\/wp-content\/uploads\/2025\/04\/Homenaje-3-768x512.jpg 768w, https:\/\/notinor.com\/jujuy\/wp-content\/uploads\/2025\/04\/Homenaje-3-1536x1024.jpg 1536w, https:\/\/notinor.com\/jujuy\/wp-content\/uploads\/2025\/04\/Homenaje-3-2048x1365.jpg 2048w, https:\/\/notinor.com\/jujuy\/wp-content\/uploads\/2025\/04\/Homenaje-3-750x500.jpg 750w, https:\/\/notinor.com\/jujuy\/wp-content\/uploads\/2025\/04\/Homenaje-3-1140x760.jpg 1140w\" sizes=\"(max-width: 720px) 100vw, 720px\" \/><\/figure><\/div>\n\n\n<p>En la jornada, el Monse\u00f1or <strong>Daniel Fern\u00e1ndez<\/strong> bendijo a los matrimonios presentes a trav\u00e9s de un video mensaje. Despu\u00e9s se procedi\u00f3 a reconocer a los matrimonios con presentes. Luego vino la actuaci\u00f3n del bandoneonista Daniel Vedia y los mariachis de M\u00e9xico deleitaron con su repertorio musical.<\/p>\n\n\n<div class=\"wp-block-image\">\n<figure class=\"aligncenter size-large\"><img decoding=\"async\" loading=\"lazy\" width=\"720\" height=\"480\" src=\"https:\/\/notinor.com\/jujuy\/wp-content\/uploads\/2025\/04\/Homenaje-4-720x480.jpg\" alt=\"\" class=\"wp-image-426164\" srcset=\"https:\/\/notinor.com\/jujuy\/wp-content\/uploads\/2025\/04\/Homenaje-4-720x480.jpg 720w, https:\/\/notinor.com\/jujuy\/wp-content\/uploads\/2025\/04\/Homenaje-4-548x365.jpg 548w, https:\/\/notinor.com\/jujuy\/wp-content\/uploads\/2025\/04\/Homenaje-4-768x512.jpg 768w, https:\/\/notinor.com\/jujuy\/wp-content\/uploads\/2025\/04\/Homenaje-4-1536x1024.jpg 1536w, https:\/\/notinor.com\/jujuy\/wp-content\/uploads\/2025\/04\/Homenaje-4-2048x1365.jpg 2048w, https:\/\/notinor.com\/jujuy\/wp-content\/uploads\/2025\/04\/Homenaje-4-750x500.jpg 750w, https:\/\/notinor.com\/jujuy\/wp-content\/uploads\/2025\/04\/Homenaje-4-1140x760.jpg 1140w\" sizes=\"(max-width: 720px) 100vw, 720px\" \/><\/figure><\/div>\n\n\n<p>Al respecto, el Presidente del Concejo Deliberante, <strong>Lisandro Aguiar<\/strong>, declar\u00f3: \"Hemos podido compartir con m\u00e1s de 60 parejas que cumpl\u00edan 25 y 50 a\u00f1os de casados; este evento surge de una ordenanza de la concejala (MC) Patricia Moya, que quer\u00eda celebrar la familia, celebrar la uni\u00f3n y el compromiso de estos matrimonios\".<\/p>\n\n\n<div class=\"wp-block-image\">\n<figure class=\"aligncenter size-large\"><img decoding=\"async\" loading=\"lazy\" width=\"720\" height=\"480\" src=\"https:\/\/notinor.com\/jujuy\/wp-content\/uploads\/2025\/04\/Homenaje-5-720x480.jpg\" alt=\"\" class=\"wp-image-426165\" srcset=\"https:\/\/notinor.com\/jujuy\/wp-content\/uploads\/2025\/04\/Homenaje-5-720x480.jpg 720w, https:\/\/notinor.com\/jujuy\/wp-content\/uploads\/2025\/04\/Homenaje-5-548x365.jpg 548w, https:\/\/notinor.com\/jujuy\/wp-content\/uploads\/2025\/04\/Homenaje-5-768x512.jpg 768w, https:\/\/notinor.com\/jujuy\/wp-content\/uploads\/2025\/04\/Homenaje-5-1536x1024.jpg 1536w, https:\/\/notinor.com\/jujuy\/wp-content\/uploads\/2025\/04\/Homenaje-5-2048x1365.jpg 2048w, https:\/\/notinor.com\/jujuy\/wp-content\/uploads\/2025\/04\/Homenaje-5-750x500.jpg 750w, https:\/\/notinor.com\/jujuy\/wp-content\/uploads\/2025\/04\/Homenaje-5-1140x760.jpg 1140w\" sizes=\"(max-width: 720px) 100vw, 720px\" \/><\/figure><\/div>\n\n\n<p>Lisandro Aguiar extendi\u00f3 el agradecimiento al director del Registro Civil, <strong>Octavio Rivas<\/strong>; a Monse\u00f1or Daniel Fern\u00e1ndez por el acompa\u00f1amiento, \"ya que es el articulador de esta ordenanza y, por supuesto, desearle lo mejor a las parejas que compartieron este momento con el Concejo Deliberante\".<\/p>\n\n\n<div class=\"wp-block-image\">\n<figure class=\"aligncenter size-large\"><img decoding=\"async\" loading=\"lazy\" width=\"720\" height=\"480\" src=\"https:\/\/notinor.com\/jujuy\/wp-content\/uploads\/2025\/04\/Homenaje-6-720x480.jpg\" alt=\"\" class=\"wp-image-426166\" srcset=\"https:\/\/notinor.com\/jujuy\/wp-content\/uploads\/2025\/04\/Homenaje-6-720x480.jpg 720w, https:\/\/notinor.com\/jujuy\/wp-content\/uploads\/2025\/04\/Homenaje-6-548x365.jpg 548w, https:\/\/notinor.com\/jujuy\/wp-content\/uploads\/2025\/04\/Homenaje-6-768x512.jpg 768w, https:\/\/notinor.com\/jujuy\/wp-content\/uploads\/2025\/04\/Homenaje-6-1536x1024.jpg 1536w, https:\/\/notinor.com\/jujuy\/wp-content\/uploads\/2025\/04\/Homenaje-6-2048x1365.jpg 2048w, https:\/\/notinor.com\/jujuy\/wp-content\/uploads\/2025\/04\/Homenaje-6-750x500.jpg 750w, https:\/\/notinor.com\/jujuy\/wp-content\/uploads\/2025\/04\/Homenaje-6-1140x760.jpg 1140w\" sizes=\"(max-width: 720px) 100vw, 720px\" \/><\/figure><\/div>\n\n\n<p>La celebraci\u00f3n se concret\u00f3 en el Sal\u00f3n de eventos (Pe\u00f1a Jos\u00e9) en la Calle Humahuaca N\u00ba 237 B\u00ba Lujan y participaron el presidente del Concejo Deliberante, Lisandro Aguiar, &nbsp;la coordinadora de la Escuela Municipal de Box, Brenda \"Pumita\" Carabajal; el sub director de Archivo Gral., Isidoro Villafuerte, la Jefa de la secci\u00f3n Matrimonios del Registro Civil, Leticia Garc\u00eda y la Asesora Legal de Intendencia, Claudia Cabezas.<\/p>\n\n\n\n<p>Nota Audiovisual:&nbsp;<a href=\"https:\/\/studio.youtube.com\/video\/tb2LYsreYVQ\/edit\" target=\"_blank\" rel=\"noreferrer noopener\">https:\/\/studio.youtube.com\/video\/tb2LYsreYVQ\/edit<\/a><\/p>\n","protected":false},"excerpt":{"rendered":"<p>El Concejo Deliberante y el Municipio de la Capital, realizaron el pasado mi\u00e9rcoles un homenaje denominado \"Toda una vida\" y en el cual se distingui\u00f3 a matrimonios que cumplieron 50 a\u00f1os de casados (Bodas de Oro), y los que celebran 25 a\u00f1os de casados (Bodas de Plata). Ambos organismos consideraron importante homenajear a los matrimonios [&hellip;]<\/p>\n","protected":false},"author":5,"featured_media":426160,"comment_status":"open","ping_status":"open","sticky":false,"template":"","format":"standard","meta":{"_stopmodifiedupdate":false,"_modified_date":"","inline_featured_image":false,"spay_email":"","jetpack_publicize_message":""},"categories":[13],"tags":[],"jetpack_featured_media_url":"https:\/\/notinor.com\/jujuy\/wp-content\/uploads\/2025\/04\/Homenaje.jpg","jetpack_publicize_connections":[],"_links":{"self":[{"href":"https:\/\/notinor.com\/jujuy\/wp-json\/wp\/v2\/posts\/426159"}],"collection":[{"href":"https:\/\/notinor.com\/jujuy\/wp-json\/wp\/v2\/posts"}],"about":[{"href":"https:\/\/notinor.com\/jujuy\/wp-json\/wp\/v2\/types\/post"}],"author":[{"embeddable":true,"href":"https:\/\/notinor.com\/jujuy\/wp-json\/wp\/v2\/users\/5"}],"replies":[{"embeddable":true,"href":"https:\/\/notinor.com\/jujuy\/wp-json\/wp\/v2\/comments?post=426159"}],"version-history":[{"count":1,"href":"https:\/\/notinor.com\/jujuy\/wp-json\/wp\/v2\/posts\/426159\/revisions"}],"predecessor-version":[{"id":426167,"href":"https:\/\/notinor.com\/jujuy\/wp-json\/wp\/v2\/posts\/426159\/revisions\/426167"}],"wp:featuredmedia":[{"embeddable":true,"href":"https:\/\/notinor.com\/jujuy\/wp-json\/wp\/v2\/media\/426160"}],"wp:attachment":[{"href":"https:\/\/notinor.com\/jujuy\/wp-json\/wp\/v2\/media?parent=426159"}],"wp:term":[{"taxonomy":"category","embeddable":true,"href":"https:\/\/notinor.com\/jujuy\/wp-json\/wp\/v2\/categories?post=426159"},{"taxonomy":"post_tag","embeddable":true,"href":"https:\/\/notinor.com\/jujuy\/wp-json\/wp\/v2\/tags?post=426159"}],"curies":[{"name":"wp","href":"https:\/\/api.w.org\/{rel}","templated":true}]}}