{"id":426143,"date":"2025-04-21T20:27:43","date_gmt":"2025-04-21T23:27:43","guid":{"rendered":"https:\/\/notinor.com\/jujuy\/?p=426143"},"modified":"2025-04-21T20:27:44","modified_gmt":"2025-04-21T23:27:44","slug":"su-legado-y-preparativos-para-el-funeral-la-muerte-del-papa-francisco-en-los-medios-del-mundo","status":"publish","type":"post","link":"https:\/\/notinor.com\/jujuy\/su-legado-y-preparativos-para-el-funeral-la-muerte-del-papa-francisco-en-los-medios-del-mundo\/","title":{"rendered":"Su legado y preparativos para el funeral: la muerte del papa Francisco en los medios del mundo"},"content":{"rendered":"\n<h2 class=\"has-medium-font-size\"><strong><em>Los principales sitios de noticias del planeta contin\u00faan encabezando sus portadas con el fallecimiento del pont\u00edfice, su historia y lo que indica el protocolo para las pr\u00f3ximas horas<\/em><\/strong><\/h2>\n\n\n\n<p><\/p>\n\n\n<div class=\"wp-block-image\">\n<figure class=\"aligncenter size-full\"><img decoding=\"async\" loading=\"lazy\" width=\"800\" height=\"450\" src=\"https:\/\/notinor.com\/jujuy\/wp-content\/uploads\/2025\/04\/papa-francisco-medios.jpg\" alt=\"\" class=\"wp-image-426144\" srcset=\"https:\/\/notinor.com\/jujuy\/wp-content\/uploads\/2025\/04\/papa-francisco-medios.jpg 800w, https:\/\/notinor.com\/jujuy\/wp-content\/uploads\/2025\/04\/papa-francisco-medios-649x365.jpg 649w, https:\/\/notinor.com\/jujuy\/wp-content\/uploads\/2025\/04\/papa-francisco-medios-500x280.jpg 500w, https:\/\/notinor.com\/jujuy\/wp-content\/uploads\/2025\/04\/papa-francisco-medios-768x432.jpg 768w, https:\/\/notinor.com\/jujuy\/wp-content\/uploads\/2025\/04\/papa-francisco-medios-750x422.jpg 750w\" sizes=\"(max-width: 800px) 100vw, 800px\" \/><\/figure><\/div>\n\n\n<p><\/p>\n\n\n\n<p>La muerte del\u00a0<strong>papa Francisco<\/strong>\u00a0permanece como tema principal en los medios m\u00e1s importantes del mundo. A las 7:35 horas (5:35 GMT) el cardenal\u00a0<strong>Kevin Joseph Farrel<\/strong>\u00a0anunci\u00f3 la noticia y doce horas despu\u00e9s, la cobertura en los principales portales del planeta contin\u00faa abocada a informar c\u00f3mo ser\u00e1 las pr\u00f3ximas jornadas, su legado, y las horas finales del pont\u00edfice argentino en Roma.<\/p>\n\n\n\n<p>En Italia,&nbsp;<strong>Corriere Della Sera<\/strong>&nbsp;reflej\u00f3 la informaci\u00f3n difundida por el Vaticano a cerca de las causas del deceso de Francisco, a ra\u00edz de un derrame cerebral que le provoc\u00f3 un infarto una hora despu\u00e9s del episodio. Tambi\u00e9n da cuenta del testamento que indic\u00f3 antes de morir el papa.<\/p>\n\n\n\n<p>La presencia de Trump en el funeral, a realizarse el pr\u00f3ximo s\u00e1bado y el foco en el c\u00f3nclave para elegir al sucesor del papa, rodean la apertura del portal.<a rel=\"noreferrer noopener\" href=\"https:\/\/www.infobae.com\/america\/mundo\/2025\/04\/21\/el-emotivo-video-publicado-por-el-vaticano-sobre-el-papa-francisco-la-vida-de-bergoglio-al-servicio-de-la-humanidad\/\" target=\"_blank\"><\/a><\/p>\n\n\n\n<p><strong>La Repubblica<\/strong>, en tanto, destaca una entrevista a la hermana de Jorge Bergoglio, junto a la historia del sacerdote argentino que lleg\u00f3 a convertirse en Obispo de Roma. Tambi\u00e9n abunda en las caracter\u00edsticas del c\u00f3nclave que definir\u00e1 a su sucesor.<\/p>\n\n\n\n<p><\/p>\n\n\n\n<p class=\"has-text-align-center\"><img decoding=\"async\" loading=\"lazy\" height=\"2360\" width=\"3326\" src=\"https:\/\/www.infobae.com\/resizer\/v2\/EC3WV3UNH5D6NEAVPNA3QLU23M.jpg?auth=bce76b079ba8bec0c7d6bfa3c31f3083a46067f618c5a42f8d1ef2a578066fe5&amp;smart=true&amp;width=350&amp;height=233&amp;quality=85\" alt=\"La portada principal de El\">La portada principal de El Mundo de Espa\u00f1a<\/p>\n\n\n\n<p><\/p>\n\n\n\n<p><strong>El Mundo<\/strong>, de Espa\u00f1a, informa sobre las reacciones en Buenos Aires en una cr\u00f3nica y da cuenta de los \u00faltimos viajes de Francisco. La noticia del ictus (derrame) y sus \u00faltimas horas tambi\u00e9n forma parte de su cobertura. El Pa\u00eds, en tanto, recoge las reacciones en la pol\u00edtica espa\u00f1ola, alrededor de la cr\u00f3nica central del fallecimiento.<a rel=\"noreferrer noopener\" href=\"https:\/\/www.infobae.com\/america\/mundo\/2025\/04\/21\/el-vaticano-confirmo-que-el-papa-francisco-murio-tras-sufrir-un-derrame-cerebral\/\" target=\"_blank\"><\/a><\/p>\n\n\n\n<p>El diario brit\u00e1nico\u00a0<strong>The Guardian<\/strong>\u00a0retoma las causas de la muerte en la apertura de su portada principal y realiza un anticipo de los posibles sucesores de Francisco como l\u00edder de la iglesia cat\u00f3lica. Da cuenta adem\u00e1s de c\u00f3mo es la instancia secreta en la que se dar\u00e1 esta definici\u00f3n. Dailymail, por su parte, destaca que en su testamente, Francisco dej\u00f3 establecido que \u201cun benefactor an\u00f3nimo\u201d ser\u00e1 el encargado de costear su \u00faltimo adi\u00f3s.<\/p>\n\n\n\n<p><\/p>\n\n\n\n<p class=\"has-text-align-center\"><img decoding=\"async\" loading=\"lazy\" height=\"2106\" width=\"1959\" src=\"https:\/\/www.infobae.com\/resizer\/v2\/IXIEGCNK6RBNBKQFSEONEKIYLI.jpg?auth=915a9ca311da7de18eb3981490d3dbf2c484347becb6a91b342b45c90ee9c6eb&amp;smart=true&amp;width=350&amp;height=350&amp;quality=85\" alt=\"Dailymail hizo foco en su\">Dailymail hizo foco en su \u00faltimo deseo<\/p>\n\n\n\n<p><strong>The New York Times<\/strong>\u00a0informa acerca de los homenajes que tendr\u00e1n lugar en honor al argentino, y ofrece opiniones acerca del legado del \u201cpapa latinoamericano\u201d. Tambi\u00e9n publica el contraste con el pensamiento del presidente de los Estados Unidos Donald Trump, a partir de episodios que cobran valor hist\u00f3rico tras la muerte de Francisco.<\/p>\n\n\n\n<p><\/p>\n\n\n\n<p class=\"has-text-align-center\"><img decoding=\"async\" loading=\"lazy\" height=\"1900\" width=\"2663\" src=\"https:\/\/www.infobae.com\/resizer\/v2\/RT544OWREJG3NGMVINU6CJLHWI.jpg?auth=8a036fa5bce42b330cd816acd66f574b570297a20e96c70b9570e16b0d7f67f4&amp;smart=true&amp;width=350&amp;height=263&amp;quality=85\" alt=\"The New York Times realiz\u00f3\">The New York Times realiz\u00f3 una semblanza de Jorge Bergoglio tras su muerte<\/p>\n\n\n\n<p><\/p>\n\n\n\n<p class=\"has-text-align-center\"><strong>The Washington Post<\/strong>, en tanto, retrata c\u00f3mo fue el \u00faltimo d\u00eda del papa haciendo un repaso por las actividades que cumpli\u00f3 el sumo pont\u00edfice en el fin de semana en el que se celebraban las pascuas. Tambi\u00e9n plantea un an\u00e1lisis que explica porque las chances de que sea sucedido por un sacerdote estadounidense son nulas.<\/p>\n\n\n\n<p><\/p>\n\n\n\n<p class=\"has-text-align-center\"><img decoding=\"async\" loading=\"lazy\" height=\"1965\" width=\"2667\" src=\"https:\/\/www.infobae.com\/resizer\/v2\/YC7UNFB5I5EUXKSF4X4GJHVNLE.jpg?auth=ae544728df335d4c4834a7639c3ddac42efee784c32cf50bb63577e25c8079d5&amp;smart=true&amp;width=350&amp;height=263&amp;quality=85\" alt=\"La galer\u00eda de fotos en\">La galer\u00eda de fotos en The Washington Post<\/p>\n\n\n\n<p><\/p>\n\n\n\n<p>El diario franc\u00e9s\u00a0<strong>Le Monde<\/strong>, en tanto, refleja el paso y las condolencias de miles de fieles en la plaza del Vaticano. Ofrece un recuento con 10 frases memorables del papa argentino y ubica entre los contenidos destacados el pensamiento de Francisco sobre el ambiente y \u201cel cuidado de la casa propia\u201d.<\/p>\n\n\n\n<p><\/p>\n\n\n\n<p class=\"has-text-align-center\"><img decoding=\"async\" loading=\"lazy\" height=\"1179\" width=\"1299\" src=\"https:\/\/www.infobae.com\/resizer\/v2\/2FSPYBPPNZDP5HNBBNVDRWJ2AE.jpg?auth=d09bd1116ae21c4ee0022fb148e86676774ccc8d9f094a77f767aa227faac39a&amp;smart=true&amp;width=350&amp;height=350&amp;quality=85\" alt=\"Le Monde hizo foco en\">Le Monde hizo foco en la emoci\u00f3n de los fieles en la despedida de Francisco<\/p>\n\n\n\n<p><\/p>\n\n\n\n<p>\u201cCon profundo dolor tengo que anunciar que\u00a0<strong>el papa Francisco ha muerto a las 7:35 horas de hoy<\/strong>, el obispo de Roma ha vuelto a la casa del padre, su vida entera ha estado dedicada servicio del Se\u00f1or y de su Iglesia y nos ha ense\u00f1ado el valor del evangelio con fidelidad, valor y amor universal y en manera particular a favor de los m\u00e1s pobres y marginados\u201d, indic\u00f3 Farrel en el comienzo de la jornada dando cuenta de la noticia.<\/p>\n\n\n\n<p>Y contin\u00fao: \u201cCon inmensa gratitud por su ejemplo como disc\u00edpulo del Se\u00f1or Jes\u00fas&nbsp;<strong>recomendamos el alma del papa Francisco al infinito amor misericordioso de Dios<\/strong>\u201d.<\/p>\n\n\n\n<p>A partir de all\u00ed, el tema domin\u00f3 los encabezados de los medios en en todo el mundo.<\/p>\n\n\n\n<p><strong>Francisco<\/strong>, que hab\u00eda estado ausente en todos los ritos de la Semana Santa al seguir convaleciente tras su hospitalizaci\u00f3n,&nbsp;<strong>hab\u00eda aparecido este domingo en el balc\u00f3n de la logia central de la fachada de la bas\u00edlica de San Pedro para la bendici\u00f3n Urbi et Orbi<\/strong>.<\/p>\n\n\n\n<p>Despu\u00e9s recorri\u00f3 la&nbsp;<strong>plaza en papam\u00f3vil&nbsp;<\/strong>a pesar de sus condiciones de salud, en lo que ahora puede considerarse su&nbsp;<strong>\u00faltimo adi\u00f3s a los fieles<\/strong>.<\/p>\n","protected":false},"excerpt":{"rendered":"<p>Los principales sitios de noticias del planeta contin\u00faan encabezando sus portadas con el fallecimiento del pont\u00edfice, su historia y lo que indica el protocolo para las pr\u00f3ximas horas La muerte del\u00a0papa Francisco\u00a0permanece como tema principal en los medios m\u00e1s importantes del mundo. A las 7:35 horas (5:35 GMT) el cardenal\u00a0Kevin Joseph Farrel\u00a0anunci\u00f3 la noticia y [&hellip;]<\/p>\n","protected":false},"author":49,"featured_media":426144,"comment_status":"open","ping_status":"open","sticky":false,"template":"","format":"standard","meta":{"_stopmodifiedupdate":false,"_modified_date":"","inline_featured_image":false,"spay_email":"","jetpack_publicize_message":""},"categories":[2,6],"tags":[],"jetpack_featured_media_url":"https:\/\/notinor.com\/jujuy\/wp-content\/uploads\/2025\/04\/papa-francisco-medios.jpg","jetpack_publicize_connections":[],"_links":{"self":[{"href":"https:\/\/notinor.com\/jujuy\/wp-json\/wp\/v2\/posts\/426143"}],"collection":[{"href":"https:\/\/notinor.com\/jujuy\/wp-json\/wp\/v2\/posts"}],"about":[{"href":"https:\/\/notinor.com\/jujuy\/wp-json\/wp\/v2\/types\/post"}],"author":[{"embeddable":true,"href":"https:\/\/notinor.com\/jujuy\/wp-json\/wp\/v2\/users\/49"}],"replies":[{"embeddable":true,"href":"https:\/\/notinor.com\/jujuy\/wp-json\/wp\/v2\/comments?post=426143"}],"version-history":[{"count":1,"href":"https:\/\/notinor.com\/jujuy\/wp-json\/wp\/v2\/posts\/426143\/revisions"}],"predecessor-version":[{"id":426145,"href":"https:\/\/notinor.com\/jujuy\/wp-json\/wp\/v2\/posts\/426143\/revisions\/426145"}],"wp:featuredmedia":[{"embeddable":true,"href":"https:\/\/notinor.com\/jujuy\/wp-json\/wp\/v2\/media\/426144"}],"wp:attachment":[{"href":"https:\/\/notinor.com\/jujuy\/wp-json\/wp\/v2\/media?parent=426143"}],"wp:term":[{"taxonomy":"category","embeddable":true,"href":"https:\/\/notinor.com\/jujuy\/wp-json\/wp\/v2\/categories?post=426143"},{"taxonomy":"post_tag","embeddable":true,"href":"https:\/\/notinor.com\/jujuy\/wp-json\/wp\/v2\/tags?post=426143"}],"curies":[{"name":"wp","href":"https:\/\/api.w.org\/{rel}","templated":true}]}}