{"id":426140,"date":"2025-04-21T19:39:26","date_gmt":"2025-04-21T22:39:26","guid":{"rendered":"https:\/\/notinor.com\/jujuy\/?p=426140"},"modified":"2025-04-21T19:39:28","modified_gmt":"2025-04-21T22:39:28","slug":"el-vaticano-confirmo-que-el-papa-francisco-murio-tras-sufrir-un-derrame-cerebral","status":"publish","type":"post","link":"https:\/\/notinor.com\/jujuy\/el-vaticano-confirmo-que-el-papa-francisco-murio-tras-sufrir-un-derrame-cerebral\/","title":{"rendered":"El Vaticano confirm\u00f3 que el papa Francisco muri\u00f3 tras sufrir un derrame cerebral"},"content":{"rendered":"\n<p class=\"has-medium-font-size\"><strong><em>La Santa Sede detall\u00f3 que el pont\u00edfice argentino falleci\u00f3 \u201ca las 7.35 horas en su piso de la Domus Santa Marta\u201d.<\/em><\/strong><\/p>\n\n\n\n<p><\/p>\n\n\n<div class=\"wp-block-image\">\n<figure class=\"aligncenter size-full\"><img decoding=\"async\" loading=\"lazy\" width=\"800\" height=\"450\" src=\"https:\/\/notinor.com\/jujuy\/wp-content\/uploads\/2024\/09\/papa-francisco.jpg\" alt=\"\" class=\"wp-image-415605\" srcset=\"https:\/\/notinor.com\/jujuy\/wp-content\/uploads\/2024\/09\/papa-francisco.jpg 800w, https:\/\/notinor.com\/jujuy\/wp-content\/uploads\/2024\/09\/papa-francisco-649x365.jpg 649w, https:\/\/notinor.com\/jujuy\/wp-content\/uploads\/2024\/09\/papa-francisco-500x280.jpg 500w, https:\/\/notinor.com\/jujuy\/wp-content\/uploads\/2024\/09\/papa-francisco-768x432.jpg 768w, https:\/\/notinor.com\/jujuy\/wp-content\/uploads\/2024\/09\/papa-francisco-750x422.jpg 750w\" sizes=\"(max-width: 800px) 100vw, 800px\" \/><\/figure><\/div>\n\n\n<p><\/p>\n\n\n\n<p><strong>\u201cCertifico que Su Santidad Francisco (Jorge Mario Bergoglio) nacido en Buenos Aires (Argentina) el 17 de diciembre de 1936, residente en la Ciudad del Vaticano, Ciudadano del Vaticano, falleci\u00f3 a las 7.35 horas del d\u00eda 21\/04\/2025 en su piso de la Domus Santa Marta (Ciudad del Vaticano) de: un derrame cerebral, coma y colapso cardiovascular irreversible\u201d,<\/strong> dice el comunicado oficial.<\/p>\n\n\n\n<p>Seg\u00fan la Santa Sede, anteriormente, <strong>Francisco hab\u00eda sufrido \u201cun episodio previo de insuficiencia respiratoria aguda en neumon\u00eda multimicrobiana bilateral; bronquiectasias m\u00faltiples: hipertensi\u00f3n arterial; diabetes tipo II; la constataci\u00f3n de la muerte se realiz\u00f3 mediante registro electrocardioanat\u00f3mico\u201d.<\/strong><\/p>\n\n\n\n<p>\u201cDeclaro que, seg\u00fan mi leal saber y entender, las causas de la muerte son las arriba indicadas\u201d, conlcuye la misiva del Vaticano firmada por el Director de la Direcci\u00f3n de Sanidad e Higiene del Estado de la Ciudad del Vaticano, Andrea Arcangeli.<\/p>\n\n\n\n<p><strong>El l\u00edder cat\u00f3lico, de 88 a\u00f1os, falleci\u00f3 el lunes por la ma\u00f1ana, casi un mes despu\u00e9s de recibir el alta tras permanecer cinco semanas hospitalizado por una doble neumon\u00eda.<\/strong><\/p>\n\n\n\n<p>Por otro lado, el Vaticano inform\u00f3 que el Papa confirm\u00f3 en su testamento final que deseaba ser enterrado en la Bas\u00edlica de Santa Mar\u00eda la Mayor de Roma y \u201csin decoraci\u00f3n particular\u201d.<\/p>\n\n\n\n<p><strong>Muchos pont\u00edfices anteriores han sido enterrados en la bas\u00edlica de San Pedro del Vaticano.\u00a0Tambi\u00e9n pidi\u00f3 que su lugar de descanso llevara la inscripci\u00f3n de su nombre papal en lat\u00edn: Franciscus.<\/strong><\/p>\n\n\n\n<p><strong>\u201cSolicito que mi sepulcro sea preparado en el nicho de la nave lateral entre la Capilla Paulina (Capilla de la Salus Populi Romani) y la Capilla Sforza de la citada Bas\u00edlica Papal como se indica en el documento adjunto. El sepulcro debe estar en la tierra; sencillo, sin decoraci\u00f3n particular y con la \u00fanica inscripci\u00f3n: Franciscus\u201d,<\/strong> se lee en le testamento publicado hoy tras su muerte a los 88 a\u00f1os.<\/p>\n\n\n\n<p>El documento, que tiene fecha del 29 de junio de 2022, fue hecho p\u00fablico despu\u00e9s de ser trasladado a la capilla de su residencia en la Casa Santa Marta y se emiti\u00f3 tambi\u00e9n el parte de defunci\u00f3n. Francisco muri\u00f3 a las 07.35 horas (05.35 GMT) de este lunes a los 88 a\u00f1os por un ictus cerebral.<\/p>\n\n\n\n<p><strong>\u201cSintiendo que se acerca el fin de mi vida terrena y con viva esperanza en la Vida Eterna, deseo expresar mi voluntad s\u00f3lo respecto al lugar de mi sepultura. Siempre he confiado mi vida y mi ministerio sacerdotal y episcopal a la Madre de Nuestro Se\u00f1or, Mar\u00eda Sant\u00edsima. Por eso, pido que mis restos mortales descansen en espera del d\u00eda de la resurrecci\u00f3n en la Bas\u00edlica Papal de Santa Mar\u00eda la Mayor\u201d,<\/strong> se lee en el testamento.<\/p>\n\n\n\n<p><\/p>\n\n\n<div class=\"wp-block-image\">\n<figure class=\"aligncenter size-large is-resized\"><img decoding=\"async\" loading=\"lazy\" src=\"https:\/\/notinor.com\/jujuy\/wp-content\/uploads\/2025\/04\/testamento-papa-ffrancisco-480x480.jpg\" alt=\"\" class=\"wp-image-426141\" width=\"597\" height=\"597\" srcset=\"https:\/\/notinor.com\/jujuy\/wp-content\/uploads\/2025\/04\/testamento-papa-ffrancisco-480x480.jpg 480w, https:\/\/notinor.com\/jujuy\/wp-content\/uploads\/2025\/04\/testamento-papa-ffrancisco-365x365.jpg 365w, https:\/\/notinor.com\/jujuy\/wp-content\/uploads\/2025\/04\/testamento-papa-ffrancisco-75x75.jpg 75w, https:\/\/notinor.com\/jujuy\/wp-content\/uploads\/2025\/04\/testamento-papa-ffrancisco.jpg 600w\" sizes=\"(max-width: 597px) 100vw, 597px\" \/><\/figure><\/div>\n\n\n<p><\/p>\n\n\n\n<p>Y a\u00f1ade: <strong>\u201cDeseo que mi \u00faltimo viaje terrenal concluya precisamente en este antiguo santuario mariano donde fui a orar al inicio y al final de cada viaje apost\u00f3lico para manifestar con confianza mis intenciones a la Madre Inmaculada y agradecerle su cuidado d\u00f3cil y maternal\u201d.<\/strong><\/p>\n\n\n\n<p>El papa indica adem\u00e1s que los gastos para la preparaci\u00f3n de mi entierro ser\u00e1n cubiertos por la suma del benefactor que ha dispuesto y que ser\u00e1 \u201centregada a Santa Mar\u00eda la Mayor y de la cual he dado instrucciones oportunas a monse\u00f1or Rolandas Makrickas, comisionado extraordinario del Cap\u00edtulo Liberiano\u201d.<\/p>\n\n\n\n<p><strong>Francisco concluye sus voluntades pidiendo: \u201cQue el Se\u00f1or conceda la recompensa merecida a quienes me han amado y continuar\u00e1n orando por m\u00ed.\u201d.<\/strong><\/p>\n\n\n\n<p><strong>\u201cOfrec\u00ed al Se\u00f1or el sufrimiento que se hizo presente en la \u00faltima parte de mi vida por la paz en el mundo y la fraternidad entre los pueblos\u201d,<\/strong> termina el testamento.<\/p>\n","protected":false},"excerpt":{"rendered":"<p>La Santa Sede detall\u00f3 que el pont\u00edfice argentino falleci\u00f3 \u201ca las 7.35 horas en su piso de la Domus Santa Marta\u201d. \u201cCertifico que Su Santidad Francisco (Jorge Mario Bergoglio) nacido en Buenos Aires (Argentina) el 17 de diciembre de 1936, residente en la Ciudad del Vaticano, Ciudadano del Vaticano, falleci\u00f3 a las 7.35 horas del [&hellip;]<\/p>\n","protected":false},"author":49,"featured_media":415605,"comment_status":"open","ping_status":"open","sticky":false,"template":"","format":"standard","meta":{"_stopmodifiedupdate":false,"_modified_date":"","inline_featured_image":false,"spay_email":"","jetpack_publicize_message":""},"categories":[2,6],"tags":[],"jetpack_featured_media_url":"https:\/\/notinor.com\/jujuy\/wp-content\/uploads\/2024\/09\/papa-francisco.jpg","jetpack_publicize_connections":[],"_links":{"self":[{"href":"https:\/\/notinor.com\/jujuy\/wp-json\/wp\/v2\/posts\/426140"}],"collection":[{"href":"https:\/\/notinor.com\/jujuy\/wp-json\/wp\/v2\/posts"}],"about":[{"href":"https:\/\/notinor.com\/jujuy\/wp-json\/wp\/v2\/types\/post"}],"author":[{"embeddable":true,"href":"https:\/\/notinor.com\/jujuy\/wp-json\/wp\/v2\/users\/49"}],"replies":[{"embeddable":true,"href":"https:\/\/notinor.com\/jujuy\/wp-json\/wp\/v2\/comments?post=426140"}],"version-history":[{"count":1,"href":"https:\/\/notinor.com\/jujuy\/wp-json\/wp\/v2\/posts\/426140\/revisions"}],"predecessor-version":[{"id":426142,"href":"https:\/\/notinor.com\/jujuy\/wp-json\/wp\/v2\/posts\/426140\/revisions\/426142"}],"wp:featuredmedia":[{"embeddable":true,"href":"https:\/\/notinor.com\/jujuy\/wp-json\/wp\/v2\/media\/415605"}],"wp:attachment":[{"href":"https:\/\/notinor.com\/jujuy\/wp-json\/wp\/v2\/media?parent=426140"}],"wp:term":[{"taxonomy":"category","embeddable":true,"href":"https:\/\/notinor.com\/jujuy\/wp-json\/wp\/v2\/categories?post=426140"},{"taxonomy":"post_tag","embeddable":true,"href":"https:\/\/notinor.com\/jujuy\/wp-json\/wp\/v2\/tags?post=426140"}],"curies":[{"name":"wp","href":"https:\/\/api.w.org\/{rel}","templated":true}]}}