{"id":426134,"date":"2025-04-21T12:52:47","date_gmt":"2025-04-21T15:52:47","guid":{"rendered":"https:\/\/notinor.com\/jujuy\/?p=426134"},"modified":"2025-04-21T12:52:48","modified_gmt":"2025-04-21T15:52:48","slug":"por-la-muerte-del-papa-francisco-suspenden-los-partidos-de-futbol-previstos-para-hoy-en-todas-las-divisiones","status":"publish","type":"post","link":"https:\/\/notinor.com\/jujuy\/por-la-muerte-del-papa-francisco-suspenden-los-partidos-de-futbol-previstos-para-hoy-en-todas-las-divisiones\/","title":{"rendered":"Por la muerte del papa Francisco, suspenden los partidos de f\u00fatbol previstos para hoy en todas las divisiones"},"content":{"rendered":"\n<p class=\"has-medium-font-size\"><strong><em>Los encuentros entre Tigre-Belgrano, Argentinos-Barracas e Independiente Rivadavia- Aldosivi ser\u00e1n reprogramados para ma\u00f1ana a la misma hora.<\/em><\/strong><\/p>\n\n\n<div class=\"wp-block-image\">\n<figure class=\"aligncenter\"><img decoding=\"async\" src=\"https:\/\/tn.com.ar\/resizer\/v2\/por-la-muerte-del-papa-la-afa-suspendio-los-partidos-de-todas-las-categorias-foto-ap-3TIDTJPBTVE2NFZAJ3JRCTBQC4.jpg?auth=4c51d881162f26a816365825fa90448a9401f2f8b209b404d0d0a79234367ba7&amp;width=767\" alt=\"Por la muerte del Papa, la AFA suspendi\u00f3 los partidos de todas las categor\u00edas. (Foto: AP)\"\/><figcaption class=\"wp-element-caption\">Por la muerte del Papa, la AFA suspendi\u00f3 los partidos de todas las categor\u00edas<\/figcaption><\/figure><\/div>\n\n\n<p>Seg\u00fan confirmaron a\u00a0<strong>TN<\/strong>, la Asociaci\u00f3n del F\u00fatbol Argentino (AFA) suspendi\u00f3 todos los partidos programados para este lunes debido a la muerte del<strong> Papa Francisco<\/strong>.<\/p>\n\n\n\n<p>Como parte del luto decretado, los encuentros entre<strong>&nbsp;Tigre-Belgrano, Argentinos Juniors-Barracas Central e Independiente Rivadavia-Aldosivi<\/strong>&nbsp;ser\u00e1n reprogramados para este martes, manteniendo los mismos horarios originalmente estipulados.<\/p>\n\n\n\n<p>Adem\u00e1s, se postergaron dos partidos de la Primera Nacional:&nbsp;<strong>Defensores de Belgrano vs. Temperley y Ferro vs. Atlanta<\/strong>; uno de la Primera B&nbsp;<strong>(Sacachispas vs. Acassuso<\/strong>); y tres de la Primera C:<strong>&nbsp;Centro Espa\u00f1ol vs. Luj\u00e1n, Sportivo Barracas vs. Victoriano Arenas, y Central Ballester vs. Deportivo Paraguayo<\/strong>.<\/p>\n\n\n<div class=\"wp-block-image\">\n<figure class=\"aligncenter\"><img decoding=\"async\" src=\"https:\/\/tn.com.ar\/resizer\/v2\/por-la-muerte-del-papa-francisco-suspenden-los-partidos-de-futbol-previstos-para-hoy-en-todas-las-divisiones-foto-afa-2S6OUBPYWZERFPFVW62AC6GXVU.jpg?auth=8b5db1ede1839d27a9d6977c7abf02701da1b08b1273ac220a3b99a0ff8a0da0&amp;width=767\" alt=\"Por la muerte del papa Francisco, suspenden los partidos de f\u00fatbol previstos para hoy en todas las divisiones. (Foto: AFA)\"\/><figcaption class=\"wp-element-caption\">Por la muerte del papa Francisco, suspenden los partidos de f\u00fatbol previstos para hoy en todas las divisiones<\/figcaption><\/figure><\/div>\n\n\n<p><strong>La reprogramaci\u00f3n de todos los partidos por la muerte del Papa Francisco<\/strong><\/p>\n\n\n\n<p><strong>Martes 22 de abril<\/strong><\/p>\n\n\n\n<p>19:00 - Tigre vs. Belgrano<\/p>\n\n\n\n<p>19:00 (estaba programado a las 21:15) - Argentinos vs. Barracas Central<\/p>\n\n\n\n<p>21:15 - Independiente Rivadavia vs. Aldosivi<\/p>\n\n\n\n<p><strong>Primera Nacional<\/strong><\/p>\n\n\n\n<p>17:10 - Defensores de Belgrano vs. Temperley<\/p>\n\n\n\n<p>21:10 Ferro vs. Atlanta<\/p>\n\n\n\n<p><strong>Primera B<\/strong><\/p>\n\n\n\n<p>15:30 Sacachispas vs. Acassuso<\/p>\n\n\n\n<p><strong>Primera C:<\/strong><\/p>\n\n\n\n<p>15:30 Centro Espa\u00f1ol vs. Lujan<\/p>\n\n\n\n<p>15:30 Sportivo Barracas vs. Victoriano Arenas<\/p>\n\n\n\n<p><strong>El mensaje de la AFA en redes tras la muerte del Papa Francisco<\/strong><\/p>\n\n\n\n<p>\u201c<strong>La AFA, en nombre del Presidente Claudio Tapia y del Comit\u00e9 Ejecutivo, expresa su m\u00e1s sentido dolor por el fallecimiento del Papa Francisco, Jorge Mario Bergoglio, quien en 2013 se convirti\u00f3 en el primer argentino en liderar la Iglesia Cat\u00f3lica<\/strong>\u201d, escribi\u00f3 la cuenta la casa madre del f\u00fatbol argentino en sus redes sociales.<\/p>\n\n\n\n<figure class=\"wp-block-image\"><img decoding=\"async\" src=\"https:\/\/tn.com.ar\/resizer\/v2\/el-mensaje-de-la-afa-en-redes-al-papa-francisco-foto-afatwitter-Q4OP4NOHSBG2HKYOG6CLL7YSUI.JPG?auth=0487b406ea49d49102d4f4ce2bfa8df309ae23cc9006183d8580a022ffc04ba6&amp;width=767\" alt=\"El mensaje de la AFA en redes al Papa Francisco. (Foto: @afa\/Twitter)\"\/><figcaption class=\"wp-element-caption\">El mensaje de la AFA en redes al Papa Francisco. (Foto: @afa\/Twitter)<\/figcaption><\/figure>\n","protected":false},"excerpt":{"rendered":"<p>Los encuentros entre Tigre-Belgrano, Argentinos-Barracas e Independiente Rivadavia- Aldosivi ser\u00e1n reprogramados para ma\u00f1ana a la misma hora. Seg\u00fan confirmaron a\u00a0TN, la Asociaci\u00f3n del F\u00fatbol Argentino (AFA) suspendi\u00f3 todos los partidos programados para este lunes debido a la muerte del Papa Francisco. Como parte del luto decretado, los encuentros entre&nbsp;Tigre-Belgrano, Argentinos Juniors-Barracas Central e Independiente Rivadavia-Aldosivi&nbsp;ser\u00e1n [&hellip;]<\/p>\n","protected":false},"author":5,"featured_media":426135,"comment_status":"open","ping_status":"open","sticky":false,"template":"","format":"standard","meta":{"_stopmodifiedupdate":false,"_modified_date":"","inline_featured_image":false,"spay_email":"","jetpack_publicize_message":""},"categories":[2],"tags":[],"jetpack_featured_media_url":"https:\/\/notinor.com\/jujuy\/wp-content\/uploads\/2025\/04\/DEPORTES.jpg","jetpack_publicize_connections":[],"_links":{"self":[{"href":"https:\/\/notinor.com\/jujuy\/wp-json\/wp\/v2\/posts\/426134"}],"collection":[{"href":"https:\/\/notinor.com\/jujuy\/wp-json\/wp\/v2\/posts"}],"about":[{"href":"https:\/\/notinor.com\/jujuy\/wp-json\/wp\/v2\/types\/post"}],"author":[{"embeddable":true,"href":"https:\/\/notinor.com\/jujuy\/wp-json\/wp\/v2\/users\/5"}],"replies":[{"embeddable":true,"href":"https:\/\/notinor.com\/jujuy\/wp-json\/wp\/v2\/comments?post=426134"}],"version-history":[{"count":1,"href":"https:\/\/notinor.com\/jujuy\/wp-json\/wp\/v2\/posts\/426134\/revisions"}],"predecessor-version":[{"id":426136,"href":"https:\/\/notinor.com\/jujuy\/wp-json\/wp\/v2\/posts\/426134\/revisions\/426136"}],"wp:featuredmedia":[{"embeddable":true,"href":"https:\/\/notinor.com\/jujuy\/wp-json\/wp\/v2\/media\/426135"}],"wp:attachment":[{"href":"https:\/\/notinor.com\/jujuy\/wp-json\/wp\/v2\/media?parent=426134"}],"wp:term":[{"taxonomy":"category","embeddable":true,"href":"https:\/\/notinor.com\/jujuy\/wp-json\/wp\/v2\/categories?post=426134"},{"taxonomy":"post_tag","embeddable":true,"href":"https:\/\/notinor.com\/jujuy\/wp-json\/wp\/v2\/tags?post=426134"}],"curies":[{"name":"wp","href":"https:\/\/api.w.org\/{rel}","templated":true}]}}