{"id":426131,"date":"2025-04-21T12:42:33","date_gmt":"2025-04-21T15:42:33","guid":{"rendered":"https:\/\/notinor.com\/jujuy\/?p=426131"},"modified":"2025-04-21T12:42:35","modified_gmt":"2025-04-21T15:42:35","slug":"como-es-el-protocolo-para-suceder-al-papa-francisco-y-quienes-son-los-candidatos-para-el-conclave","status":"publish","type":"post","link":"https:\/\/notinor.com\/jujuy\/como-es-el-protocolo-para-suceder-al-papa-francisco-y-quienes-son-los-candidatos-para-el-conclave\/","title":{"rendered":"C\u00f3mo es el protocolo para suceder al papa Francisco y qui\u00e9nes son los candidatos para el c\u00f3nclave"},"content":{"rendered":"\n<p class=\"has-medium-font-size\"><strong><em>El colegio cardenalicio es hoy el m\u00e1s universal de la historia de la Iglesia Cat\u00f3lica. Matteo Zuppi, el gran favorito<\/em><\/strong>.<\/p>\n\n\n<div class=\"wp-block-image\">\n<figure class=\"aligncenter\"><img decoding=\"async\" src=\"https:\/\/tn.com.ar\/resizer\/v2\/los-cardenales-son-los-encargados-de-designar-a-los-papas-KCYIOYXGVJBIDPM6I7CSECVVSA.jpg?auth=c41d97fe916c9ba7df66ecc52e015ceee2cd42b90329921748d65b8e9adb7737&amp;width=767\" alt=\"Los cardenales son los encargados de designar a los papas,\"\/><figcaption class=\"wp-element-caption\">Los cardenales son los encargados de designar a los papas,<\/figcaption><\/figure><\/div>\n\n\n<p>La grieta en el Vaticano divide a los cardenales entre&nbsp;<strong>progresistas, moderados y conservadores.<\/strong>&nbsp;All\u00ed, entre los viejos muros de esta Ciudad Estado enclavada en el coraz\u00f3n de Roma, las internas e intrigas de palacio son tan comunes como las que impactan en cualquier pa\u00eds en \u00e9pocas de elecciones.<\/p>\n\n\n\n<p>La Santa Sede tambi\u00e9n elige a su autoridad m\u00e1xima, en este caso al jefe de la Iglesia Cat\u00f3lica. El futuro&nbsp;<strong>c\u00f3nclave&nbsp;<\/strong>convocado para elegir al nuevo papa tendr\u00e1 la crucial misi\u00f3n de decidir el rumbo de la Iglesia tras el pontificado de Francisco.<\/p>\n\n\n\n<p>Durante los \u00faltimos 12 a\u00f1os,&nbsp;<strong>Jorge Bergoglio<\/strong>&nbsp;se encarg\u00f3 de<strong>&nbsp;renovar la mayor\u00eda del cuerpo de cardenales<\/strong>. No solo prioriz\u00f3 a purpurados m\u00e1s cercanos a su pensamiento, tambi\u00e9n universaliz\u00f3 el colegio cardenalicio. Hoy hay&nbsp;<strong>representantes de todos los continentes,<\/strong>&nbsp;de las periferias m\u00e1s lejanas y marginadas.<\/p>\n\n\n\n<p>Pero esa visi\u00f3n progresista y universal, no garantiza la continuidad de su impronta. \u201cPueden salir compromisos, nuevos escenarios. Va a haber una ofensiva conservadora. La hubo, la hay y la seguir\u00e1 habiendo. Adem\u00e1s, las Iglesias m\u00e1s perif\u00e9ricas suelen ser m\u00e1s conservadoras porque son m\u00e1s nuevas y se aferran a las tradiciones\u201d, dijo a<strong>&nbsp;TN&nbsp;<\/strong>la periodista italiana&nbsp;<strong>Francesca Ambrogetti<\/strong>, coautora de los libros<em>&nbsp;El Jesuita&nbsp;<\/em>y&nbsp;<em>El Pastor,<\/em>&nbsp;sobre la vida y el pensamiento de Bergoglio.<\/p>\n\n\n\n<p><strong>Qui\u00e9nes son los principales candidatos a suceder a Francisco<\/strong><\/p>\n\n\n\n<p>El papa del fin del mundo le cambi\u00f3 la cara a la Iglesia. Hoy, los fieles se preguntan si un italiano volver\u00e1 a adue\u00f1arse de la silla de Pedro.<\/p>\n\n\n\n<p>Si bien Bergoglio era hijo de inmigrantes italianos, el \u00faltimo papa nacido en Italia fue Albino Luciani (Juan Pablo I), fallecido en 1978. Despu\u00e9s, vinieron dos largos pontificados de Juan Pablo II (polaco) y Benedicto XVI (alem\u00e1n), que renunci\u00f3 en 2013 y posibilit\u00f3 la asunci\u00f3n de Francisco.<\/p>\n\n\n<div class=\"wp-block-image\">\n<figure class=\"aligncenter\"><img decoding=\"async\" src=\"https:\/\/tn.com.ar\/resizer\/v2\/el-cardenal-italiano-matteo-zuppi-esta-entre-los-grandes-favoritos-para-suceder-a-francisco-foto-de-archivo-reutersgugliemo-mangiapane-NIZT7NJOOFEQU3PULXXZQYLR4E.jpg?auth=e185f09276d3f1e8ee22b993ea042c17ba802954e0e603fca576080b91572d41&amp;width=767\" alt=\"El cardenal italiano Matteo Zuppi est\u00e1 entre los grandes favoritos para suceder a Francisco (Foto de archivo: Reuters\/Gugliemo Mangiapane)\"\/><figcaption class=\"wp-element-caption\">El cardenal italiano Matteo Zuppi est\u00e1 entre los grandes favoritos para suceder a Francisco <\/figcaption><\/figure><\/div>\n\n\n<p>\u201cLos contendientes son fuertes, pero no son muchos. En este caso, apostar\u00eda por un italiano cercano al pensamiento de Francisco, como el presidente de la Conferencia Episcopal italiana,&nbsp;<strong>Matteo Zuppi<\/strong>, \u201cil prete della strada\u201d (el cura de la calle)\u201d, dijo Ambrogetti.<\/p>\n\n\n\n<p>Pero todo puede suceder en una negociaci\u00f3n intramuros.<\/p>\n\n\n\n<p><strong>Qui\u00e9nes son los principales candidatos<\/strong><\/p>\n\n\n\n<p>Solo los cardenales menores de 80 a\u00f1os pueden participar en la elecci\u00f3n del nuevo papa, que necesitar\u00e1 el respaldo de 2\/3 del colegio cardenalicio para ser ungido como el nuevo jefe de la Iglesia Cat\u00f3lica.<\/p>\n\n\n\n<p>Los nombres que se barajan como posibles sucesores son solo un pu\u00f1ado. Entre ellos se destacan:<\/p>\n\n\n\n<ul>\n<li><strong>Matteo Zuppi<\/strong>. Es relativamente joven para los par\u00e1metros que se manejan para los nuevos papas. Tiene 69 a\u00f1os. Es arzobispo de Bolonia y titular de la Conferencia Episcopal italiana. Se lo considera cercano a Francisco y a la Comunidad Sant\u2019Egidio, conocida por su&nbsp;<strong>compromiso por los m\u00e1s pobres<\/strong>. Es el cardenal apuntado por el&nbsp;<strong>progresismo&nbsp;<\/strong>para suceder a Bergoglio.<\/li>\n\n\n\n<li><strong>Luis Antonio Tagle<\/strong>. Es a\u00fan m\u00e1s joven que Zuppi. Tiene 67 a\u00f1os. Oriundo de Filipinas, tambi\u00e9n integra el grupo&nbsp;<strong>progresista&nbsp;<\/strong>de la Iglesia. Fue arzobispo de Manila. En 2019 fue designado prefecto de la Congregaci\u00f3n para la Evangelizaci\u00f3n de los Pueblos. Tiene un enfoque pastoral basado en&nbsp;<strong>la misericordia, la inclusi\u00f3n y la justicia social.<\/strong><\/li>\n<\/ul>\n\n\n\n<figure class=\"wp-block-image aligncenter\"><img decoding=\"async\" src=\"https:\/\/tn.com.ar\/resizer\/v2\/el-cardenal-luis-antonio-tagle-se-saca-una-selfie-durante-el-viaje-de-francisco-a-indonesia-en-septiembre-de-2024-foto-reuters-MEVMF6M7Z3K4O7GCGSLNF3QKCA.jpg?auth=daefd6f2f2ffe48b826d3920c7779c623af08c453ff85a8b1a77588ba312f9a0&amp;width=767\" alt=\"El cardenal Luis Antonio Tagle se saca una selfie durante el viaje de Francisco a Indonesia en septiembre de 2024 (Foto: Reuters)\n\"\/><figcaption class=\"wp-element-caption\">El cardenal Luis Antonio Tagle se saca una selfie durante el viaje de Francisco a Indonesia en septiembre de 2024 <\/figcaption><\/figure>\n\n\n\n<ul>\n<li><strong>Pietro Parolin<\/strong>. A los 70 a\u00f1os, es uno de los rostros m\u00e1s reconocidos del Vaticano en su condici\u00f3n de secretario de Estado, una especie de canciller. Se lo considera la figura m\u00e1s influyente de la Curia. Si bien es muy cercano a Bergoglio, se lo posiciona como un cardenal&nbsp;<strong>moderado&nbsp;<\/strong>por su diplomacia y pragmatismo.<\/li>\n\n\n\n<li><strong>Raymond Leo Burke<\/strong>. Con 76 a\u00f1os, es uno de los grandes&nbsp;<strong>\u201cenemigos\u201d de Francisco.<\/strong>&nbsp;Es el representante de la l\u00ednea&nbsp;<strong>ultraconservadora&nbsp;<\/strong>de la Iglesia. Fue un duro cr\u00edtico sobre la apertura del Vaticano a los homosexuales. Es se\u00f1alado como uno de los cardenales que m\u00e1s conspir\u00f3 contra Bergoglio durante su pontificado.<\/li>\n<\/ul>\n\n\n<div class=\"wp-block-image\">\n<figure class=\"aligncenter\"><img decoding=\"async\" src=\"https:\/\/tn.com.ar\/resizer\/v2\/el-cardenal-conservador-raymond-leo-burke-foto-reuters-EXU2OZY5NYI2WR2TFRWLLPUBWU.jpg?auth=c91b1f47ae6bcf168b915db877d1459111cbd7efa11ac7a9edb33a1b4d718615&amp;width=767\" alt=\"El cardenal conservador Raymond Leo Burke (Foto: Reuters)\"\/><figcaption class=\"wp-element-caption\">El cardenal conservador Raymond Leo Burke <\/figcaption><\/figure><\/div>\n\n\n<ul>\n<li><strong>Willem Eijk<\/strong>. El cardenal neerland\u00e9s, arzobispo de Utrecht, tiene 71 a\u00f1os. Es uno de los candidatos&nbsp;<strong>conservadores<\/strong>. Estuvo en desacuerdo con muchas de las decisiones de Francisco en los \u00faltimos a\u00f1os, en especial con la&nbsp;<strong>comuni\u00f3n para los divorciados vueltos a casar.<\/strong>&nbsp;Se lo relaciona con la l\u00ednea conservadora heredera del fallecido Benedicto XVI.<\/li>\n\n\n\n<li><strong>Peter Turkson<\/strong>. Su nombre completo esPeter Kodwo Appiah Turkson. Tiene 76 a\u00f1os. De ser elegido&nbsp;<strong>se convertir\u00eda en el primer papa africano<\/strong>. Se lo se\u00f1ala por su perfil&nbsp;<strong>progresista&nbsp;<\/strong>y su liderazgo en asuntos globales. Es cercano al progresismo. Hasta 2021, estuvo encargado del Dicasterio para el Servicio del Desarrollo Humano Integral.<\/li>\n<\/ul>\n\n\n\n<figure class=\"wp-block-image aligncenter\"><img decoding=\"async\" src=\"https:\/\/tn.com.ar\/resizer\/v2\/el-cardenal-peter-turkson-es-uno-de-los-favoritos-para-suceder-a-francisco-foto-reuters-7T6ND3TNFX6E7SYFBIFMSDXFTM.jpg?auth=3dd10603110ce0257fdebe12b7a66eb5d3b8d48ea30ca112ee71531416496d3d&amp;width=767\" alt=\"El cardenal Peter Turkson es uno de los favoritos para suceder a Francisco (Foto: Reuters)\n\"\/><figcaption class=\"wp-element-caption\">El cardenal Peter Turkson es uno de los favoritos para suceder a Francisco<\/figcaption><\/figure>\n\n\n\n<ul>\n<li><strong>Peter Erdo<\/strong>. El cardenal h\u00fangaro tiene 71 a\u00f1os y representa al ala&nbsp;<strong>conservadora&nbsp;<\/strong>de la Iglesia. Se lo conoce por su capacidad de di\u00e1logo. De hecho, en los \u00faltimos a\u00f1os logr\u00f3 un acercamiento entre Francisco y el ultraderechista presidente h\u00fangaro, Viktor Orban.<\/li>\n<\/ul>\n","protected":false},"excerpt":{"rendered":"<p>El colegio cardenalicio es hoy el m\u00e1s universal de la historia de la Iglesia Cat\u00f3lica. Matteo Zuppi, el gran favorito. La grieta en el Vaticano divide a los cardenales entre&nbsp;progresistas, moderados y conservadores.&nbsp;All\u00ed, entre los viejos muros de esta Ciudad Estado enclavada en el coraz\u00f3n de Roma, las internas e intrigas de palacio son tan [&hellip;]<\/p>\n","protected":false},"author":5,"featured_media":426132,"comment_status":"open","ping_status":"open","sticky":false,"template":"","format":"standard","meta":{"_stopmodifiedupdate":false,"_modified_date":"","inline_featured_image":false,"spay_email":"","jetpack_publicize_message":""},"categories":[6],"tags":[],"jetpack_featured_media_url":"https:\/\/notinor.com\/jujuy\/wp-content\/uploads\/2025\/04\/CARDENALES.jpg","jetpack_publicize_connections":[],"_links":{"self":[{"href":"https:\/\/notinor.com\/jujuy\/wp-json\/wp\/v2\/posts\/426131"}],"collection":[{"href":"https:\/\/notinor.com\/jujuy\/wp-json\/wp\/v2\/posts"}],"about":[{"href":"https:\/\/notinor.com\/jujuy\/wp-json\/wp\/v2\/types\/post"}],"author":[{"embeddable":true,"href":"https:\/\/notinor.com\/jujuy\/wp-json\/wp\/v2\/users\/5"}],"replies":[{"embeddable":true,"href":"https:\/\/notinor.com\/jujuy\/wp-json\/wp\/v2\/comments?post=426131"}],"version-history":[{"count":1,"href":"https:\/\/notinor.com\/jujuy\/wp-json\/wp\/v2\/posts\/426131\/revisions"}],"predecessor-version":[{"id":426133,"href":"https:\/\/notinor.com\/jujuy\/wp-json\/wp\/v2\/posts\/426131\/revisions\/426133"}],"wp:featuredmedia":[{"embeddable":true,"href":"https:\/\/notinor.com\/jujuy\/wp-json\/wp\/v2\/media\/426132"}],"wp:attachment":[{"href":"https:\/\/notinor.com\/jujuy\/wp-json\/wp\/v2\/media?parent=426131"}],"wp:term":[{"taxonomy":"category","embeddable":true,"href":"https:\/\/notinor.com\/jujuy\/wp-json\/wp\/v2\/categories?post=426131"},{"taxonomy":"post_tag","embeddable":true,"href":"https:\/\/notinor.com\/jujuy\/wp-json\/wp\/v2\/tags?post=426131"}],"curies":[{"name":"wp","href":"https:\/\/api.w.org\/{rel}","templated":true}]}}