{"id":426101,"date":"2025-04-21T11:29:23","date_gmt":"2025-04-21T14:29:23","guid":{"rendered":"https:\/\/notinor.com\/jujuy\/?p=426101"},"modified":"2025-04-21T11:29:25","modified_gmt":"2025-04-21T14:29:25","slug":"asi-fue-la-ultima-aparicion-publica-del-papa-francisco-en-la-misa-de-pascuas","status":"publish","type":"post","link":"https:\/\/notinor.com\/jujuy\/asi-fue-la-ultima-aparicion-publica-del-papa-francisco-en-la-misa-de-pascuas\/","title":{"rendered":"As\u00ed fue la \u00faltima aparici\u00f3n p\u00fablica del papa Francisco en la misa de Pascuas"},"content":{"rendered":"\n<p class=\"has-medium-font-size\"><strong><em>El sumo pont\u00edfice sigui\u00f3 la celebraci\u00f3n en el balc\u00f3n de la bas\u00edlica de San Pedro, desde donde ofreci\u00f3 la tradicional bendici\u00f3n \u201cUrbi et Orbi\u201dminute, 39 secondsVolume 100%El sumo pont\u00edfice particip\u00f3 de la misa de Pascuas<\/em><\/strong>.<\/p>\n\n\n<div class=\"wp-block-image\">\n<figure class=\"aligncenter size-large\"><img decoding=\"async\" loading=\"lazy\" width=\"840\" height=\"423\" src=\"https:\/\/notinor.com\/jujuy\/wp-content\/uploads\/2025\/04\/papa-1-840x423.jpg\" alt=\"\" class=\"wp-image-426103\" srcset=\"https:\/\/notinor.com\/jujuy\/wp-content\/uploads\/2025\/04\/papa-1-840x423.jpg 840w, https:\/\/notinor.com\/jujuy\/wp-content\/uploads\/2025\/04\/papa-1-660x332.jpg 660w, https:\/\/notinor.com\/jujuy\/wp-content\/uploads\/2025\/04\/papa-1-768x387.jpg 768w, https:\/\/notinor.com\/jujuy\/wp-content\/uploads\/2025\/04\/papa-1-360x180.jpg 360w, https:\/\/notinor.com\/jujuy\/wp-content\/uploads\/2025\/04\/papa-1-750x378.jpg 750w, https:\/\/notinor.com\/jujuy\/wp-content\/uploads\/2025\/04\/papa-1.jpg 987w\" sizes=\"(max-width: 840px) 100vw, 840px\" \/><figcaption class=\"wp-element-caption\">l sumo pont\u00edfice particip\u00f3 de la misa de Pascuas<\/figcaption><\/figure><\/div>\n\n\n<p>El<a rel=\"noreferrer noopener\" href=\"https:\/\/www.infobae.com\/america\/mundo\/2025\/04\/21\/murio-el-papa-francisco-lider-espiritual-y-politico-del-siglo-xxi\/\" target=\"_blank\">\u00a0<\/a><strong>papa Francisco<\/strong> muri\u00f3 esta ma\u00f1ana a las 7:35 horas de\u00a0<strong>Roma<\/strong>, seg\u00fan inform\u00f3 el\u00a0<strong>Vaticano<\/strong>. Su \u00faltima aparici\u00f3n p\u00fablica hab\u00eda sido tan solo poco tiempo antes, cuando particip\u00f3 de la\u00a0<strong>misa de Pascuas<\/strong>\u00a0desde el balc\u00f3n de la<strong>\u00a0bas\u00edlica de San Pedro<\/strong>.<\/p>\n\n\n\n<p>En silla de ruedas y sin las c\u00e1nulas nasales para el ox\u00edgeno,&nbsp;<strong>Jorge Bergoglio<\/strong>&nbsp;realiz\u00f3 la tradicional bendici\u00f3n \u201c<strong>Urbi et Orbi<\/strong>\u201d, donde hizo un contundente llamamiento por la libertad religiosa como condici\u00f3n indispensable para la paz en el mundo.<\/p>\n\n\n\n<p>\u201c<strong>No puede haber paz sin libertad de religi\u00f3n, libertad de pensamiento, libertad de expresi\u00f3n y respeto por las opiniones de los dem\u00e1s<\/strong>\u201d, afirm\u00f3 el sumo pont\u00edfice. La declaraci\u00f3n fue realizada ante unos 35.000 fieles congregados en la plaza.<\/p>\n\n\n\n<p>En ese sentido, hizo \u201cun llamamiento a cuantos tienen responsabilidades pol\u00edticas a no ceder a la l\u00f3gica del miedo que a\u00edsla, sino a usar los recursos disponibles para ayudar a los necesitados, combatir el hambre y promover iniciativas que impulsen el desarrollo\u201d.<\/p>\n\n\n\n<p>\u201c<strong>Estas son las \u2018armas\u2019 de la paz: las que construyen el futuro, en lugar de sembrar muerte<\/strong>\u201d, subray\u00f3.<\/p>\n\n\n\n<p>En su mensaje pascual, llamamiento a todas las partes involucradas en el conflicto de Gaza. \u201cQue cese el fuego, que se liberen los rehenes y se preste ayuda a la gente que tiene hambre y que aspira a un futuro de paz\u201d, pidi\u00f3 el pont\u00edfice.<\/p>\n\n\n\n<p>Francisco pas\u00f3 38 d\u00edas hospitalizado por una&nbsp;<strong>neumon\u00eda bilateral<\/strong>. Hab\u00eda recibido el alta el 23 de marzo, por lo que se mantuvo ausente en la mayor\u00eda de las celebraciones por la Semana Santa.<\/p>\n\n\n\n<p>Por esto mismo, la misa del Domingo de Resurrecci\u00f3n fue oficiada previamente por el cardenal Angelo Comastri. Por su parte, el Papa se limit\u00f3 a desear una: \u201c<strong>Buena Pascua<\/strong>\u201d para todos los fieles.<a href=\"http:\/\/bajalibros.com\/?externalId=9789877993585\" rel=\"noreferrer noopener\" target=\"_blank\"><\/a><\/p>\n\n\n\n<p>De igual forma, su estado de salud no le impidi\u00f3 participar de todas las celebraciones. D\u00edas antes, Bergoglio visit\u00f3 la c\u00e1rcel de&nbsp;<strong>Regina Coeli<\/strong>, tradici\u00f3n que adopt\u00f3 desde 2013 para las ceremonias del&nbsp;<strong>Jueves Santo<\/strong>, cuando se conmemora la \u00daltima Cena. Sol\u00eda lavar los pies de los presos, como Jes\u00fas lo hizo con sus disc\u00edpulos. Adem\u00e1s, visitaba tambi\u00e9n centros de refugiados de Roma.<\/p>\n\n\n<div class=\"wp-block-image\">\n<figure class=\"aligncenter size-large is-resized\"><img decoding=\"async\" loading=\"lazy\" src=\"https:\/\/notinor.com\/jujuy\/wp-content\/uploads\/2025\/04\/PAPA1-1-502x480.jpg\" alt=\"\" class=\"wp-image-426104\" width=\"677\" height=\"647\" srcset=\"https:\/\/notinor.com\/jujuy\/wp-content\/uploads\/2025\/04\/PAPA1-1-502x480.jpg 502w, https:\/\/notinor.com\/jujuy\/wp-content\/uploads\/2025\/04\/PAPA1-1-382x365.jpg 382w, https:\/\/notinor.com\/jujuy\/wp-content\/uploads\/2025\/04\/PAPA1-1.jpg 548w\" sizes=\"(max-width: 677px) 100vw, 677px\" \/><figcaption class=\"wp-element-caption\">El papa Francisco visit\u00f3 este jueves la bas\u00edlica de San Pedro<\/figcaption><\/figure><\/div>\n\n\n<p>Al ser consultado sobre c\u00f3mo transitaba la Semana Santa, el pont\u00edfice, con un hilo de voz, contest\u00f3: \u201c<strong>Lo vivo c\u00f3mo puedo<\/strong>\u201d, desde la ventanilla del coche a su salida de la prisi\u00f3n.<\/p>\n\n\n\n<p>Adem\u00e1s confes\u00f3 un pensamiento que le asalta siempre que visita un lugar as\u00ed: \u201c<strong>Cada vez que entro en un lugar como este me pregunto por qu\u00e9 ellos y no yo<\/strong>\u201d, reflexion\u00f3 ante los micr\u00f3fonos. Fiel a su estilo, incluso en su estado, logr\u00f3 hacer re\u00edr a los reporteros. Cuando la prensa local, le pregunt\u00f3: \u201c\u00bfC\u00f3mo est\u00e1?\u201c. \u201d<strong>Estoy sentado<\/strong>\u201c, lanz\u00f3 sonriendo.<\/p>\n\n\n\n<p>Tal como inform\u00f3 la Santa Sede, el papa argentino mantuvo un encuentro con un grupo de 70 reclusos tras su llegada al centro penitenciario. Fue recibido entre aplausos por los directores y el personal de la c\u00e1rcel, luego de acceder al lugar empujado en la silla de ruedas que ya utilizaba antes de su hospitalizaci\u00f3n por problemas de movilidad. La visita a la c\u00e1rcel dur\u00f3 aproximadamente media hora y Francisco lleg\u00f3 tambi\u00e9n a dedicar unas palabras a los reclusos.<\/p>\n\n\n\n<p>\u201c<strong>A m\u00ed me gusta hacer todos los a\u00f1os lo que Jes\u00fas hizo el Jueves Santo, el Lavado de pies, en la c\u00e1rcel. Este a\u00f1o no puedo hacerlo pero s\u00ed puedo y quiero estar cerca de vosotros<\/strong>. Rezo por vosotros y por vuestras familias\u201d, les dijo, seg\u00fan el Vaticano.<\/p>\n\n\n\n<p>Su agenda era limitada, pero cumpli\u00f3 con sus funciones hasta en sus \u00faltimos d\u00edas. El mi\u00e9rcoles antes de la Semana Santa recibi\u00f3 al personal y a la direcci\u00f3n del hospital Gemelli.<\/p>\n","protected":false},"excerpt":{"rendered":"<p>El sumo pont\u00edfice sigui\u00f3 la celebraci\u00f3n en el balc\u00f3n de la bas\u00edlica de San Pedro, desde donde ofreci\u00f3 la tradicional bendici\u00f3n \u201cUrbi et Orbi\u201dminute, 39 secondsVolume 100%El sumo pont\u00edfice particip\u00f3 de la misa de Pascuas. El\u00a0papa Francisco muri\u00f3 esta ma\u00f1ana a las 7:35 horas de\u00a0Roma, seg\u00fan inform\u00f3 el\u00a0Vaticano. Su \u00faltima aparici\u00f3n p\u00fablica hab\u00eda sido tan [&hellip;]<\/p>\n","protected":false},"author":5,"featured_media":426103,"comment_status":"open","ping_status":"open","sticky":false,"template":"","format":"standard","meta":{"_stopmodifiedupdate":false,"_modified_date":"","inline_featured_image":false,"spay_email":"","jetpack_publicize_message":""},"categories":[6],"tags":[],"jetpack_featured_media_url":"https:\/\/notinor.com\/jujuy\/wp-content\/uploads\/2025\/04\/papa-1.jpg","jetpack_publicize_connections":[],"_links":{"self":[{"href":"https:\/\/notinor.com\/jujuy\/wp-json\/wp\/v2\/posts\/426101"}],"collection":[{"href":"https:\/\/notinor.com\/jujuy\/wp-json\/wp\/v2\/posts"}],"about":[{"href":"https:\/\/notinor.com\/jujuy\/wp-json\/wp\/v2\/types\/post"}],"author":[{"embeddable":true,"href":"https:\/\/notinor.com\/jujuy\/wp-json\/wp\/v2\/users\/5"}],"replies":[{"embeddable":true,"href":"https:\/\/notinor.com\/jujuy\/wp-json\/wp\/v2\/comments?post=426101"}],"version-history":[{"count":1,"href":"https:\/\/notinor.com\/jujuy\/wp-json\/wp\/v2\/posts\/426101\/revisions"}],"predecessor-version":[{"id":426105,"href":"https:\/\/notinor.com\/jujuy\/wp-json\/wp\/v2\/posts\/426101\/revisions\/426105"}],"wp:featuredmedia":[{"embeddable":true,"href":"https:\/\/notinor.com\/jujuy\/wp-json\/wp\/v2\/media\/426103"}],"wp:attachment":[{"href":"https:\/\/notinor.com\/jujuy\/wp-json\/wp\/v2\/media?parent=426101"}],"wp:term":[{"taxonomy":"category","embeddable":true,"href":"https:\/\/notinor.com\/jujuy\/wp-json\/wp\/v2\/categories?post=426101"},{"taxonomy":"post_tag","embeddable":true,"href":"https:\/\/notinor.com\/jujuy\/wp-json\/wp\/v2\/tags?post=426101"}],"curies":[{"name":"wp","href":"https:\/\/api.w.org\/{rel}","templated":true}]}}