{"id":426030,"date":"2025-04-18T19:57:47","date_gmt":"2025-04-18T22:57:47","guid":{"rendered":"https:\/\/notinor.com\/jujuy\/?p=426030"},"modified":"2025-04-18T20:43:29","modified_gmt":"2025-04-18T23:43:29","slug":"cual-fue-la-alimenticia-que-desistio-de-subir-9-los-precios-y-que-hara-el-resto-del-sector-tras-los-vaivenes-del-dolar","status":"publish","type":"post","link":"https:\/\/notinor.com\/jujuy\/cual-fue-la-alimenticia-que-desistio-de-subir-9-los-precios-y-que-hara-el-resto-del-sector-tras-los-vaivenes-del-dolar\/","title":{"rendered":"Cu\u00e1l fue la alimenticia que desisti\u00f3 de subir 9% los precios y qu\u00e9 har\u00e1 el resto del sector tras los vaivenes del d\u00f3lar"},"content":{"rendered":"\n<p class=\"has-medium-font-size\"><strong><em>Tras las modificaciones del r\u00e9gimen cambiario, varias empresas avisaron a los supermercados que enviar\u00edan nuevas listas. El mi\u00e9rcoles, la divisa baj\u00f3 fuerte y el Gobierno las expuso p\u00fablicamente. Por qu\u00e9 la semana pr\u00f3xima ser\u00e1 clave.<\/em><\/strong><\/p>\n\n\n\n<p><\/p>\n\n\n<div class=\"wp-block-image\">\n<figure class=\"aligncenter size-full\"><img decoding=\"async\" loading=\"lazy\" width=\"800\" height=\"450\" src=\"https:\/\/notinor.com\/jujuy\/wp-content\/uploads\/2025\/04\/supermercado.jpg\" alt=\"\" class=\"wp-image-426031\" srcset=\"https:\/\/notinor.com\/jujuy\/wp-content\/uploads\/2025\/04\/supermercado.jpg 800w, https:\/\/notinor.com\/jujuy\/wp-content\/uploads\/2025\/04\/supermercado-649x365.jpg 649w, https:\/\/notinor.com\/jujuy\/wp-content\/uploads\/2025\/04\/supermercado-500x280.jpg 500w, https:\/\/notinor.com\/jujuy\/wp-content\/uploads\/2025\/04\/supermercado-768x432.jpg 768w, https:\/\/notinor.com\/jujuy\/wp-content\/uploads\/2025\/04\/supermercado-750x422.jpg 750w\" sizes=\"(max-width: 800px) 100vw, 800px\" \/><\/figure><\/div>\n\n\n<p><\/p>\n\n\n\n<p>Despu\u00e9s de haber decidido, luego de dos d\u00edas en los que el d\u00f3lar oficial se ubic\u00f3 en torno a los $1.230, avisar a los supermercados que en los pr\u00f3ximos d\u00edas les llegar\u00edan nuevas listas con subas de precios de entre 7% y 8%, las alimenticias ya est\u00e1n empezando a revisar su decisi\u00f3n. <strong>La fuerte ca\u00edda que tuvo la divisa el mi\u00e9rcoles -cerr\u00f3 en $1.160- sumada a la fuerte presi\u00f3n p\u00fablica que realizaron las cadenas de retail y el propio Gobierno hicieron que ya una de las empresas que hab\u00eda llegado a enviar un nuevo listado de precios desistiera de hacerlo, por ahora.<\/strong><\/p>\n\n\n\n<p><strong>Se trata de Molinos R\u00edo de la Plata, que junto con las aceiteras Aceitera General Deheza (AGD), Molino Ca\u00f1uelas y Bunge hab\u00edan decidido subir 9% los precios de los aceites, por el impacto del costo del girasol, y tambi\u00e9n de los farin\u00e1ceos, por el valor del trigo.<\/strong> \u201dEl girasol, en una botella de aceite, representa del 80% del costo, as\u00ed que no se traslad\u00f3 todo el aumento directo; se traslad\u00f3 una parte\u201d, hab\u00eda dicho una fuente de la industria aceitera en los \u00faltimos d\u00edas, adem\u00e1s de advertir que tambi\u00e9n subir\u00edan los derivados del trigo, como la harina, los cereales y las pastas.<\/p>\n\n\n\n<p>Pero el mi\u00e9rcoles el d\u00f3lar se desplom\u00f3 y a las declaraciones del supermercadismo, que sali\u00f3 p\u00fablicamente a decir que no aceptar\u00eda esos aumentos de precios preanunciados, se sumaron las declaraciones p\u00fablicas del ministro de Econom\u00eda, Luis Caputo.<strong> \u201cHoy los supermercados grandes rechazaron la mercader\u00eda con lista de precios nueva de unilever y Molinos con subas de 9% a 12%\u201d, dijo temprano, y m\u00e1s tarde reposte\u00f3, en respuesta a esta misma publicaci\u00f3n: \u201cMolinos retrotrajo toda la suba de precios. Buena reacci\u00f3n. Y sobre todo, gran gesti\u00f3n de los supermercados, cuidando a sus clientes\u201d.<\/strong><\/p>\n\n\n\n<p class=\"has-medium-font-size\"><strong>Qu\u00e9 har\u00e1n las otras empresas<\/strong><\/p>\n\n\n\n<p>La decisi\u00f3n de Molinos podr\u00eda ser replicada, la semana pr\u00f3xima, por el resto de las firmas. Aunque hasta ahora no hab\u00edan sido muchas las que hab\u00edan tomado la decisi\u00f3n de subir los precios tras la suba del d\u00f3lar. <strong>Seg\u00fan hab\u00eda afirmado el director ejecutivo de la Asociaci\u00f3n de Supermercados Unidos (ASU), Juan Vasco Mart\u00ednez, tambi\u00e9n Unilever hab\u00eda anticipado verbalmente que las nuevas \u00f3rdenes de compra las tomaba con incrementos de entre 7% y 9% y lo mismo Softys, con su marca de pa\u00f1ales Babysec, y de papel higi\u00e9nico Higienol y Elite.<\/strong> A su vez, en una cadena precisaron a este medio que tambi\u00e9n SC Johnson, que tiene las marcas Raid y Off en su portafolio decidi\u00f3 incrementar sus precios.<\/p>\n\n\n\n<p>En una de las empresas aseguraron que no hab\u00edan enviado ninguna lista, por lo que \u201cno hay rec\u00e1lculo porque no se mand\u00f3 nada\u201d. <strong>\u201cA\u00fan no sabemos qu\u00e9 vamos a hacer. En estos momentos estamos monitoreando y evaluando el impacto del r\u00e9gimen cambiario en nuestra estructura de costos. Somos industriales y el 70% de los insumos que utilizamos est\u00e1n dolarizados\u201d, <\/strong>dijo una fuente consultada.<\/p>\n\n\n\n<p>Depender\u00e1, claramente, de lo que suceda con la cotizaci\u00f3n del d\u00f3lar. Si sigue a la baja, como predice el Gobierno, la decisi\u00f3n de subir los precios seguramente quedar\u00e1 abortada, o aumentar\u00e1n menos. Pero eso lo ir\u00e1n monitoreando con los d\u00edas la semana pr\u00f3xima. <strong>Por otro lado, en otra alimenticia hab\u00edan afirmado que antes de la suba del d\u00f3lar por el nuevo r\u00e9gimen cambiario ya ten\u00edan decidido subir 5% para que se aplique en mayo debido al impacto de la paritaria del gremio de la alimentaci\u00f3n.<\/strong><\/p>\n\n\n\n<p><strong>\u201cNo hay motivo, ni cambiario ni tributario, que justifique el aumento en las listas de precios que algunos pretenden imponer a los consumidores. Esas listan ser\u00e1n rechazadas por cadenas nacionales, regionales y almacenes. En el gobierno de Javier Milei no hay lugar para oportunistas\u201d,<\/strong> hab\u00eda dicho, tambi\u00e9n mediante su cuenta en X, Fernando Blanco Mui\u00f1o, subsecretario de Defensa del Consumidor y Lealtad Comercial.<\/p>\n\n\n\n<p>Desde ASU hab\u00edan asegurado, mediante un comunicado: <strong>\u201cAnte los hechos de p\u00fablico conocimiento, queremos comunicarle a la sociedad nuestro firme prop\u00f3sito de no aceptar listas de precios de nuestros proveedores que contengan aumentos desmedidos y\/o especulativos<\/strong>. Reiteramos que nuestro objetivo es hacer llegar al p\u00fablico productos de la m\u00e1xima calidad y al mejor precio. Nuestros mayores esfuerzos est\u00e1n orientados a obtener ese objetivo\u201d.<\/p>\n","protected":false},"excerpt":{"rendered":"<p>Tras las modificaciones del r\u00e9gimen cambiario, varias empresas avisaron a los supermercados que enviar\u00edan nuevas listas. El mi\u00e9rcoles, la divisa baj\u00f3 fuerte y el Gobierno las expuso p\u00fablicamente. Por qu\u00e9 la semana pr\u00f3xima ser\u00e1 clave. Despu\u00e9s de haber decidido, luego de dos d\u00edas en los que el d\u00f3lar oficial se ubic\u00f3 en torno a los [&hellip;]<\/p>\n","protected":false},"author":49,"featured_media":426031,"comment_status":"open","ping_status":"open","sticky":false,"template":"","format":"standard","meta":{"_stopmodifiedupdate":false,"_modified_date":"","inline_featured_image":false,"spay_email":"","jetpack_publicize_message":""},"categories":[2,676,5],"tags":[],"jetpack_featured_media_url":"https:\/\/notinor.com\/jujuy\/wp-content\/uploads\/2025\/04\/supermercado.jpg","jetpack_publicize_connections":[],"_links":{"self":[{"href":"https:\/\/notinor.com\/jujuy\/wp-json\/wp\/v2\/posts\/426030"}],"collection":[{"href":"https:\/\/notinor.com\/jujuy\/wp-json\/wp\/v2\/posts"}],"about":[{"href":"https:\/\/notinor.com\/jujuy\/wp-json\/wp\/v2\/types\/post"}],"author":[{"embeddable":true,"href":"https:\/\/notinor.com\/jujuy\/wp-json\/wp\/v2\/users\/49"}],"replies":[{"embeddable":true,"href":"https:\/\/notinor.com\/jujuy\/wp-json\/wp\/v2\/comments?post=426030"}],"version-history":[{"count":2,"href":"https:\/\/notinor.com\/jujuy\/wp-json\/wp\/v2\/posts\/426030\/revisions"}],"predecessor-version":[{"id":426033,"href":"https:\/\/notinor.com\/jujuy\/wp-json\/wp\/v2\/posts\/426030\/revisions\/426033"}],"wp:featuredmedia":[{"embeddable":true,"href":"https:\/\/notinor.com\/jujuy\/wp-json\/wp\/v2\/media\/426031"}],"wp:attachment":[{"href":"https:\/\/notinor.com\/jujuy\/wp-json\/wp\/v2\/media?parent=426030"}],"wp:term":[{"taxonomy":"category","embeddable":true,"href":"https:\/\/notinor.com\/jujuy\/wp-json\/wp\/v2\/categories?post=426030"},{"taxonomy":"post_tag","embeddable":true,"href":"https:\/\/notinor.com\/jujuy\/wp-json\/wp\/v2\/tags?post=426030"}],"curies":[{"name":"wp","href":"https:\/\/api.w.org\/{rel}","templated":true}]}}