{"id":426027,"date":"2025-04-18T19:10:52","date_gmt":"2025-04-18T22:10:52","guid":{"rendered":"https:\/\/notinor.com\/jujuy\/?p=426027"},"modified":"2025-04-18T19:10:54","modified_gmt":"2025-04-18T22:10:54","slug":"semana-santa-el-intendente-jorge-elogio-el-paseo-de-ermitas","status":"publish","type":"post","link":"https:\/\/notinor.com\/jujuy\/semana-santa-el-intendente-jorge-elogio-el-paseo-de-ermitas\/","title":{"rendered":"Semana Santa: el intendente Jorge elogi\u00f3 el Paseo de Ermitas"},"content":{"rendered":"\n<p class=\"has-medium-font-size\"><strong><em>El intendente de San Salvador de Jujuy, Ra\u00fal \u201cChuli\u201d Jorge, concurri\u00f3 a la tradicional peregrinaci\u00f3n a Cerro de la Cruz donde visit\u00f3 el Paseo de las Ermitas que a\u00f1o a a\u00f1o decora el acceso a barrio Las Rosas, punto de confluencia obligado previo al camino de ascenso.<\/em><\/strong><\/p>\n\n\n\n<p><\/p>\n\n\n<div class=\"wp-block-image\">\n<figure class=\"aligncenter size-full\"><img decoding=\"async\" loading=\"lazy\" width=\"800\" height=\"450\" src=\"https:\/\/notinor.com\/jujuy\/wp-content\/uploads\/2025\/04\/ermitas.jpg\" alt=\"\" class=\"wp-image-426028\" srcset=\"https:\/\/notinor.com\/jujuy\/wp-content\/uploads\/2025\/04\/ermitas.jpg 800w, https:\/\/notinor.com\/jujuy\/wp-content\/uploads\/2025\/04\/ermitas-649x365.jpg 649w, https:\/\/notinor.com\/jujuy\/wp-content\/uploads\/2025\/04\/ermitas-500x280.jpg 500w, https:\/\/notinor.com\/jujuy\/wp-content\/uploads\/2025\/04\/ermitas-768x432.jpg 768w, https:\/\/notinor.com\/jujuy\/wp-content\/uploads\/2025\/04\/ermitas-750x422.jpg 750w\" sizes=\"(max-width: 800px) 100vw, 800px\" \/><\/figure><\/div>\n\n\n<p><\/p>\n\n\n\n<p>Al respecto, el intendente Jorge destac\u00f3, \u201cse ha trabajado desde varias secretar\u00edas para ordenar esta tradicional concurrencia tan masiva; agradecemos a los centros vecinales que, a trav\u00e9s de la Secretar\u00eda de Planificaci\u00f3n y Ambiente, vienen realizando desde hace m\u00e1s de once a\u00f1os esta actividad de las Ermitas, en la cabecera del Puente de Moreno que marca el acceso al Cerro de la Cruz en Barrio Las Rosas\u201d, y elogi\u00f3, <strong>\u201cfelicitamos el trabajo realizado por los centros vecinales que todos los a\u00f1os colaboran en la organizaci\u00f3n de esta peregrinaci\u00f3n tan espont\u00e1nea, para que no decaiga esta tradici\u00f3n de las Ermitas, lo que implica un gran trabajo comunitario\u201d.<\/strong><\/p>\n\n\n\n<p>Asimismo, el ejecutivo municipal resalt\u00f3 el despliegue de personal de diversas \u00e1reas municipales en la organizaci\u00f3n de tr\u00e1nsito vehicular, \u201cse ha tenido que trabajar muy fuertemente ya que hemos tomado una decisi\u00f3n formal de consolidar la seguridad vial, sobre todo en d\u00edas como estos; hay que trabajar mucho con el peat\u00f3n en los cortes establecido; <strong>la Direcci\u00f3n de Tr\u00e1nsito viene trabajando muy bien, buscando salidas para el estacionamiento, porque mucha gente llega en veh\u00edculos, y el transporte p\u00fablico tambi\u00e9n estuvo funcionando bien, de manera que es evidente la tarea conjunta muy planificada\u201d.<\/strong><\/p>\n\n\n\n<p>A su turno, la secretaria de Planificaci\u00f3n y Ambiente, Adriana D\u00edaz, coment\u00f3 que el encuentro previo al ascenso y el Paseo de Ermitas convocan a otras instituciones, <strong>\u201ces una actividad que venimos realizando hace once a\u00f1os de la que participan distintas instituciones, m\u00e1s all\u00e1 de los centros vecinales; este a\u00f1o contamos con la presencia de APPACE, algunas escuelas y otras instituciones\u201d,<\/strong> y resalt\u00f3 el trabajo conjunto realizado, \u201clo bueno es poder realizar un trabajo en equipo; ense\u00f1ar y trabajar en arte con los vecinos de distintas edades va fortaleciendo el trabajo conjunto, as\u00ed que para nosotros esa actividad es muy importante\u201d.<\/p>\n\n\n\n<p>Marta Calape\u00f1a, del CPV Obras Sanitarias, se refiri\u00f3 a las t\u00e9cnicas y materiales empleados en la elaboraci\u00f3n de estas verdaderas obras de arte sacro comunitario que, a\u00f1o a a\u00f1o, decoran la entrada a Barrio Las Rosas, brindando al transe\u00fante un motivo m\u00e1s para visitar, <strong>\u201crealizamos este trabajo con gente del barrio, sobre todo con ni\u00f1os; ha sido grato y emocionante para el barrio; aplicamos diversas t\u00e9cnicas utilizando poroto negro, corteza de \u00e1rbol, arroz, hilo sisal, te, maquillaje, fideos tallarines que han sido pintados, arvejas disecadas, p\u00e9talos de rosas plastificados, semillas de ch\u00eda, romero, lenteja y lana, entre otros elementos\u201d.<\/strong><\/p>\n\n\n\n<p>El intendente recorri\u00f3 el Paseo junto a la secretaria Adriana Diaz, Ebelia Vargas, directora de Participaci\u00f3n Ciudadana; tambi\u00e9n estuvo presente el presidente del Concejo Deliberante, Lisandro Aguiar, vecinalistas y funcionarios municipales.<\/p>\n","protected":false},"excerpt":{"rendered":"<p>El intendente de San Salvador de Jujuy, Ra\u00fal \u201cChuli\u201d Jorge, concurri\u00f3 a la tradicional peregrinaci\u00f3n a Cerro de la Cruz donde visit\u00f3 el Paseo de las Ermitas que a\u00f1o a a\u00f1o decora el acceso a barrio Las Rosas, punto de confluencia obligado previo al camino de ascenso. Al respecto, el intendente Jorge destac\u00f3, \u201cse ha [&hellip;]<\/p>\n","protected":false},"author":49,"featured_media":426028,"comment_status":"open","ping_status":"open","sticky":false,"template":"","format":"standard","meta":{"_stopmodifiedupdate":false,"_modified_date":"","inline_featured_image":false,"spay_email":"","jetpack_publicize_message":""},"categories":[2,514],"tags":[],"jetpack_featured_media_url":"https:\/\/notinor.com\/jujuy\/wp-content\/uploads\/2025\/04\/ermitas.jpg","jetpack_publicize_connections":[],"_links":{"self":[{"href":"https:\/\/notinor.com\/jujuy\/wp-json\/wp\/v2\/posts\/426027"}],"collection":[{"href":"https:\/\/notinor.com\/jujuy\/wp-json\/wp\/v2\/posts"}],"about":[{"href":"https:\/\/notinor.com\/jujuy\/wp-json\/wp\/v2\/types\/post"}],"author":[{"embeddable":true,"href":"https:\/\/notinor.com\/jujuy\/wp-json\/wp\/v2\/users\/49"}],"replies":[{"embeddable":true,"href":"https:\/\/notinor.com\/jujuy\/wp-json\/wp\/v2\/comments?post=426027"}],"version-history":[{"count":1,"href":"https:\/\/notinor.com\/jujuy\/wp-json\/wp\/v2\/posts\/426027\/revisions"}],"predecessor-version":[{"id":426029,"href":"https:\/\/notinor.com\/jujuy\/wp-json\/wp\/v2\/posts\/426027\/revisions\/426029"}],"wp:featuredmedia":[{"embeddable":true,"href":"https:\/\/notinor.com\/jujuy\/wp-json\/wp\/v2\/media\/426028"}],"wp:attachment":[{"href":"https:\/\/notinor.com\/jujuy\/wp-json\/wp\/v2\/media?parent=426027"}],"wp:term":[{"taxonomy":"category","embeddable":true,"href":"https:\/\/notinor.com\/jujuy\/wp-json\/wp\/v2\/categories?post=426027"},{"taxonomy":"post_tag","embeddable":true,"href":"https:\/\/notinor.com\/jujuy\/wp-json\/wp\/v2\/tags?post=426027"}],"curies":[{"name":"wp","href":"https:\/\/api.w.org\/{rel}","templated":true}]}}