{"id":426024,"date":"2025-04-18T17:14:57","date_gmt":"2025-04-18T20:14:57","guid":{"rendered":"https:\/\/notinor.com\/jujuy\/?p=426024"},"modified":"2025-04-18T17:14:59","modified_gmt":"2025-04-18T20:14:59","slug":"viernes-santo-una-multitud-de-fieles-peregrinan-al-cerro-de-la-cruz","status":"publish","type":"post","link":"https:\/\/notinor.com\/jujuy\/viernes-santo-una-multitud-de-fieles-peregrinan-al-cerro-de-la-cruz\/","title":{"rendered":"Viernes Santo: una multitud de fieles peregrinan al Cerro de la Cruz"},"content":{"rendered":"\n<p class=\"has-medium-font-size\"><strong><em>Una fecha especial para los feligreses, que con mucha fe y devoci\u00f3n ascienden al Cerro de la Cruz, con emotivas historias que fuimos encontrando en el camino.<\/em><\/strong><\/p>\n\n\n\n<p><\/p>\n\n\n<div class=\"wp-block-image\">\n<figure class=\"aligncenter size-full\"><img decoding=\"async\" loading=\"lazy\" width=\"800\" height=\"450\" src=\"https:\/\/notinor.com\/jujuy\/wp-content\/uploads\/2025\/04\/cerro-de-la-cruz.jpg\" alt=\"\" class=\"wp-image-426025\" srcset=\"https:\/\/notinor.com\/jujuy\/wp-content\/uploads\/2025\/04\/cerro-de-la-cruz.jpg 800w, https:\/\/notinor.com\/jujuy\/wp-content\/uploads\/2025\/04\/cerro-de-la-cruz-649x365.jpg 649w, https:\/\/notinor.com\/jujuy\/wp-content\/uploads\/2025\/04\/cerro-de-la-cruz-500x280.jpg 500w, https:\/\/notinor.com\/jujuy\/wp-content\/uploads\/2025\/04\/cerro-de-la-cruz-768x432.jpg 768w, https:\/\/notinor.com\/jujuy\/wp-content\/uploads\/2025\/04\/cerro-de-la-cruz-750x422.jpg 750w\" sizes=\"(max-width: 800px) 100vw, 800px\" \/><\/figure><\/div>\n\n\n<p><\/p>\n\n\n\n<p><strong>En una jornada con presencia de sol y leves r\u00e1fagas de viento, desde muy temprano los fieles se dirigieron por el camino del barrio Las Rosas al Cerro de la Cruz de la Hermandad para pedir y agradecer, como cada a\u00f1o.<\/strong><\/p>\n\n\n\n<p>Los peregrinos dijeron presente este viernes, acompa\u00f1ados de la fe, la familia, en una actividad religiosa que congrega la uni\u00f3n y la creencia. En cada calvario rezaron, hasta llegar a la cima del Cerro y cumplir una vez m\u00e1s esta promesa.<\/p>\n\n\n\n<p><strong>Los ni\u00f1os acompa\u00f1an a sus padres y a los ancianos a esta importante peregrinaci\u00f3n que sin dudas en la capital juje\u00f1a, continua teniendo un sentido significativo por la cantidad de gente que se suma en cada Semana Santa.<\/strong><\/p>\n\n\n\n<p>Cabe recordar que para este d\u00eda estar\u00e1 habilitado el ascenso de 7 a 20 horas, y solicitan seguir las precauciones pertinentes del personal policial, SAME y Vialidad. Llevar calzado adecuado, ropa c\u00f3moda, hidrataci\u00f3n y protecci\u00f3n solar.<\/p>\n\n\n\n<p class=\"has-medium-font-size\"><strong>V\u00eda Crucis y cortes de tr\u00e1nsito en la zona<\/strong><\/p>\n\n\n\n<p class=\"has-medium-font-size\"><strong>Cortes de tr\u00e1nsito jueves y viernes<\/strong><\/p>\n\n\n\n<ul>\n<li>Rep\u00fablica Dominicana y Colectora Sur de Ruta 9<\/li>\n\n\n\n<li>Vuelta de Rocha y Estados Unidos<\/li>\n\n\n\n<li>Vuelta de Rocha y Rep\u00fablica Dominicana<\/li>\n\n\n\n<li>Rep\u00fablica Dominicana y Yatasto<\/li>\n\n\n\n<li>Colectora Sur Ruta 9 y Prolongaci\u00f3n Guatemala<\/li>\n<\/ul>\n\n\n\n<p class=\"has-medium-font-size\"><strong>Restricci\u00f3n de estacionamiento<\/strong><\/p>\n\n\n\n<ul>\n<li>Calle Falucho (Colectora Norte), entre Estados Unidos y Rep\u00fablica Dominicana<\/li>\n\n\n\n<li>Calle Falucho (Colectora Norte), entre Rep\u00fablica Dominicana y Guatemala<\/li>\n\n\n\n<li>Colectora Sur y Rep\u00fablica Dominicana, zona sur (parada de colectivos)<\/li>\n\n\n\n<li>Colectora Sur y Rep\u00fablica Dominicana, zona norte (parada de taxis)<\/li>\n<\/ul>\n\n\n\n<p>Desde la Direcci\u00f3n de Tr\u00e1nsito se solicita a los conductores que circulen por la Ruta 9 y zonas aleda\u00f1as extremar las precauciones durante los d\u00edas indicados, prestando especial atenci\u00f3n a la se\u00f1alizaci\u00f3n y al personal destinado al operativo vial.<\/p>\n\n\n\n<p class=\"has-medium-font-size\"><strong>Cronograma de actividades para Semana Santa<\/strong><\/p>\n\n\n\n<p class=\"has-medium-font-size\"><strong>Viernes Santo (18 de abril)<\/strong><\/p>\n\n\n\n<ul>\n<li>9:00hs: Rezo de Laudes en la Capilla del Huerto<\/li>\n\n\n\n<li>De 10 a 12 hs: Confesiones en la Capilla Huerto<\/li>\n\n\n\n<li>18:00hs: Pasi\u00f3n del Se\u00f1or en la Capilla Huerto<\/li>\n\n\n\n<li>Desde las 20:15hs: \u201cProcesi\u00f3n Tradicional desde la Catedral con el Cristo Yacente y la Virgen Dolorosa\u201d<\/li>\n<\/ul>\n\n\n\n<p class=\"has-medium-font-size\"><strong>S\u00e1bado Santo (19 de abril)<\/strong><\/p>\n\n\n\n<ul>\n<li>9:00hs: Rezo de Laudes en la Capilla del Huerto<\/li>\n\n\n\n<li>De 10 a 12 hs: Confesiones en la Capilla Huerto<\/li>\n\n\n\n<li>Desde las 20:00hs: Vigilia Pacual Preside el Sr Obispo<\/li>\n<\/ul>\n\n\n\n<p class=\"has-medium-font-size\"><strong>Domingo de Pascua de Resurrecci\u00f3n (20 de abril)<\/strong><\/p>\n\n\n\n<ul>\n<li>Misas en la Capilla del huerto: 8; 10; 11 y 20hs<\/li>\n<\/ul>\n","protected":false},"excerpt":{"rendered":"<p>Una fecha especial para los feligreses, que con mucha fe y devoci\u00f3n ascienden al Cerro de la Cruz, con emotivas historias que fuimos encontrando en el camino. En una jornada con presencia de sol y leves r\u00e1fagas de viento, desde muy temprano los fieles se dirigieron por el camino del barrio Las Rosas al Cerro [&hellip;]<\/p>\n","protected":false},"author":49,"featured_media":426025,"comment_status":"open","ping_status":"open","sticky":false,"template":"","format":"standard","meta":{"_stopmodifiedupdate":false,"_modified_date":"","inline_featured_image":false,"spay_email":"","jetpack_publicize_message":""},"categories":[2,514,13],"tags":[],"jetpack_featured_media_url":"https:\/\/notinor.com\/jujuy\/wp-content\/uploads\/2025\/04\/cerro-de-la-cruz.jpg","jetpack_publicize_connections":[],"_links":{"self":[{"href":"https:\/\/notinor.com\/jujuy\/wp-json\/wp\/v2\/posts\/426024"}],"collection":[{"href":"https:\/\/notinor.com\/jujuy\/wp-json\/wp\/v2\/posts"}],"about":[{"href":"https:\/\/notinor.com\/jujuy\/wp-json\/wp\/v2\/types\/post"}],"author":[{"embeddable":true,"href":"https:\/\/notinor.com\/jujuy\/wp-json\/wp\/v2\/users\/49"}],"replies":[{"embeddable":true,"href":"https:\/\/notinor.com\/jujuy\/wp-json\/wp\/v2\/comments?post=426024"}],"version-history":[{"count":1,"href":"https:\/\/notinor.com\/jujuy\/wp-json\/wp\/v2\/posts\/426024\/revisions"}],"predecessor-version":[{"id":426026,"href":"https:\/\/notinor.com\/jujuy\/wp-json\/wp\/v2\/posts\/426024\/revisions\/426026"}],"wp:featuredmedia":[{"embeddable":true,"href":"https:\/\/notinor.com\/jujuy\/wp-json\/wp\/v2\/media\/426025"}],"wp:attachment":[{"href":"https:\/\/notinor.com\/jujuy\/wp-json\/wp\/v2\/media?parent=426024"}],"wp:term":[{"taxonomy":"category","embeddable":true,"href":"https:\/\/notinor.com\/jujuy\/wp-json\/wp\/v2\/categories?post=426024"},{"taxonomy":"post_tag","embeddable":true,"href":"https:\/\/notinor.com\/jujuy\/wp-json\/wp\/v2\/tags?post=426024"}],"curies":[{"name":"wp","href":"https:\/\/api.w.org\/{rel}","templated":true}]}}