{"id":425973,"date":"2025-04-16T12:27:24","date_gmt":"2025-04-16T15:27:24","guid":{"rendered":"https:\/\/notinor.com\/jujuy\/?p=425973"},"modified":"2025-04-16T12:27:26","modified_gmt":"2025-04-16T15:27:26","slug":"javier-milei-fue-elegido-por-la-revista-time-entre-las-100-personalidades-mas-influyentes-del-mundo","status":"publish","type":"post","link":"https:\/\/notinor.com\/jujuy\/javier-milei-fue-elegido-por-la-revista-time-entre-las-100-personalidades-mas-influyentes-del-mundo\/","title":{"rendered":"Javier Milei fue elegido por la revista Time entre las 100 personalidades m\u00e1s influyentes del mundo"},"content":{"rendered":"\n<p class=\"has-medium-font-size\"><strong><em>El presidente argentino integra la secci\u00f3n \u201cl\u00edderes mundiales\u201d, junto a Donald Trump, Claudia Sheinbaum y Keir Starmer. El listado, adem\u00e1s, lo integran Elon Musk, Mark Zuckerberg, Ed Sheeran y Gis\u00e8le Pelicot<\/em><\/strong>.<\/p>\n\n\n<div class=\"wp-block-image\">\n<figure class=\"aligncenter size-full\"><img decoding=\"async\" loading=\"lazy\" width=\"782\" height=\"439\" src=\"https:\/\/notinor.com\/jujuy\/wp-content\/uploads\/2025\/04\/MILEI-5.jpg\" alt=\"\" class=\"wp-image-425974\" srcset=\"https:\/\/notinor.com\/jujuy\/wp-content\/uploads\/2025\/04\/MILEI-5.jpg 782w, https:\/\/notinor.com\/jujuy\/wp-content\/uploads\/2025\/04\/MILEI-5-650x365.jpg 650w, https:\/\/notinor.com\/jujuy\/wp-content\/uploads\/2025\/04\/MILEI-5-500x280.jpg 500w, https:\/\/notinor.com\/jujuy\/wp-content\/uploads\/2025\/04\/MILEI-5-768x431.jpg 768w, https:\/\/notinor.com\/jujuy\/wp-content\/uploads\/2025\/04\/MILEI-5-750x421.jpg 750w\" sizes=\"(max-width: 782px) 100vw, 782px\" \/><figcaption class=\"wp-element-caption\">El presidente de Argentina, Javier Milei, en Paraguay<\/figcaption><\/figure><\/div>\n\n\n<p>El presidente&nbsp;<strong>Javier Milei<\/strong>&nbsp;integra la lista de las&nbsp;<strong>100 personas m\u00e1s influyentes del mundo<\/strong>&nbsp;que confecciona la reconocida&nbsp;<strong>revista Time<\/strong>. El Jefe de Estado integra la secci\u00f3n de \u201cl\u00edderes mundiales\u201d, junto a&nbsp;<strong>Donald Trump<\/strong>&nbsp;y&nbsp;<strong>Claudia Sheinbaum<\/strong>, los presidentes de Estados Unidos y M\u00e9xico respectivamente, y el primer ministro brit\u00e1nico,&nbsp;<strong>Keir Starmer<\/strong>.<\/p>\n\n\n\n<p>El selecto listado, adem\u00e1s, lo integran los empresarios\u00a0<strong>Elon Musk\u00a0<\/strong>y\u00a0<strong>Mark Zuckerberg<\/strong>; el cantante\u00a0<strong>Ed Sheeran<\/strong>\u00a0y la actriz\u00a0<strong>Scarlett Johansson<\/strong>, entre otras personalidades. Tambi\u00e9n,\u00a0<strong>Sandra D\u00edaz<\/strong>, <strong>una cient\u00edfica argentina<\/strong> que fue distinguida\u00a0con un prestigioso premio internacional por sus estudios sobre la biodiversidad, y\u00a0<strong>Gis\u00e8le Pelicot,<\/strong> la mujer francesa que denunci\u00f3 a su ex marido por reiteradas violaciones, en un juicio p\u00fablico que tuvo impacto global.<\/p>\n\n\n\n<p>Time argument\u00f3 la presencia de Milei entre las 100 personas m\u00e1s influyentes con un breve art\u00edculo firmado por&nbsp;<em>Ian Bremmer<\/em>, uno de sus editores. \u201cEn 2023, el candidato Milei se ofreci\u00f3 a los votantes como el rayo de luz antiestablishment que Argentina necesitaba para controlar la inflaci\u00f3n cr\u00f3nica y la disfunci\u00f3n del gobierno. Veinte meses despu\u00e9s, los esc\u00e9pticos -yo era uno de ellos- est\u00e1n en retirada\u201d, plante\u00f3 en el texto.<\/p>\n\n\n\n<p>\u201cDesde que Milei entr\u00f3 en la Casa Rosada como Presidente, los votantes han castigado a los l\u00edderes electos y a los partidos gobernantes en India, Sud\u00e1frica, Francia, Gran Breta\u00f1a, Jap\u00f3n, Alemania y Estados Unidos, en parte porque los precios han subido. Milei es el l\u00edder del G-20 que ha asumido los mayores riesgos para enderezar el rumbo de su pa\u00eds... y est\u00e1n dando sus frutos. La inflaci\u00f3n anual en Argentina cay\u00f3 de un asombroso 289% en abril de 2024 a un 66,9% en febrero de 2025\u2033, agreg\u00f3.<\/p>\n\n\n\n<p>A su vez, sostuvo: \u201cLos cr\u00edticos dicen que Milei est\u00e1 controlando la inflaci\u00f3n con medidas de austeridad que pesan mucho sobre los pobres, pero tambi\u00e9n se han equivocado en ese frente: la tasa nacional de pobreza cay\u00f3 del 52,9% en la primera mitad de 2024 al 38,1% en la segunda mitad\u201d.<\/p>\n\n\n\n<p>Para completar, el columnista indic\u00f3: \u201c<strong>El sistema pol\u00edtico de Argentina lleva d\u00e9cadas maltrecho. Result\u00f3 que necesitaban a alguien que realmente lo arreglara<\/strong>\u201d.<\/p>\n\n\n\n<p>Una vez conocida la publicaci\u00f3n, el propio Milei hizo una referencia en sus redes sociales: \u201c<strong>Fen\u00f3meno barrial, lloren mandriles inmundos<\/strong>\u201d.<\/p>\n\n\n\n<p>La prestigiosa publicaci\u00f3n dividi\u00f3 su lista entre artistas, \u00edconos, l\u00edderes, titanes, innovadores y pioneros. Junto a Milei, y adem\u00e1s de Trump,\u00a0<strong>Sheinbaum<\/strong>,\u00a0<strong>Sheinbaum<\/strong>\u00a0y Musk, fueron destacados otros dirigentes como\u00a0<strong>Mar\u00eda Corina Machado<\/strong>, la opositora al r\u00e9gimen de\u00a0<strong>Nicol\u00e1s Maduro<\/strong>\u00a0en Venezuela.<\/p>\n\n\n\n<p><strong>El listado completo<\/strong><\/p>\n\n\n\n<h3>Artistas<\/h3>\n\n\n\n<ul>\n<li><strong>Ed Sheeran:&nbsp;<\/strong>cantante y compositor brit\u00e1nico, famoso por sus \u00e9xitos globales y su impacto en la m\u00fasica pop.<\/li>\n\n\n\n<li><strong>Scarlett Johansson:&nbsp;<\/strong>actriz estadounidense, conocida por sus papeles en pel\u00edculas taquilleras, especialmente en el Universo Cinematogr\u00e1fico de Marvel.<\/li>\n\n\n\n<li><strong>Daniel Dae Kim:&nbsp;<\/strong>actor y productor, reconocido por sus papeles en \u201cLost\u201d y \u201cHawaii Five-0.\u201d<\/li>\n\n\n\n<li><strong>Kristen Bell:&nbsp;<\/strong>actriz y productora, conocida por su papel en \u201cThe Good Place\u201d y su trabajo como voz en \u201cFrozen\u201d.<\/li>\n\n\n\n<li><strong>Adam Scott:&nbsp;<\/strong>actor, productor y director, celebrado por sus papeles en \u201cParks and Recreation\u201d y \u201cBig Little Lies\u201d.<\/li>\n\n\n\n<li><strong>Rashida Jones:&nbsp;<\/strong>actriz, productora y escritora, conocida por sus papeles en \u201cParks and Recreation\u201d y \u201cThe Office\u201d.<\/li>\n\n\n\n<li><strong>Diego Luna:&nbsp;<\/strong>actor y productor mexicano, famoso por sus papeles en \u201cY Tu Mam\u00e1 Tambi\u00e9n\u201d y \u201cRogue One: A Star Wars Story\u201d.<\/li>\n\n\n\n<li><strong>Nicole Scherzinger:&nbsp;<\/strong>cantante, bailarina y actriz, conocida por su trabajo con las Pussycat Dolls y su carrera como solista.<\/li>\n\n\n\n<li><strong>Kristen Wiig:&nbsp;<\/strong>actriz y comediante, conocida por su trabajo en \u201cSaturday Night Live\u201d y en pel\u00edculas como \u201cBridesmaids\u201d.<\/li>\n\n\n\n<li><strong>Willy Chavarria:&nbsp;<\/strong>dise\u00f1ador de moda, reconocido por sus colecciones audaces e inspiradas culturalmente.<\/li>\n\n\n\n<li><strong>Danielle Deadwyler:&nbsp;<\/strong>actriz y activista, conocida por sus interpretaciones en cine y televisi\u00f3n con un enfoque en la justicia social.<\/li>\n\n\n\n<li><strong>Hozier:&nbsp;<\/strong>cantautor irland\u00e9s, famoso por su \u00e9xito \u201cTake Me to Church\u201d y su m\u00fasica con un enfoque en temas sociales.<\/li>\n\n\n\n<li><strong>Miranda July:&nbsp;<\/strong>escritora, directora y artista, conocida por su trabajo en cine independiente e instalaciones art\u00edsticas.<\/li>\n\n\n\n<li><strong>Branden Jacobs-Jenkins:&nbsp;<\/strong>dramaturgo e int\u00e9rprete, destacado por sus obras que exploran la raza, la identidad y la historia estadounidense.<\/li>\n\n\n\n<li><strong>Mohammad Rasoulof:&nbsp;<\/strong>cineasta iran\u00ed y disidente, reconocido por sus pel\u00edculas cargadas pol\u00edticamente.<\/li>\n\n\n\n<li><strong>Annabelle Selldorf:&nbsp;<\/strong>arquitecta, celebrada por sus dise\u00f1os modernos y sostenibles.<\/li>\n\n\n\n<li><strong>Yoshitomo Nara:&nbsp;<\/strong>artista japon\u00e9s, conocido por sus personajes emotivos y su arte provocador.<\/li>\n<\/ul>\n\n\n\n<h3>\u00cdconos<\/h3>\n\n\n\n<ul>\n<li><strong>Demi Moore:&nbsp;<\/strong>actriz estadounidense.<\/li>\n\n\n\n<li><strong>Jalen Hurts:&nbsp;<\/strong>jugador de f\u00fatbol americano, destacado mariscal de campo de los Philadelphia Eagles, conocido por su liderazgo y resiliencia.<\/li>\n\n\n\n<li><strong>Adrien Brody:&nbsp;<\/strong>actor, conocido por su papel ganador del Oscar en \u201cThe Pianist\u201d y su carrera diversa en cine independiente.<\/li>\n\n\n\n<li><strong>Gis\u00e8le Pelicot:&nbsp;<\/strong>activista francesa y defensora de los derechos sociales y ambientales, especialmente en temas de derechos de las mujeres.<\/li>\n\n\n\n<li><strong>Hiroyuki Sanada:&nbsp;<\/strong>actor japon\u00e9s, conocido por sus papeles en pel\u00edculas como \u201cThe Last Samurai\u201d y \u201cAvengers: Endgame\u201d.<\/li>\n\n\n\n<li><strong>Angeline Murimirwa:&nbsp;<\/strong>activista educativa de Zimbabue, centrada en empoderar a las mujeres j\u00f3venes a trav\u00e9s de la educaci\u00f3n.<\/li>\n\n\n\n<li><strong>David Muir:&nbsp;<\/strong>presentador de noticias.<\/li>\n\n\n\n<li><strong>Raquel Willis:&nbsp;<\/strong>defensora de los derechos transg\u00e9nero y una de las voces m\u00e1s prominentes del activismo LGBTQ+.<\/li>\n\n\n\n<li><strong>Bobbi Brown:&nbsp;<\/strong>maquilladora y empresaria, fundadora de Bobbi Brown Cosmetics y pionera en la industria de la belleza.<\/li>\n\n\n\n<li><strong>Anthony D. Romero:&nbsp;<\/strong>director ejecutivo de la ACLU, liderando los esfuerzos por los derechos civiles y las libertades en los EEUU.<\/li>\n\n\n\n<li><strong>Yoshiki:&nbsp;<\/strong>m\u00fasico y compositor japon\u00e9s, conocido por su trabajo con la banda de rock X Japan y sus composiciones cl\u00e1sicas.<\/li>\n\n\n\n<li><strong>Amy Griffin:&nbsp;<\/strong>activista y ex atleta profesional, dedicada a promover la igualdad y el cambio social.<\/li>\n\n\n\n<li><strong>L\u00e9on Marchand:&nbsp;<\/strong>nadador ol\u00edmpico franc\u00e9s, reconocido por sus logros en eventos de estilo libre y mariposa.<\/li>\n\n\n\n<li><strong>Fatou Baldeh:&nbsp;<\/strong>activista africana de los derechos humanos y defensora de la educaci\u00f3n y empoderamiento de las mujeres.<\/li>\n<\/ul>\n\n\n\n<h3>L\u00edderes<\/h3>\n\n\n\n<ul>\n<li><strong>Keir Starmer:&nbsp;<\/strong>primer ministro brit\u00e1nico de Reino Unido.<\/li>\n\n\n\n<li><strong>Claudia Sheinbaum:&nbsp;<\/strong>presidenta de M\u00e9xico.<\/li>\n\n\n\n<li><strong>Donald Trump:<\/strong>&nbsp;presidente de Estados Unidos.<\/li>\n\n\n\n<li><strong>Mar\u00eda Corina Machado:&nbsp;<\/strong>pol\u00edtica venezolana y l\u00edder de la oposici\u00f3n, defensora de la democracia y los derechos humanos.<\/li>\n\n\n\n<li><strong>Elon Musk:&nbsp;<\/strong>CEO de Tesla y SpaceX, emprendedor que impulsa la tecnolog\u00eda, la exploraci\u00f3n espacial y los veh\u00edculos el\u00e9ctricos.<\/li>\n\n\n\n<li><strong>Muhammad Yunus:&nbsp;<\/strong>laureado con el Premio Nobel de la Paz, conocido por ser pionero de las microfinanzas y los negocios sociales para aliviar la pobreza.<\/li>\n\n\n\n<li><strong>Howard Lutnick:&nbsp;<\/strong>ejecutivo de negocios, CEO de Cantor Fitzgerald, con gran influencia en los sectores financieros y tecnol\u00f3gicos.<\/li>\n\n\n\n<li><strong>Tedros Adhanom Ghebreyesus:&nbsp;<\/strong>director General de la Organizaci\u00f3n Mundial de la Salud.<\/li>\n\n\n\n<li><strong>J.D. Vance:&nbsp;<\/strong>vicepresidente de Estados Unidos.<\/li>\n\n\n\n<li><strong>Reshma Kewalramani<\/strong>&nbsp;- CEO de Vertex Pharmaceuticals, reconocida por su liderazgo en biotecnolog\u00eda y la innovaci\u00f3n en salud.<\/li>\n\n\n\n<li><strong>Friedrich Merz:&nbsp;<\/strong>presidente de la Uni\u00f3n Dem\u00f3crata Cristiana de Alemania (CDU). El Bundestag, la C\u00e1mara Baja del Parlamento alem\u00e1n, ha fijado para el 6 de mayo la sesi\u00f3n de la que te\u00f3ricamente saldr\u00e1 proclamado canciller.<\/li>\n\n\n\n<li><strong>Megyn Kelly:&nbsp;<\/strong>periodista y personalidad de los medios, conocida por su papel en la formaci\u00f3n del discurso p\u00fablico a trav\u00e9s de sus comentarios.<\/li>\n\n\n\n<li><strong>Lee Jae-myung:&nbsp;<\/strong>principal figura de la oposici\u00f3n de Corea del Sur y l\u00edder del Partido Dem\u00f3crata. Present\u00f3 este mi\u00e9rcoles su dimisi\u00f3n al frente de la formaci\u00f3n para poder presentares a las elecciones presidenciales previstas para el pr\u00f3ximo 3 de junio tras la destituci\u00f3n formal del ahora expresidente Yoon Suk Yeol.&nbsp;<\/li>\n\n\n\n<li><strong>Teresa Ribera:&nbsp;<\/strong>pol\u00edtica espa\u00f1ola, una figura prominente en la pol\u00edtica medioambiental y la lucha contra el cambio clim\u00e1tico.<\/li>\n\n\n\n<li><strong>Robert F. Kennedy Jr.<\/strong>&nbsp;abogado ambiental y activista.<\/li>\n\n\n\n<li><strong>Andrea Vidaurre:&nbsp;<\/strong>defensora de los derechos humanos y l\u00edder en la lucha por la justicia ambiental y el desarrollo sostenible.<\/li>\n\n\n\n<li><strong>Duma Boko:&nbsp;<\/strong>l\u00edder pol\u00edtico, trabajando por el desarrollo econ\u00f3mico y social en las naciones africanas.<\/li>\n\n\n\n<li><strong>Russell Vought:&nbsp;<\/strong>exdirector de la Oficina de Gesti\u00f3n y Presupuesto, influyente en la pol\u00edtica financiera y gubernamental de EE. UU.<\/li>\n\n\n\n<li><strong>Javier Milei:&nbsp;<\/strong>presidente de Argentina.<\/li>\n\n\n\n<li><strong>Noa Argamani:&nbsp;<\/strong>defensora de los derechos humanos y la justicia social.<\/li>\n\n\n\n<li><strong>Mo Abudu:&nbsp;<\/strong>influyente en la industria del entretenimiento y en la promoci\u00f3n de la cultura africana a nivel global.<\/li>\n\n\n\n<li><strong>Ahmed al-Sharaa:&nbsp;<\/strong>l\u00edder pol\u00edtico del Medio Oriente, enfocado en la paz y el desarrollo en las regiones en conflicto.<\/li>\n\n\n\n<li><strong>Robert Ford:&nbsp;<\/strong>diplom\u00e1tico de EEUU y l\u00edder en relaciones internacionales, especialmente en los asuntos del Medio Oriente.<\/li>\n<\/ul>\n\n\n\n<h3>Titanes<\/h3>\n\n\n\n<ul>\n<li><strong>Serena Williams:&nbsp;<\/strong>tenista legendaria estadounidense, considerada una de las mejores atletas de todos los tiempos.<\/li>\n\n\n\n<li><strong>Ed Bastian:&nbsp;<\/strong>CEO de Delta Air Lines.<\/li>\n\n\n\n<li><strong>Blake Lively:&nbsp;<\/strong>actriz y empresaria, conocida por su trabajo en cine y su defensa de los derechos de las mujeres.<\/li>\n\n\n\n<li><strong>Lorne Michaels:&nbsp;<\/strong>creador de \u201cSaturday Night Live\u201d, influyendo en la comedia y la televisi\u00f3n estadounidense durante d\u00e9cadas.<\/li>\n\n\n\n<li><strong>Simone Biles:&nbsp;<\/strong>gimnasta estadounidense, celebrada por sus logros hist\u00f3ricos y liderazgo en los deportes.<\/li>\n\n\n\n<li><strong>Doug McMillon:&nbsp;<\/strong>CEO de Walmart, liderando el mayor minorista del mundo en su transformaci\u00f3n digital y crecimiento corporativo.<\/li>\n\n\n\n<li><strong>Miuccia Prada:&nbsp;<\/strong>dise\u00f1adora de moda, l\u00edder de la marca ic\u00f3nica Prada y una figura central en las tendencias globales de la moda.<\/li>\n\n\n\n<li><strong>Percival Everett:&nbsp;<\/strong>autor estadounidense, conocido por sus obras que abordan la identidad afroamericana y la literatura.<\/li>\n\n\n\n<li><strong>Ted Sarandos:&nbsp;<\/strong>Co-CEO de Netflix, clave en el crecimiento de la plataforma de streaming y la innovaci\u00f3n en contenido.<\/li>\n\n\n\n<li><strong>Joe Rogan:&nbsp;<\/strong>comediante y presentador de podcast, influyente en los medios modernos y el discurso digital.<\/li>\n\n\n\n<li><strong>Lisa Su:&nbsp;<\/strong>CEO de AMD, reconocida por transformar la empresa en un l\u00edder en semiconductores.<\/li>\n\n\n\n<li><strong>Mark Zuckerberg:&nbsp;<\/strong>cofundador de Facebook (Meta), una de las figuras m\u00e1s influyentes en las redes sociales y la tecnolog\u00eda digital.<\/li>\n\n\n\n<li><strong>Bonnie Y Chan:&nbsp;<\/strong>l\u00edder empresarial, conocida por su trabajo emprendedor en tecnolog\u00eda e innovaci\u00f3n.<\/li>\n\n\n\n<li><strong>Alex Karp<\/strong>&nbsp;- CEO de Palantir Technologies, reconocido por su papel en el desarrollo de grandes datos y an\u00e1lisis.<\/li>\n\n\n\n<li><strong>Jonathan Greenblatt:&nbsp;<\/strong>CEO de la Liga Antidifamaci\u00f3n (ADL), liderando los esfuerzos contra la discriminaci\u00f3n y promoviendo los derechos civiles.<\/li>\n\n\n\n<li><strong>Stephen J. Squeri:&nbsp;<\/strong>CEO de American Express, figura clave en las finanzas globales y la transformaci\u00f3n digital.<\/li>\n<\/ul>\n\n\n\n<h3>Pioneros<\/h3>\n\n\n\n<ul>\n<li><strong>Demis Hassabis.&nbsp;<\/strong>cofundador de DeepMind, pionero en avances de inteligencia artificial.<\/li>\n\n\n\n<li><strong>Ros\u00e9:&nbsp;<\/strong>cantante y miembro del grupo K-pop BLACKPINK, destacada por su carrera en solitario y su impacto musical global.<\/li>\n\n\n\n<li><strong>Andrew Forrest:&nbsp;<\/strong>empresario australiano, enfocado en energ\u00edas renovables y en inversiones de impacto social.<\/li>\n\n\n\n<li><strong>Robert Montgomery:&nbsp;<\/strong>ambientalista e innovador, reconocido por su trabajo en sostenibilidad y conservaci\u00f3n.<\/li>\n\n\n\n<li><strong>Breanna Stewart y Napheesa Collier:&nbsp;<\/strong>jugadoras profesionales de baloncesto, l\u00edderes en la WNBA y defensoras de la igualdad de g\u00e9nero en el deporte.<\/li>\n\n\n\n<li><strong>Robin Wall Kimmerer:&nbsp;<\/strong>bot\u00e1nica y autora, conocida por su trabajo en conocimientos ecol\u00f3gicos y tradiciones ind\u00edgenas.<\/li>\n\n\n\n<li><strong>Dario Amodei:&nbsp;<\/strong>cofundador de Anthropic, trabajando en la alineaci\u00f3n \u00e9tica de la inteligencia artificial.<\/li>\n\n\n\n<li><strong>Myles Smith:&nbsp;<\/strong>innovador en tecnolog\u00eda digital y AI, centrado en mejorar la experiencia del usuario y el impacto social.<\/li>\n\n\n\n<li><strong>Cordelia B\u00e4hr:&nbsp;<\/strong>cient\u00edfica medioambiental, defensora de soluciones sostenibles ante el cambio clim\u00e1tico.<\/li>\n\n\n\n<li><strong>Julie Burkhart:&nbsp;<\/strong>activista de los derechos de las mujeres, conocida por su defensa en salud reproductiva y justicia.<\/li>\n\n\n\n<li><strong>Liang Wenfeng:&nbsp;<\/strong>ingeniero y emprendedor tecnol\u00f3gico, avanzando en la innovaci\u00f3n en rob\u00f3tica e inteligencia artificial.<\/li>\n\n\n\n<li><strong>Allison Sesso:&nbsp;<\/strong>defensora de la justicia social, trabajando en pol\u00edticas para combatir la pobreza y la desigualdad.<\/li>\n\n\n\n<li><strong>Tomas Cihlar y Wesley Sundquist:&nbsp;<\/strong>pioneros en la investigaci\u00f3n gen\u00e9tica, enfocados en terapias gen\u00e9ticas y curas para enfermedades.<\/li>\n<\/ul>\n\n\n\n<h3>Innovadores<\/h3>\n\n\n\n<ul>\n<li><strong>Snoop Dogg:&nbsp;<\/strong>rapero y empresario, con una influencia significativa en la m\u00fasica y los negocios.<\/li>\n\n\n\n<li><strong>Nikki Glaser:&nbsp;<\/strong>comediante y presentadora de televisi\u00f3n, conocida por su enfoque audaz de la comedia y temas sociales.<\/li>\n\n\n\n<li><strong>Ma Yansong:&nbsp;<\/strong>arquitecto, conocido por sus dise\u00f1os futuristas e innovadores.<\/li>\n\n\n\n<li><strong>Larry Fink:&nbsp;<\/strong>CEO de BlackRock, l\u00edder en la gesti\u00f3n de activos y moldeando los mercados financieros globales.<\/li>\n\n\n\n<li><strong>Kwame Onwuachi:&nbsp;<\/strong>chef y restaurador, conocido por sus contribuciones a las artes culinarias y la cultura afroamericana.<\/li>\n\n\n\n<li><strong>Sandra D\u00edaz:&nbsp;<\/strong>ambientalista, destacada por su trabajo global sobre biodiversidad y acci\u00f3n clim\u00e1tica.<\/li>\n\n\n\n<li><strong>Mickalene Thomas:&nbsp;<\/strong>artista, celebrada por sus obras que exploran la identidad afroamericana y el empoderamiento de las mujeres.<\/li>\n\n\n\n<li><strong>Jon M. Chu:&nbsp;<\/strong>director y productor, conocido por sus trabajos en pel\u00edculas como \u201cCrazy Rich Asians\u201d e \u201cIn the Heights.\u201d<\/li>\n\n\n\n<li><strong>Wendy Freedman:&nbsp;<\/strong>astrof\u00edsica, l\u00edder en la investigaci\u00f3n sobre la formaci\u00f3n del universo.<\/li>\n\n\n\n<li><strong>Josh Koskoff:&nbsp;<\/strong>innovador en la industria tecnol\u00f3gica y la ciberseguridad, impulsando cambios en la seguridad digital.<\/li>\n\n\n\n<li><strong>Chutatip \u201cNok\u201d Suntaranon:&nbsp;<\/strong>innovadora culinaria, combinando sabores tradicionales tailandeses con t\u00e9cnicas modernas.<\/li>\n\n\n\n<li><strong>Christian Happi:&nbsp;<\/strong>cient\u00edfico y l\u00edder en el campo de la salud global.<\/li>\n\n\n\n<li><strong>Ismahane Elouafi:&nbsp;<\/strong>experta en sostenibilidad agr\u00edcola, liderando esfuerzos para abordar la seguridad alimentaria y los desaf\u00edos clim\u00e1ticos.<\/li>\n\n\n\n<li><strong>Skye Perryman:&nbsp;<\/strong>defensora de la justicia ambiental, centrada en la reforma pol\u00edtica y la resiliencia clim\u00e1tica.<\/li>\n\n\n\n<li><strong>Tim Cadogan:&nbsp;<\/strong>empresario tecnol\u00f3gico, reconocido por su trabajo en publicidad digital y an\u00e1lisis de datos.<\/li>\n\n\n\n<li><strong>Richard Thompson:&nbsp;<\/strong>cient\u00edfico y l\u00edder en medicina gen\u00f3mica, avanzando en la atenci\u00f3n m\u00e9dica personalizada.<\/li>\n<\/ul>\n","protected":false},"excerpt":{"rendered":"<p>El presidente argentino integra la secci\u00f3n \u201cl\u00edderes mundiales\u201d, junto a Donald Trump, Claudia Sheinbaum y Keir Starmer. El listado, adem\u00e1s, lo integran Elon Musk, Mark Zuckerberg, Ed Sheeran y Gis\u00e8le Pelicot. El presidente&nbsp;Javier Milei&nbsp;integra la lista de las&nbsp;100 personas m\u00e1s influyentes del mundo&nbsp;que confecciona la reconocida&nbsp;revista Time. El Jefe de Estado integra la secci\u00f3n de [&hellip;]<\/p>\n","protected":false},"author":5,"featured_media":425974,"comment_status":"open","ping_status":"open","sticky":false,"template":"","format":"standard","meta":{"_stopmodifiedupdate":false,"_modified_date":"","inline_featured_image":false,"spay_email":"","jetpack_publicize_message":""},"categories":[501],"tags":[],"jetpack_featured_media_url":"https:\/\/notinor.com\/jujuy\/wp-content\/uploads\/2025\/04\/MILEI-5.jpg","jetpack_publicize_connections":[],"_links":{"self":[{"href":"https:\/\/notinor.com\/jujuy\/wp-json\/wp\/v2\/posts\/425973"}],"collection":[{"href":"https:\/\/notinor.com\/jujuy\/wp-json\/wp\/v2\/posts"}],"about":[{"href":"https:\/\/notinor.com\/jujuy\/wp-json\/wp\/v2\/types\/post"}],"author":[{"embeddable":true,"href":"https:\/\/notinor.com\/jujuy\/wp-json\/wp\/v2\/users\/5"}],"replies":[{"embeddable":true,"href":"https:\/\/notinor.com\/jujuy\/wp-json\/wp\/v2\/comments?post=425973"}],"version-history":[{"count":1,"href":"https:\/\/notinor.com\/jujuy\/wp-json\/wp\/v2\/posts\/425973\/revisions"}],"predecessor-version":[{"id":425975,"href":"https:\/\/notinor.com\/jujuy\/wp-json\/wp\/v2\/posts\/425973\/revisions\/425975"}],"wp:featuredmedia":[{"embeddable":true,"href":"https:\/\/notinor.com\/jujuy\/wp-json\/wp\/v2\/media\/425974"}],"wp:attachment":[{"href":"https:\/\/notinor.com\/jujuy\/wp-json\/wp\/v2\/media?parent=425973"}],"wp:term":[{"taxonomy":"category","embeddable":true,"href":"https:\/\/notinor.com\/jujuy\/wp-json\/wp\/v2\/categories?post=425973"},{"taxonomy":"post_tag","embeddable":true,"href":"https:\/\/notinor.com\/jujuy\/wp-json\/wp\/v2\/tags?post=425973"}],"curies":[{"name":"wp","href":"https:\/\/api.w.org\/{rel}","templated":true}]}}