{"id":425967,"date":"2025-04-16T11:26:03","date_gmt":"2025-04-16T14:26:03","guid":{"rendered":"https:\/\/notinor.com\/jujuy\/?p=425967"},"modified":"2025-04-16T11:26:04","modified_gmt":"2025-04-16T14:26:04","slug":"francos-va-a-diputados-para-un-informe-de-gestion-enmarcado-en-el-caso-libra-y-el-acuerdo-con-el-fmi","status":"publish","type":"post","link":"https:\/\/notinor.com\/jujuy\/francos-va-a-diputados-para-un-informe-de-gestion-enmarcado-en-el-caso-libra-y-el-acuerdo-con-el-fmi\/","title":{"rendered":"Francos va a Diputados para un informe de gesti\u00f3n enmarcado en el caso $Libra y el acuerdo con el FMI"},"content":{"rendered":"\n<p class=\"has-medium-font-size\"><strong><em>El jefe de Gabinete responder\u00e1 m\u00e1s de 2000 preguntas que le mandaron por escrito. Las ausencias y la estrategia libertaria para sortear la presi\u00f3n. La semana que viene regresar\u00e1 para ser interpelador.<\/em><\/strong><\/p>\n\n\n\n<p class=\"has-text-align-center\"><img decoding=\"async\" loading=\"lazy\" height=\"1080\" width=\"1920\" src=\"https:\/\/www.infobae.com\/resizer\/v2\/VS7NUTLYPVGEXJF2BUS6QDQN64.jpg?auth=1a6b5bb584e4213eeb234a6de0584b525fe112db15b6f8023b3e9181ca923cd1&amp;smart=true&amp;width=350&amp;height=197&amp;quality=85\" alt=\"Guillermo Francos en Diputados \">Guillermo Francos en Diputados<\/p>\n\n\n\n<p><strong>Guillermo Francos,&nbsp;<\/strong>jefe de Gabinete del gobierno de&nbsp;<strong>La Libertad Avanza<\/strong>,&nbsp;<strong>comparecer\u00e1<\/strong>&nbsp;hoy ante la C\u00e1mara de&nbsp;<strong>Diputados<\/strong>&nbsp;para cumplir con la presentaci\u00f3n de su<strong>&nbsp;informe de gesti\u00f3n,&nbsp;<\/strong>una obligaci\u00f3n establecida por la Constituci\u00f3n. Este requerimiento estipula que el funcionario debe asistir mensualmente, alternando entre las c\u00e1maras legislativas. Sin embargo, esta pr\u00e1ctica ha sido poco frecuente en la historia reciente, y la actual administraci\u00f3n no ha sido la excepci\u00f3n. Este ser\u00e1 el segundo informa de gesti\u00f3n de Francos desde que asumi\u00f3 en el cargo.<\/p>\n\n\n\n<p>Todo est\u00e1 listo para que a las 14:30 ingrese Francos al recinto que mostrar\u00e1&nbsp;<strong>varias bancas vac\u00edas<\/strong>. Esas ausencias son algo que<strong>&nbsp;se busc\u00f3<\/strong>&nbsp;por parte de la Casa Rosada ya que la sesi\u00f3n ocurre en la previa a los feriados de Semana Santa y un d\u00eda despu\u00e9s de que culmine Pesaj, lo que complica la llegada de legisladores de las zonas m\u00e1s alejadas. Tanto es as\u00ed que<strong>&nbsp;el PRO pidi\u00f3 postergarlo&nbsp;<\/strong>por el fin de semana largo, alegando que varios diputados del interior no consiguen vuelos para regresar a tiempo desde sus provincias.<\/p>\n\n\n\n<p>Pero, adem\u00e1s, como Francos va a hacer un informe sobre el caso&nbsp;<strong>$Libra,&nbsp;<\/strong>varios diputados entendieron que esa jugada era para&nbsp;<strong>evitar un llamado a una interpelaci\u00f3n<\/strong>, algo que<strong>&nbsp;finalmente sucedi\u00f3&nbsp;<\/strong>y que se realizara la semana que viene.<\/p>\n\n\n\n<p>Por otro lado, Francos no s\u00f3lo aprovech\u00f3 las fechas para esquivar la presencia de algunos legisladores sino que\u00a0<strong>estir\u00f3 al m\u00e1ximo el plazo para entregar\u00a0<\/strong>las\u00a0<strong>respuestas<\/strong>\u00a0a las m\u00e1s de\u00a0<strong>2300 preguntas<\/strong>\u00a0-recibi\u00f3 4.000, pero varias se repet\u00edan. Ayer, pasada la media tarde, los diputados a\u00fan no hab\u00edan recibido el documento con las respuestas a sus preguntas, trabajo que incluyen\u00a0<strong>70 respuestas<\/strong>\u00a0espec\u00edficas relacionadas con las 120 preguntas que surgieron tras el esc\u00e1ndalo de<strong>\u00a0$Libra.<\/strong><\/p>\n\n\n\n<p class=\"has-text-align-center\"><img decoding=\"async\" loading=\"lazy\" height=\"1536\" width=\"2048\" src=\"https:\/\/www.infobae.com\/resizer\/v2\/DI5QRGC3BBGFVJ4AS3BFOZMPVY.jfif?auth=eb0589b91e8a3ade2922b0f683c4236625eee44e07da0a7a480fde938153f5c2&amp;smart=true&amp;width=350&amp;height=263&amp;quality=85\" alt=\"Javier Milei junto a Hayden\">Javier Milei junto a Hayden Davis, creador de $LIBRA<\/p>\n\n\n\n<p>Para el informe de gesti\u00f3n&nbsp;<strong>no hace falta tener qu\u00f3rum,&nbsp;<\/strong>pero en el Congreso aseguraban ayer que&nbsp;<strong>Jefatura de Gabinete reten\u00eda las respuestas<\/strong>&nbsp;-no hay plazo previo para que sean enviadas-<strong>&nbsp;\u201cporque est\u00e1 buscando tener 130 diputados aliados\u201d. \u201cImagino que est\u00e1n llamando y veo que<\/strong>&nbsp;hay muchos aliados que no sientan muchos de sus diputados.<strong>&nbsp;La presencia de esa cantidad de diputados no tiene que ver con el qu\u00f3rum sino que es clave para que definamos repreguntas\u201d<\/strong>, explicaron a&nbsp;<strong>Infobae<\/strong>.<\/p>\n\n\n\n<p>Pero Francos llega justo en un momento en donde los diputados de la&nbsp;<strong>oposici\u00f3n<\/strong>&nbsp;tomaron envi\u00f3n y lograron juntar el n\u00famero y los votos para poder<strong>&nbsp;avanzar en una investigaci\u00f3n<\/strong>&nbsp;por la estafa de la&nbsp;<strong>cripto moneda&nbsp;<\/strong>yd\u00edas de que se anunciara el&nbsp;<strong>acuerdo definitivo con el FMI<\/strong>&nbsp;por USD 20.000 millones el cual incluye&nbsp;<strong>modificaciones<\/strong>&nbsp;en las legislaciones<strong>&nbsp;laborales y previsionales<\/strong>&nbsp;y la salida de una parte del&nbsp;<strong>cepo cambiario.<\/strong><\/p>\n\n\n\n<p>Aunque las preguntas enviadas son previas al anuncio, el Jefe de Gabinete se referir\u00e1 al nuevo pr\u00e9stamo del FMI y a la nueva pol\u00edtica monetaria y cambiaria que establece el precio del d\u00f3lar en bandas cambiarias entre $1000 y $1400.<\/p>\n\n\n\n<p>El diputado de la Coalici\u00f3n C\u00edvica\u00a0<strong>Maximiliano Ferraro<\/strong>, que no asistir\u00e1, le reclam\u00f3 esta posici\u00f3n a Francos. \u201cEl informe mensual sobre la marcha del gobierno es una instancia de rendici\u00f3n de cuentas distinta e independiente de las otras previstas en la Constituci\u00f3n.\u00a0<strong>Mezclarlas es vaciar de contenido la funci\u00f3n de control del Congreso\u201d,\u00a0<\/strong>se\u00f1al\u00f3. \u201cLo que est\u00e1 en juego no es un tecnicismo parlamentario, sino el respeto por las instituciones, la divisi\u00f3n de poderes y el rol de esta C\u00e1mara como contralor del Poder Ejecutivo\u201d, agreg\u00f3.<\/p>\n\n\n\n<p class=\"has-text-align-center\"><img decoding=\"async\" loading=\"lazy\" height=\"1081\" width=\"1920\" src=\"https:\/\/www.infobae.com\/resizer\/v2\/ZYWY3BQJY5EKNLU4JMZ63JWONY.jpg?auth=fdfe2b211f510fcdb0cc05590a1ab7d8d29b3adfad44ea7f771d4bf594189d3e&amp;smart=true&amp;width=350&amp;height=197&amp;quality=85\" alt=\"Francos ya expuso ante el\">Francos ya expuso ante el Congreso <\/p>\n\n\n\n<p>Parte de la estrategia del oficialismo que incluye la presencia de Francos hoy en Diputados tiene que ver con la b\u00fasqueda de&nbsp;<strong>retomar la centralidad<\/strong>&nbsp;de la agenda parlamentaria luego de varias semanas de derrotas de parte del oficialismo en el Congreso.<\/p>\n\n\n\n<p>La Libertad Avanza viene del<strong>&nbsp;rechazo de los pliegos de los jueces<\/strong>&nbsp;de la Corte Suprema en el Senado, lo que represent\u00f3 un golpe significativo para el gobierno que culmin\u00f3 con la renuncia de Manuel Garc\u00eda-Mansilla a su cargo en el M\u00e1ximo Tribunal. Y a este rev\u00e9s se suma a la<strong>&nbsp;creaci\u00f3n de la comisi\u00f3n investigadora en Diputados<\/strong>, que pone bajo escrutinio las decisiones del presidente Javier Milei y su equipo en el caso de $Libra que, adem\u00e1s, comienza a tener vuelo judicial.<\/p>\n\n\n\n<p>El informe de gesti\u00f3n y las interpelaciones programadas para la pr\u00f3xima semana ser\u00e1n momentos cruciales para medir la capacidad del gobierno de sortear las dificultades y avanzar en su agenda. Seg\u00fan report\u00f3 el medio, la confirmaci\u00f3n de la presentaci\u00f3n de Francos demuestra la intenci\u00f3n del Ejecutivo de cumplir con sus obligaciones institucionales, aunque el impacto pol\u00edtico de estos eventos a\u00fan est\u00e1 por definirse.<\/p>\n","protected":false},"excerpt":{"rendered":"<p>El jefe de Gabinete responder\u00e1 m\u00e1s de 2000 preguntas que le mandaron por escrito. Las ausencias y la estrategia libertaria para sortear la presi\u00f3n. La semana que viene regresar\u00e1 para ser interpelador. Guillermo Francos en Diputados Guillermo Francos,&nbsp;jefe de Gabinete del gobierno de&nbsp;La Libertad Avanza,&nbsp;comparecer\u00e1&nbsp;hoy ante la C\u00e1mara de&nbsp;Diputados&nbsp;para cumplir con la presentaci\u00f3n de su&nbsp;informe [&hellip;]<\/p>\n","protected":false},"author":5,"featured_media":425968,"comment_status":"open","ping_status":"open","sticky":false,"template":"","format":"standard","meta":{"_stopmodifiedupdate":false,"_modified_date":"","inline_featured_image":false,"spay_email":"","jetpack_publicize_message":""},"categories":[501],"tags":[],"jetpack_featured_media_url":"https:\/\/notinor.com\/jujuy\/wp-content\/uploads\/2025\/04\/FRANCOS.jpg","jetpack_publicize_connections":[],"_links":{"self":[{"href":"https:\/\/notinor.com\/jujuy\/wp-json\/wp\/v2\/posts\/425967"}],"collection":[{"href":"https:\/\/notinor.com\/jujuy\/wp-json\/wp\/v2\/posts"}],"about":[{"href":"https:\/\/notinor.com\/jujuy\/wp-json\/wp\/v2\/types\/post"}],"author":[{"embeddable":true,"href":"https:\/\/notinor.com\/jujuy\/wp-json\/wp\/v2\/users\/5"}],"replies":[{"embeddable":true,"href":"https:\/\/notinor.com\/jujuy\/wp-json\/wp\/v2\/comments?post=425967"}],"version-history":[{"count":1,"href":"https:\/\/notinor.com\/jujuy\/wp-json\/wp\/v2\/posts\/425967\/revisions"}],"predecessor-version":[{"id":425969,"href":"https:\/\/notinor.com\/jujuy\/wp-json\/wp\/v2\/posts\/425967\/revisions\/425969"}],"wp:featuredmedia":[{"embeddable":true,"href":"https:\/\/notinor.com\/jujuy\/wp-json\/wp\/v2\/media\/425968"}],"wp:attachment":[{"href":"https:\/\/notinor.com\/jujuy\/wp-json\/wp\/v2\/media?parent=425967"}],"wp:term":[{"taxonomy":"category","embeddable":true,"href":"https:\/\/notinor.com\/jujuy\/wp-json\/wp\/v2\/categories?post=425967"},{"taxonomy":"post_tag","embeddable":true,"href":"https:\/\/notinor.com\/jujuy\/wp-json\/wp\/v2\/tags?post=425967"}],"curies":[{"name":"wp","href":"https:\/\/api.w.org\/{rel}","templated":true}]}}