{"id":425879,"date":"2025-04-15T09:20:28","date_gmt":"2025-04-15T12:20:28","guid":{"rendered":"https:\/\/notinor.com\/jujuy\/?p=425879"},"modified":"2025-04-15T09:20:29","modified_gmt":"2025-04-15T12:20:29","slug":"estamos-sorprendidos-la-reaccion-del-campo-por-el-anuncio-de-javier-milei-sobre-el-aumento-de-las-retenciones-a-partir-de-julio","status":"publish","type":"post","link":"https:\/\/notinor.com\/jujuy\/estamos-sorprendidos-la-reaccion-del-campo-por-el-anuncio-de-javier-milei-sobre-el-aumento-de-las-retenciones-a-partir-de-julio\/","title":{"rendered":"\u201cEstamos sorprendidos\u201d: la reacci\u00f3n del campo por el anuncio de Javier Milei sobre el aumento de las retenciones a partir de julio"},"content":{"rendered":"\n<p class=\"has-medium-font-size\"><strong><em>El Primer Mandatario confirm\u00f3 que la baja temporal de las al\u00edcuotas finaliza el 30 de junio.Las ventas de soja y ma\u00edz est\u00e1s retrasadas.<\/em><\/strong><\/p>\n\n\n<div class=\"wp-block-image\">\n<figure class=\"aligncenter size-full is-resized\"><img decoding=\"async\" loading=\"lazy\" src=\"https:\/\/notinor.com\/jujuy\/wp-content\/uploads\/2025\/04\/MILEI1.jpg\" alt=\"\" class=\"wp-image-425880\" width=\"641\" height=\"579\" srcset=\"https:\/\/notinor.com\/jujuy\/wp-content\/uploads\/2025\/04\/MILEI1.jpg 526w, https:\/\/notinor.com\/jujuy\/wp-content\/uploads\/2025\/04\/MILEI1-404x365.jpg 404w\" sizes=\"(max-width: 641px) 100vw, 641px\" \/><figcaption class=\"wp-element-caption\">Jvier Milei y Luis Caputto<\/figcaption><\/figure><\/div>\n\n\n<p>\"Av\u00edsenle al campo que si tienen que liquidar, liquiden ahora, porque en junio les vuelven las retenciones\". Con esta fuerte frase el Presidente&nbsp;<a href=\"https:\/\/www.clarin.com\/tema\/javier-milei.html?srsltid=AfmBOopc1TMqcKhIhM_diUvhZr09bjuRYdN2Qad4lO6f7-oS7zSF16h_\" target=\"_blank\" rel=\"noreferrer noopener\">Javier Milei&nbsp;<\/a>confirm\u00f3 que a partir de julio las retenciones suben otra vez y provoc\u00f3 la reacci\u00f3n del sector agropecuario mientras avanza la cosecha de ma\u00edz y soja.<\/p>\n\n\n\n<p>\"<strong>Estamos sorprendidos<\/strong>\", dijo el presidente de Coninagro,&nbsp;<strong>Lucas Magnano,<\/strong>&nbsp;sobre las declaraciones del Primer Mandatario para la radio El Observador.<\/p>\n\n\n\n<p>\"No esper\u00e1bamos esa medida sobre las retenciones en este momento\", agreg\u00f3 el titular de una de las entidades de la mesa de enlace.<\/p>\n\n\n\n<p>Seg\u00fan aclar\u00f3 el dirigente, esperaba una comunicaci\u00f3n oficial para trabajar sobre este tema tan importante para el campo. \"Insistimos que el productor necesita previsibilidad y pol\u00edticas a largo plazo\", afirm\u00f3.<\/p>\n\n\n\n<p>La advertencia de Javier Milei al campo: \"Que liquiden ahora porque en junio vuelven las retenciones\"<\/p>\n\n\n\n<p>As\u00ed, a partir de julio, la al\u00edcuota de las retenciones para la soja pasar\u00e1 de 26% a 33% mientras que los derivados de soja (harina y aceite) pasar\u00e1 de 24,5% a 31%. En el caso del trigo, ma\u00edz, sorgo y cebada se elevar\u00e1n de 9,5% a 12% y el girasol ir\u00e1 de 5,5% a 7%.<\/p>\n\n\n\n<p>\"Los dichos del Presidente nos hacen acordar a a otras \u00e9pocas de la pol\u00edtica que pens\u00e1bamos que hab\u00edan quedado atr\u00e1s\", reaccion\u00f3 el presidente de Carbap,\u00a0<strong>Ignacio Kovarsky<\/strong>, quien calific\u00f3 como una \"amenaza\" los dichos de Milei. \"Ser\u00eda lamentable que tenga que volver a a subir impuestos por m\u00e1s que lo haya sido anunciado como una baja transitoria\", agreg\u00f3.<\/p>\n\n\n\n<p class=\"has-text-align-center\"><img decoding=\"async\" loading=\"lazy\" width=\"720\" height=\"480\" src=\"https:\/\/www.clarin.com\/img\/2024\/11\/27\/hFZBt7iD0_720x0__1.jpg\" alt=\"Lucas Magnano, titular de Coninagro.\">Lucas Magnano, titular de Coninagro.<\/p>\n\n\n\n<p>\"Si bien es verdad que el Presidente anunci\u00f3 que era transitorias,<strong>&nbsp;desde el sector aspiramos a que esto sea permanente<\/strong>&nbsp;y que a partir del primero de julio se haga una reducci\u00f3n gradual y y constante de los derechos de exportaci\u00f3n\", se\u00f1al\u00f3.<\/p>\n\n\n\n<p>Seg\u00fan el dirigente, la pol\u00edtica econ\u00f3mica que est\u00e1 llevando al adelante Javier Milei, sin baja en las retenciones, lo \"\u00fanico que garantiza en el 2026 haya menos d\u00f3lares del sector agropecuario porque la producci\u00f3n va a caer. Con este nivel de precios, el campo argentino no es competitivo y va a caer la producci\u00f3n\", apunt\u00f3.<\/p>\n\n\n\n<p>Para Kovarsky, es una mala se\u00f1al para aquellos productores que est\u00e1n pensando en sembrar trigo.<\/p>\n\n\n\n<p class=\"has-text-align-center\"><img decoding=\"async\" loading=\"lazy\" width=\"720\" height=\"480\" src=\"https:\/\/www.clarin.com\/img\/2024\/07\/26\/rZIGDptw0_720x0__1.jpg\" alt=\"Ignacio Kovarsky, presidente de Carbap. \">Ignacio Kovarsky, presidente de Carbap.<\/p>\n\n\n\n<p>\"El productor de escala mediana o el de peque\u00f1a escala est\u00e1 en plena cosecha y va a liquidar el grano que necesite para poder hacer frente a todos los costos que tiene la cosecha, eso es inminente, siempre es as\u00ed. No es el productor agropecuario el que especula guard\u00e1ndose el cereal, lo va a hacer en la medida que sea necesario para vivir y para pagar los costos de la cosecha\", explic\u00f3 la presidenta de Federaci\u00f3n Agraria Argentina, Andrea Sarnari.<\/p>\n\n\n\n<p>\"De todas maneras, seguiremos insistiendo en la necesidad de seguir en el camino de la eliminaci\u00f3n de la presi\u00f3n fiscal que al productor tanto lo afecta, pero fundamentalmente en el tema de retenciones: que la baja transitoria dispuesta hasta el 30 de junio que se convierta en definitiva\", indic\u00f3.<\/p>\n\n\n\n<p>La semana pasada se realiz\u00f3 una <strong>reuni\u00f3n de la Comisi\u00f3n de Agricultura de la C\u00e1mara de Diputados<\/strong>, \u00a0donde hubo fuerte y amplio el pedido del campo para que se eliminen las retenciones. Varias entidades lo plantearon en las exposiciones institucionales convocadas para analizar los doce proyectos que presentaron los legisladores y que podr\u00edan derivar en un dictamen conjunto y luego en una votaci\u00f3n plenaria en el recinto.<\/p>\n\n\n\n<p>En esta campa\u00f1a agr\u00edcola los productores retrasaron la decisi\u00f3n de ventas de la soja. Seg\u00fan datos oficiales al 2 de abril,<strong>&nbsp;los chacareros se desprendieron del 18,9% de las 49,6 millones de toneladas que se prev\u00e9n cosechar este campa\u00f1<\/strong>a, por detr\u00e1s de lo que fueron a esta misma fecha en los anteriores ciclos productivos: 22,5 en el ciclo 23\/24, 28,5% en el ciclo 22\/23 y 28,9% en el ciclo 21\/22. Y&nbsp;<strong>todav\u00eda quedan 11 millones de toneladas sin comercializar de la campa\u00f1a pasada.<\/strong><\/p>\n\n\n\n<p>Las ventas de ma\u00edz tambi\u00e9n vienen m\u00e1s lentas que a\u00f1os anteriores. al 2 de abril, la comercializaci\u00f3n de los chacareros era del 23,8% de las 49 millones de toneladas que se proyectan producir del cereal, contra el 32,4% de la campa\u00f1a 23\/24, el 26,3% de la 22\/23 y el 41,3% de la campa\u00f1a 21\/22.<\/p>\n\n\n\n<p>Quien quiso bajarle el tono a la pol\u00e9mica fue el presidente de la Sociedad Rural Argentina,&nbsp;<strong>Nicol\u00e1s Pino<\/strong>. Tras la reuni\u00f3n sobre la barrera sanitaria entre los dirigentes rurales y ministros de la Patagonia con el secretario de Agricultura,&nbsp;<strong>Sergio Iraeta,&nbsp;<\/strong>el dirigente m\u00e1s cercano al Presidente de la Naci\u00f3n habl\u00f3 con la prensa y afirm\u00f3 que no se habl\u00f3 del tema retenciones en el encuentro<strong>.<\/strong><\/p>\n\n\n\n<p>\"Cuando firm\u00f3 el decreto (Javier Milei) all\u00e1 por el mes de enero dijo que esta medida terminaba el 30 de junio, as\u00ed que lo que hizo fue describir lo que \u00e9l dispuso\", remarc\u00f3<\/p>\n","protected":false},"excerpt":{"rendered":"<p>El Primer Mandatario confirm\u00f3 que la baja temporal de las al\u00edcuotas finaliza el 30 de junio.Las ventas de soja y ma\u00edz est\u00e1s retrasadas. \"Av\u00edsenle al campo que si tienen que liquidar, liquiden ahora, porque en junio les vuelven las retenciones\". Con esta fuerte frase el Presidente&nbsp;Javier Milei&nbsp;confirm\u00f3 que a partir de julio las retenciones suben [&hellip;]<\/p>\n","protected":false},"author":5,"featured_media":425881,"comment_status":"open","ping_status":"open","sticky":false,"template":"","format":"standard","meta":{"_stopmodifiedupdate":false,"_modified_date":"","inline_featured_image":false,"spay_email":"","jetpack_publicize_message":""},"categories":[2542],"tags":[],"jetpack_featured_media_url":"https:\/\/notinor.com\/jujuy\/wp-content\/uploads\/2025\/04\/MILEI-3.jpg","jetpack_publicize_connections":[],"_links":{"self":[{"href":"https:\/\/notinor.com\/jujuy\/wp-json\/wp\/v2\/posts\/425879"}],"collection":[{"href":"https:\/\/notinor.com\/jujuy\/wp-json\/wp\/v2\/posts"}],"about":[{"href":"https:\/\/notinor.com\/jujuy\/wp-json\/wp\/v2\/types\/post"}],"author":[{"embeddable":true,"href":"https:\/\/notinor.com\/jujuy\/wp-json\/wp\/v2\/users\/5"}],"replies":[{"embeddable":true,"href":"https:\/\/notinor.com\/jujuy\/wp-json\/wp\/v2\/comments?post=425879"}],"version-history":[{"count":1,"href":"https:\/\/notinor.com\/jujuy\/wp-json\/wp\/v2\/posts\/425879\/revisions"}],"predecessor-version":[{"id":425882,"href":"https:\/\/notinor.com\/jujuy\/wp-json\/wp\/v2\/posts\/425879\/revisions\/425882"}],"wp:featuredmedia":[{"embeddable":true,"href":"https:\/\/notinor.com\/jujuy\/wp-json\/wp\/v2\/media\/425881"}],"wp:attachment":[{"href":"https:\/\/notinor.com\/jujuy\/wp-json\/wp\/v2\/media?parent=425879"}],"wp:term":[{"taxonomy":"category","embeddable":true,"href":"https:\/\/notinor.com\/jujuy\/wp-json\/wp\/v2\/categories?post=425879"},{"taxonomy":"post_tag","embeddable":true,"href":"https:\/\/notinor.com\/jujuy\/wp-json\/wp\/v2\/tags?post=425879"}],"curies":[{"name":"wp","href":"https:\/\/api.w.org\/{rel}","templated":true}]}}