{"id":425870,"date":"2025-04-14T23:27:44","date_gmt":"2025-04-15T02:27:44","guid":{"rendered":"https:\/\/notinor.com\/jujuy\/?p=425870"},"modified":"2025-04-14T23:27:46","modified_gmt":"2025-04-15T02:27:46","slug":"lo-condenaron-a-12-anos-de-prision-de-ejecucion-efectiva-por-abusar-sexualmente-de-su-abuela-en-vinalito","status":"publish","type":"post","link":"https:\/\/notinor.com\/jujuy\/lo-condenaron-a-12-anos-de-prision-de-ejecucion-efectiva-por-abusar-sexualmente-de-su-abuela-en-vinalito\/","title":{"rendered":"Lo condenaron a 12 a\u00f1os de prisi\u00f3n de ejecuci\u00f3n efectiva por abusar sexualmente de su abuela en Vinalito"},"content":{"rendered":"\n<p class=\"has-medium-font-size\"><strong><em>En un Juicio Abreviado, un sujeto identificado como D.A.P fue condenado a la pena de 12 a\u00f1os de prisi\u00f3n de ejecuci\u00f3n efectiva por su responsabilidad penal como autor del delito de \u201cAbuso sexual con acceso carnal agravado por ser cometido por un descendiente\u201d, hecho que tuvo como v\u00edctima a la abuela del sentenciado.<\/em><\/strong><\/p>\n\n\n\n<p><\/p>\n\n\n<div class=\"wp-block-image\">\n<figure class=\"aligncenter size-full\"><img decoding=\"async\" loading=\"lazy\" width=\"800\" height=\"450\" src=\"https:\/\/notinor.com\/jujuy\/wp-content\/uploads\/2025\/04\/EDIFICIO-CENTRO-JUDICIAL-LIBERTADOR-GENERAL-SAN-MARTIN.jpg\" alt=\"\" class=\"wp-image-425871\" srcset=\"https:\/\/notinor.com\/jujuy\/wp-content\/uploads\/2025\/04\/EDIFICIO-CENTRO-JUDICIAL-LIBERTADOR-GENERAL-SAN-MARTIN.jpg 800w, https:\/\/notinor.com\/jujuy\/wp-content\/uploads\/2025\/04\/EDIFICIO-CENTRO-JUDICIAL-LIBERTADOR-GENERAL-SAN-MARTIN-649x365.jpg 649w, https:\/\/notinor.com\/jujuy\/wp-content\/uploads\/2025\/04\/EDIFICIO-CENTRO-JUDICIAL-LIBERTADOR-GENERAL-SAN-MARTIN-500x280.jpg 500w, https:\/\/notinor.com\/jujuy\/wp-content\/uploads\/2025\/04\/EDIFICIO-CENTRO-JUDICIAL-LIBERTADOR-GENERAL-SAN-MARTIN-768x432.jpg 768w, https:\/\/notinor.com\/jujuy\/wp-content\/uploads\/2025\/04\/EDIFICIO-CENTRO-JUDICIAL-LIBERTADOR-GENERAL-SAN-MARTIN-750x422.jpg 750w\" sizes=\"(max-width: 800px) 100vw, 800px\" \/><\/figure><\/div>\n\n\n<p><\/p>\n\n\n\n<p>La condena fue aplicada recientemente por el juez Dr. Leonardo Ariel Zazzali al hacer lugar al acuerdo arribado por el representante del Ministerio P\u00fablico de la Acusaci\u00f3n, Dr. Ernesto L\u00edan Resua, y el acusado D.A.P. junto su abogado defensor, Dr. Pablo Mois\u00e9s Angulo Alarc\u00f3n, en los t\u00e9rminos previstos por el Art. 411 del C\u00f3digo Procesal Penal \u2013 Ley N\u00ba 6.259.<\/p>\n\n\n\n<p><strong>El magistrado, adem\u00e1s, orden\u00f3 el traslado del condenado al Servicio Penitenciario provincial, como as\u00ed tambi\u00e9n la obtenci\u00f3n de los perfiles gen\u00e9ticos a los efectos de su incorporaci\u00f3n al Registro Nacional de Datos Gen\u00e9ticos vinculados a Delitos contra la Integridad Sexual.<\/strong><\/p>\n\n\n\n<p class=\"has-medium-font-size\"><strong>Hechos<\/strong><\/p>\n\n\n\n<p>Seg\u00fan la requisitoria de la Fiscal\u00eda, D.A.P fue enjuiciado por lo ocurrido el 31 de marzo de 2024, entre las 03.00 y 03.30 horas aproximadamente, <strong>en circunstancias en las que la abuela materna del acusado -de 95 a\u00f1os de edad- se encontraba durmiendo en una cama de una de las habitaciones de la vivienda ubicada en la localidad de Vinalito, Departamento Santa B\u00e1rbara, donde la anciana reside junto a su hija y el esposo de esta \u00faltima.<\/strong><\/p>\n\n\n\n<p>El imputado tambi\u00e9n se encontraba en misma habitaci\u00f3n debido a que le hab\u00eda solicitado a su t\u00eda -hija de su abuela -, permiso para pernoctar all\u00ed.<\/p>\n\n\n\n<p>En ese marco, aprovechando que su abuela no pod\u00eda consentir su accionar porque hab\u00eda ingerido un remedio para inducir el sue\u00f1o, la abus\u00f3 sexualmente, siendo sorprendido por su t\u00eda quien se hizo presente en el dormitorio al escuchar ruidos. <strong>La denunciante e hija de la v\u00edctima, observ\u00f3 al encender la luz de la habitaci\u00f3n al acusado cometiendo el abuso y, luego de reclamarle por lo que hab\u00eda presenciado y vestir a su madre, se dirigi\u00f3 al puesto de salud a solicitar una ambulancia para trasladar a la v\u00edctima hacia la localidad de El Talar, en donde radic\u00f3 la correspondiente denuncia.<\/strong><\/p>\n","protected":false},"excerpt":{"rendered":"<p>En un Juicio Abreviado, un sujeto identificado como D.A.P fue condenado a la pena de 12 a\u00f1os de prisi\u00f3n de ejecuci\u00f3n efectiva por su responsabilidad penal como autor del delito de \u201cAbuso sexual con acceso carnal agravado por ser cometido por un descendiente\u201d, hecho que tuvo como v\u00edctima a la abuela del sentenciado. La condena [&hellip;]<\/p>\n","protected":false},"author":49,"featured_media":425871,"comment_status":"open","ping_status":"open","sticky":false,"template":"","format":"standard","meta":{"_stopmodifiedupdate":false,"_modified_date":"","inline_featured_image":false,"spay_email":"","jetpack_publicize_message":""},"categories":[4,3],"tags":[],"jetpack_featured_media_url":"https:\/\/notinor.com\/jujuy\/wp-content\/uploads\/2025\/04\/EDIFICIO-CENTRO-JUDICIAL-LIBERTADOR-GENERAL-SAN-MARTIN.jpg","jetpack_publicize_connections":[],"_links":{"self":[{"href":"https:\/\/notinor.com\/jujuy\/wp-json\/wp\/v2\/posts\/425870"}],"collection":[{"href":"https:\/\/notinor.com\/jujuy\/wp-json\/wp\/v2\/posts"}],"about":[{"href":"https:\/\/notinor.com\/jujuy\/wp-json\/wp\/v2\/types\/post"}],"author":[{"embeddable":true,"href":"https:\/\/notinor.com\/jujuy\/wp-json\/wp\/v2\/users\/49"}],"replies":[{"embeddable":true,"href":"https:\/\/notinor.com\/jujuy\/wp-json\/wp\/v2\/comments?post=425870"}],"version-history":[{"count":1,"href":"https:\/\/notinor.com\/jujuy\/wp-json\/wp\/v2\/posts\/425870\/revisions"}],"predecessor-version":[{"id":425872,"href":"https:\/\/notinor.com\/jujuy\/wp-json\/wp\/v2\/posts\/425870\/revisions\/425872"}],"wp:featuredmedia":[{"embeddable":true,"href":"https:\/\/notinor.com\/jujuy\/wp-json\/wp\/v2\/media\/425871"}],"wp:attachment":[{"href":"https:\/\/notinor.com\/jujuy\/wp-json\/wp\/v2\/media?parent=425870"}],"wp:term":[{"taxonomy":"category","embeddable":true,"href":"https:\/\/notinor.com\/jujuy\/wp-json\/wp\/v2\/categories?post=425870"},{"taxonomy":"post_tag","embeddable":true,"href":"https:\/\/notinor.com\/jujuy\/wp-json\/wp\/v2\/tags?post=425870"}],"curies":[{"name":"wp","href":"https:\/\/api.w.org\/{rel}","templated":true}]}}