{"id":425796,"date":"2025-04-14T00:10:06","date_gmt":"2025-04-14T03:10:06","guid":{"rendered":"https:\/\/notinor.com\/jujuy\/?p=425796"},"modified":"2025-04-14T00:10:08","modified_gmt":"2025-04-14T03:10:08","slug":"sadir-recibio-a-prestigiosos-cirujanos-que-se-capacitan-en-jujuy","status":"publish","type":"post","link":"https:\/\/notinor.com\/jujuy\/sadir-recibio-a-prestigiosos-cirujanos-que-se-capacitan-en-jujuy\/","title":{"rendered":"Sadir recibi\u00f3 a prestigiosos cirujanos que se capacitan en Jujuy"},"content":{"rendered":"\n<p class=\"has-medium-font-size\"><strong><em>El gobernador de la Provincia, Carlos Sadir, salud\u00f3 en el Sal\u00f3n de la Bandera a profesionales de la medicina que participan de las Jornadas de Cirug\u00eda Hepatobiliopancre\u00e1tica y Trasplante, coordinadas por el Hospital Italiano de Buenos Aires.<\/em><\/strong><\/p>\n\n\n\n<p><\/p>\n\n\n<div class=\"wp-block-image\">\n<figure class=\"aligncenter size-full\"><img decoding=\"async\" loading=\"lazy\" width=\"800\" height=\"450\" src=\"https:\/\/notinor.com\/jujuy\/wp-content\/uploads\/2025\/04\/sadir-con-cirujanos.jpg\" alt=\"\" class=\"wp-image-425797\" srcset=\"https:\/\/notinor.com\/jujuy\/wp-content\/uploads\/2025\/04\/sadir-con-cirujanos.jpg 800w, https:\/\/notinor.com\/jujuy\/wp-content\/uploads\/2025\/04\/sadir-con-cirujanos-649x365.jpg 649w, https:\/\/notinor.com\/jujuy\/wp-content\/uploads\/2025\/04\/sadir-con-cirujanos-500x280.jpg 500w, https:\/\/notinor.com\/jujuy\/wp-content\/uploads\/2025\/04\/sadir-con-cirujanos-768x432.jpg 768w, https:\/\/notinor.com\/jujuy\/wp-content\/uploads\/2025\/04\/sadir-con-cirujanos-750x422.jpg 750w\" sizes=\"(max-width: 800px) 100vw, 800px\" \/><\/figure><\/div>\n\n\n<p><\/p>\n\n\n\n<p><strong>Tras expresar su benepl\u00e1cito por tan jerarquizada y distinguida visita, el mandatario los alent\u00f3 a seguir ampliando conocimientos y transmitir saberes, con vocaci\u00f3n de servir a la salud de los argentinos.<\/strong><\/p>\n\n\n\n<p>El encuentro semestral de capacitaci\u00f3n tiene lugar en Purmamarca y es coordinado por el Dr. Mart\u00edn Palavecino, referente del Servicio de Hepatolog\u00eda del Hospital Italiano, juje\u00f1o, egresado del Colegio del Salvador.<\/p>\n\n\n\n<p><strong>Participan profesionales de Jujuy Buenos Aries, C\u00f3rdoba, Neuqu\u00e9n, Mendoza y Paraguay, entre ellos el Dr. Eduardo de Santiba\u00f1es, quien en el a\u00f1o 1988 hizo el primer trasplante hep\u00e1tico en el Hospital Italiano.<\/strong><\/p>\n\n\n\n<p>Tambi\u00e9n participaron la diputada nacional, Natalia Sarapura y los diputados provinciales Omar Gutierrez y Diego Rotella.<\/p>\n","protected":false},"excerpt":{"rendered":"<p>El gobernador de la Provincia, Carlos Sadir, salud\u00f3 en el Sal\u00f3n de la Bandera a profesionales de la medicina que participan de las Jornadas de Cirug\u00eda Hepatobiliopancre\u00e1tica y Trasplante, coordinadas por el Hospital Italiano de Buenos Aires. Tras expresar su benepl\u00e1cito por tan jerarquizada y distinguida visita, el mandatario los alent\u00f3 a seguir ampliando conocimientos [&hellip;]<\/p>\n","protected":false},"author":49,"featured_media":425797,"comment_status":"open","ping_status":"open","sticky":false,"template":"","format":"standard","meta":{"_stopmodifiedupdate":false,"_modified_date":"","inline_featured_image":false,"spay_email":"","jetpack_publicize_message":""},"categories":[514],"tags":[],"jetpack_featured_media_url":"https:\/\/notinor.com\/jujuy\/wp-content\/uploads\/2025\/04\/sadir-con-cirujanos.jpg","jetpack_publicize_connections":[],"_links":{"self":[{"href":"https:\/\/notinor.com\/jujuy\/wp-json\/wp\/v2\/posts\/425796"}],"collection":[{"href":"https:\/\/notinor.com\/jujuy\/wp-json\/wp\/v2\/posts"}],"about":[{"href":"https:\/\/notinor.com\/jujuy\/wp-json\/wp\/v2\/types\/post"}],"author":[{"embeddable":true,"href":"https:\/\/notinor.com\/jujuy\/wp-json\/wp\/v2\/users\/49"}],"replies":[{"embeddable":true,"href":"https:\/\/notinor.com\/jujuy\/wp-json\/wp\/v2\/comments?post=425796"}],"version-history":[{"count":1,"href":"https:\/\/notinor.com\/jujuy\/wp-json\/wp\/v2\/posts\/425796\/revisions"}],"predecessor-version":[{"id":425798,"href":"https:\/\/notinor.com\/jujuy\/wp-json\/wp\/v2\/posts\/425796\/revisions\/425798"}],"wp:featuredmedia":[{"embeddable":true,"href":"https:\/\/notinor.com\/jujuy\/wp-json\/wp\/v2\/media\/425797"}],"wp:attachment":[{"href":"https:\/\/notinor.com\/jujuy\/wp-json\/wp\/v2\/media?parent=425796"}],"wp:term":[{"taxonomy":"category","embeddable":true,"href":"https:\/\/notinor.com\/jujuy\/wp-json\/wp\/v2\/categories?post=425796"},{"taxonomy":"post_tag","embeddable":true,"href":"https:\/\/notinor.com\/jujuy\/wp-json\/wp\/v2\/tags?post=425796"}],"curies":[{"name":"wp","href":"https:\/\/api.w.org\/{rel}","templated":true}]}}