{"id":425754,"date":"2025-04-11T22:48:10","date_gmt":"2025-04-12T01:48:10","guid":{"rendered":"https:\/\/notinor.com\/jujuy\/?p=425754"},"modified":"2025-04-11T22:48:14","modified_gmt":"2025-04-12T01:48:14","slug":"historico-bolivia-va-al-mundial-sub-17-despues-de-casi-cuatro-decadas-de-ausencia","status":"publish","type":"post","link":"https:\/\/notinor.com\/jujuy\/historico-bolivia-va-al-mundial-sub-17-despues-de-casi-cuatro-decadas-de-ausencia\/","title":{"rendered":"\u00a1Hist\u00f3rico! Bolivia va al Mundial Sub 17 despu\u00e9s de casi cuatro d\u00e9cadas de ausencia"},"content":{"rendered":"\n<p class=\"has-medium-font-size\"><strong><em>La Selecci\u00f3n Boliviana Sub 17 hizo historia este viernes al vencer por 1 a 0 a Ecuador y lograr su clasificaci\u00f3n al Mundial de F\u00fatbol Sub 17, que se disputar\u00e1 en noviembre de este a\u00f1o. Con este resultado, Bolivia regresa a un mundial de la categor\u00eda tras 39 a\u00f1os de ausencia.<\/em><\/strong><\/p>\n\n\n\n<p><\/p>\n\n\n<div class=\"wp-block-image\">\n<figure class=\"aligncenter size-full\"><img decoding=\"async\" loading=\"lazy\" width=\"800\" height=\"450\" src=\"https:\/\/notinor.com\/jujuy\/wp-content\/uploads\/2025\/04\/bolivia-sub-17.jpg\" alt=\"\" class=\"wp-image-425755\" srcset=\"https:\/\/notinor.com\/jujuy\/wp-content\/uploads\/2025\/04\/bolivia-sub-17.jpg 800w, https:\/\/notinor.com\/jujuy\/wp-content\/uploads\/2025\/04\/bolivia-sub-17-649x365.jpg 649w, https:\/\/notinor.com\/jujuy\/wp-content\/uploads\/2025\/04\/bolivia-sub-17-500x280.jpg 500w, https:\/\/notinor.com\/jujuy\/wp-content\/uploads\/2025\/04\/bolivia-sub-17-768x432.jpg 768w, https:\/\/notinor.com\/jujuy\/wp-content\/uploads\/2025\/04\/bolivia-sub-17-750x422.jpg 750w\" sizes=\"(max-width: 800px) 100vw, 800px\" \/><\/figure><\/div>\n\n\n<p><\/p>\n\n\n\n<p>El partido, disputado en el estadio Rodrigo Paz Delgado de Quito, fue intenso y muy disputado. El gol de la victoria lleg\u00f3 gracias a un remate certero de Santos Garc\u00eda, una de las grandes figuras del equipo boliviano durante el torneo Sudamericano.<\/p>\n\n\n\n<p>Con coraz\u00f3n, garra y un f\u00fatbol valiente, la selecci\u00f3n boliviana Sub-17 logr\u00f3 una haza\u00f1a hist\u00f3rica al clasificar por primera vez al Mundial de la categor\u00eda, que se disputar\u00e1 este a\u00f1o en Qatar. El gol de la victoria lo marc\u00f3 Santos Garc\u00eda, delantero juvenil de Bol\u00edvar, tras un enganche en la puerta del \u00e1rea y un potente remate al palo derecho que venci\u00f3 al arquero ecuatoriano Qui\u00f1\u00f3nez.<\/p>\n\n\n\n<p>El duelo fue intenso desde el inicio. Ecuador mostr\u00f3 fuerza y dominio f\u00edsico en el primer tiempo, pero Bolivia supo resistir con inteligencia. En la segunda mitad, La Verde se anim\u00f3, adelant\u00f3 l\u00edneas y fue premiada con el tanto que desat\u00f3 la emoci\u00f3n de todo un pa\u00eds.<\/p>\n\n\n\n<p>Con este triunfo, Bolivia se sacude del pasado y deja atr\u00e1s derrotas como la sufrida ante Argentina por 3-0 en el inicio del clasificatorio. El gol de Santos no solo vale un partido: vale un sue\u00f1o. El m\u00e1s cercano antecedente de una participaci\u00f3n mundialista fue en 1987, cuando la Academia Tahuichi represent\u00f3 a Bolivia en el Mundial Sub-16 de Canad\u00e1.<\/p>\n","protected":false},"excerpt":{"rendered":"<p>La Selecci\u00f3n Boliviana Sub 17 hizo historia este viernes al vencer por 1 a 0 a Ecuador y lograr su clasificaci\u00f3n al Mundial de F\u00fatbol Sub 17, que se disputar\u00e1 en noviembre de este a\u00f1o. Con este resultado, Bolivia regresa a un mundial de la categor\u00eda tras 39 a\u00f1os de ausencia. El partido, disputado en [&hellip;]<\/p>\n","protected":false},"author":49,"featured_media":425755,"comment_status":"open","ping_status":"open","sticky":false,"template":"","format":"standard","meta":{"_stopmodifiedupdate":false,"_modified_date":"","inline_featured_image":false,"spay_email":"","jetpack_publicize_message":""},"categories":[7],"tags":[],"jetpack_featured_media_url":"https:\/\/notinor.com\/jujuy\/wp-content\/uploads\/2025\/04\/bolivia-sub-17.jpg","jetpack_publicize_connections":[],"_links":{"self":[{"href":"https:\/\/notinor.com\/jujuy\/wp-json\/wp\/v2\/posts\/425754"}],"collection":[{"href":"https:\/\/notinor.com\/jujuy\/wp-json\/wp\/v2\/posts"}],"about":[{"href":"https:\/\/notinor.com\/jujuy\/wp-json\/wp\/v2\/types\/post"}],"author":[{"embeddable":true,"href":"https:\/\/notinor.com\/jujuy\/wp-json\/wp\/v2\/users\/49"}],"replies":[{"embeddable":true,"href":"https:\/\/notinor.com\/jujuy\/wp-json\/wp\/v2\/comments?post=425754"}],"version-history":[{"count":1,"href":"https:\/\/notinor.com\/jujuy\/wp-json\/wp\/v2\/posts\/425754\/revisions"}],"predecessor-version":[{"id":425756,"href":"https:\/\/notinor.com\/jujuy\/wp-json\/wp\/v2\/posts\/425754\/revisions\/425756"}],"wp:featuredmedia":[{"embeddable":true,"href":"https:\/\/notinor.com\/jujuy\/wp-json\/wp\/v2\/media\/425755"}],"wp:attachment":[{"href":"https:\/\/notinor.com\/jujuy\/wp-json\/wp\/v2\/media?parent=425754"}],"wp:term":[{"taxonomy":"category","embeddable":true,"href":"https:\/\/notinor.com\/jujuy\/wp-json\/wp\/v2\/categories?post=425754"},{"taxonomy":"post_tag","embeddable":true,"href":"https:\/\/notinor.com\/jujuy\/wp-json\/wp\/v2\/tags?post=425754"}],"curies":[{"name":"wp","href":"https:\/\/api.w.org\/{rel}","templated":true}]}}