{"id":425706,"date":"2025-04-09T21:28:00","date_gmt":"2025-04-10T00:28:00","guid":{"rendered":"https:\/\/notinor.com\/jujuy\/?p=425706"},"modified":"2025-04-09T09:28:24","modified_gmt":"2025-04-09T09:28:24","slug":"sergio-maravilla-martinez-visitara-la-escuelita-municipal-de-box-pumita-carabajal","status":"publish","type":"post","link":"https:\/\/notinor.com\/jujuy\/sergio-maravilla-martinez-visitara-la-escuelita-municipal-de-box-pumita-carabajal\/","title":{"rendered":"Sergio \u201cMaravilla\u201d Mart\u00ednez visitar\u00e1 la Escuelita Municipal de Box \u201cPumita Carabajal\u201d"},"content":{"rendered":"\n<p class=\"has-medium-font-size\"><strong><em>Una jornada cargada motivaci\u00f3n se vivir\u00e1 este s\u00e1bado&nbsp; 12 de abril desde las 11 hs. en la Escuela Municipal de Box de San Salvador de Jujuy. Brenda \u201cPumita\u201d Carabajal, coordinadora de la escuelita, anunci\u00f3 con entusiasmo una visita que ser\u00e1 recordada por mucho tiempo: el campe\u00f3n mundial Sergio \u201cMaravilla\u201d Mart\u00ednez llegar\u00e1 para compartir un momento especial con los ni\u00f1os y j\u00f3venes boxeadores<\/em><\/strong>.<\/p>\n\n\n<div class=\"wp-block-image\">\n<figure class=\"aligncenter\"><img decoding=\"async\" src=\"https:\/\/www.sansalvadordejujuy.gob.ar\/wp-content\/uploads\/2024\/08\/dia-del-nino-escuela-de-boxeo-1024x683.jpg\" alt=\"\" class=\"wp-image-73818\"\/><\/figure><\/div>\n\n\n<p>\u201cEs una gran sorpresa para todos los alumnos. El campe\u00f3n nos va a visitar, vamos a poder sacarnos una foto, conocerlo personalmente y tener la posibilidad de escucharlo en una charla muy enriquecedora\u201d, coment\u00f3 Carabajal.<\/p>\n\n\n\n<p>La previa al evento se vivir\u00e1 en la misma escuelita, donde Mart\u00ednez compartir\u00e1 un momento cercano con los alumnos y alumnas. Luego, a partir de las 18 horas, brindar\u00e1 una charla en las instalaciones del Jos\u00e9 Hern\u00e1ndez.<\/p>\n\n\n\n<p>\u201cFue una sorpresa para todos los chicos. Poder concretar esta visita es muy especial. Sergio va a conversar con ellos, a motivarlos, y sobre todo, va a dejar un mensaje claro: los sue\u00f1os se pueden alcanzar, los campeones no est\u00e1n tan lejos como a veces creemos\u201d, agreg\u00f3 la coordinadora.<\/p>\n\n\n\n<p>La presencia de una figura de la talla de \u201cMaravilla\u201d Mart\u00ednez representa una oportunidad \u00fanica para los j\u00f3venes deportistas juje\u00f1os, que ver\u00e1n de cerca a un referente del deporte argentino, en una jornada que promete inspiraci\u00f3n, cercan\u00eda y mucha emoci\u00f3n.<\/p>\n\n\n\n<p><strong>Nota audiovisual:&nbsp;<\/strong><a href=\"https:\/\/youtu.be\/TVuRfrm_SZc\">https:\/\/youtu.be\/TVuRfrm_SZc<\/a><\/p>\n","protected":false},"excerpt":{"rendered":"<p>Una jornada cargada motivaci\u00f3n se vivir\u00e1 este s\u00e1bado&nbsp; 12 de abril desde las 11 hs. en la Escuela Municipal de Box de San Salvador de Jujuy. Brenda \u201cPumita\u201d Carabajal, coordinadora de la escuelita, anunci\u00f3 con entusiasmo una visita que ser\u00e1 recordada por mucho tiempo: el campe\u00f3n mundial Sergio \u201cMaravilla\u201d Mart\u00ednez llegar\u00e1 para compartir un momento [&hellip;]<\/p>\n","protected":false},"author":5,"featured_media":425707,"comment_status":"open","ping_status":"open","sticky":false,"template":"","format":"standard","meta":{"_stopmodifiedupdate":false,"_modified_date":"","inline_featured_image":false,"spay_email":"","jetpack_publicize_message":""},"categories":[7],"tags":[],"jetpack_featured_media_url":"https:\/\/notinor.com\/jujuy\/wp-content\/uploads\/2025\/04\/PUMITA.jpg","jetpack_publicize_connections":[],"_links":{"self":[{"href":"https:\/\/notinor.com\/jujuy\/wp-json\/wp\/v2\/posts\/425706"}],"collection":[{"href":"https:\/\/notinor.com\/jujuy\/wp-json\/wp\/v2\/posts"}],"about":[{"href":"https:\/\/notinor.com\/jujuy\/wp-json\/wp\/v2\/types\/post"}],"author":[{"embeddable":true,"href":"https:\/\/notinor.com\/jujuy\/wp-json\/wp\/v2\/users\/5"}],"replies":[{"embeddable":true,"href":"https:\/\/notinor.com\/jujuy\/wp-json\/wp\/v2\/comments?post=425706"}],"version-history":[{"count":3,"href":"https:\/\/notinor.com\/jujuy\/wp-json\/wp\/v2\/posts\/425706\/revisions"}],"predecessor-version":[{"id":425708,"href":"https:\/\/notinor.com\/jujuy\/wp-json\/wp\/v2\/posts\/425706\/revisions\/425708"}],"wp:featuredmedia":[{"embeddable":true,"href":"https:\/\/notinor.com\/jujuy\/wp-json\/wp\/v2\/media\/425707"}],"wp:attachment":[{"href":"https:\/\/notinor.com\/jujuy\/wp-json\/wp\/v2\/media?parent=425706"}],"wp:term":[{"taxonomy":"category","embeddable":true,"href":"https:\/\/notinor.com\/jujuy\/wp-json\/wp\/v2\/categories?post=425706"},{"taxonomy":"post_tag","embeddable":true,"href":"https:\/\/notinor.com\/jujuy\/wp-json\/wp\/v2\/tags?post=425706"}],"curies":[{"name":"wp","href":"https:\/\/api.w.org\/{rel}","templated":true}]}}