{"id":425664,"date":"2025-04-09T22:07:00","date_gmt":"2025-04-10T01:07:00","guid":{"rendered":"https:\/\/notinor.com\/jujuy\/?p=425664"},"modified":"2025-04-09T10:07:53","modified_gmt":"2025-04-09T10:07:53","slug":"comienzan-trabajos-de-repavimentacion-en-av-bolivia-habra-corte-parcial-de-calzada","status":"publish","type":"post","link":"https:\/\/notinor.com\/jujuy\/comienzan-trabajos-de-repavimentacion-en-av-bolivia-habra-corte-parcial-de-calzada\/","title":{"rendered":"Comienzan trabajos de repavimentaci\u00f3n en Av. Bolivia: habr\u00e1 corte parcial de calzada"},"content":{"rendered":"\n<p class=\"has-medium-font-size\"><strong><em>La Municipalidad de San Salvador de Jujuy, a trav\u00e9s de la Secretar\u00eda de Servicios P\u00fablicos, inform\u00f3 que a partir de las 8:00 horas del jueves 10 de abril se dar\u00e1 inicio a las obras de repavimentaci\u00f3n sobre la avenida Bolivia.<\/em><\/strong><\/p>\n\n\n<div class=\"wp-block-image\">\n<figure class=\"aligncenter size-full\"><img decoding=\"async\" loading=\"lazy\" width=\"709\" height=\"437\" src=\"https:\/\/notinor.com\/jujuy\/wp-content\/uploads\/2025\/04\/AV-BOLIVIA-Y-CAIDOS-POR-LA-PATRIA.jpg\" alt=\"\" class=\"wp-image-425666\" srcset=\"https:\/\/notinor.com\/jujuy\/wp-content\/uploads\/2025\/04\/AV-BOLIVIA-Y-CAIDOS-POR-LA-PATRIA.jpg 709w, https:\/\/notinor.com\/jujuy\/wp-content\/uploads\/2025\/04\/AV-BOLIVIA-Y-CAIDOS-POR-LA-PATRIA-592x365.jpg 592w\" sizes=\"(max-width: 709px) 100vw, 709px\" \/><\/figure><\/div>\n\n\n<p>En este sentido desde la Direcci\u00f3n General de Tr\u00e1nsito y Transporte especificaron que en esta primera etapa, los trabajos se concentrar\u00e1n en el tramo comprendido entre calle Airampo y Ca\u00eddos por la Patria. Como consecuencia, se realizar\u00e1 un corte a media calzada en dicho sector, lo que podr\u00eda afectar la fluidez del tr\u00e1nsito.<\/p>\n\n\n\n<p>Desde el municipio se solicita a los conductores circular con extrema precauci\u00f3n, respetar la se\u00f1alizaci\u00f3n dispuesta en la zona y seguir las indicaciones del personal de tr\u00e1nsito que estar\u00e1 apostado para ordenar la circulaci\u00f3n.<\/p>\n","protected":false},"excerpt":{"rendered":"<p>La Municipalidad de San Salvador de Jujuy, a trav\u00e9s de la Secretar\u00eda de Servicios P\u00fablicos, inform\u00f3 que a partir de las 8:00 horas del jueves 10 de abril se dar\u00e1 inicio a las obras de repavimentaci\u00f3n sobre la avenida Bolivia. En este sentido desde la Direcci\u00f3n General de Tr\u00e1nsito y Transporte especificaron que en esta [&hellip;]<\/p>\n","protected":false},"author":5,"featured_media":425665,"comment_status":"open","ping_status":"open","sticky":false,"template":"","format":"standard","meta":{"_stopmodifiedupdate":false,"_modified_date":"","inline_featured_image":false,"spay_email":"","jetpack_publicize_message":""},"categories":[514],"tags":[],"jetpack_featured_media_url":"https:\/\/notinor.com\/jujuy\/wp-content\/uploads\/2025\/04\/AV-BOLIVIA-Y-AIRAMPO.jpg","jetpack_publicize_connections":[],"_links":{"self":[{"href":"https:\/\/notinor.com\/jujuy\/wp-json\/wp\/v2\/posts\/425664"}],"collection":[{"href":"https:\/\/notinor.com\/jujuy\/wp-json\/wp\/v2\/posts"}],"about":[{"href":"https:\/\/notinor.com\/jujuy\/wp-json\/wp\/v2\/types\/post"}],"author":[{"embeddable":true,"href":"https:\/\/notinor.com\/jujuy\/wp-json\/wp\/v2\/users\/5"}],"replies":[{"embeddable":true,"href":"https:\/\/notinor.com\/jujuy\/wp-json\/wp\/v2\/comments?post=425664"}],"version-history":[{"count":1,"href":"https:\/\/notinor.com\/jujuy\/wp-json\/wp\/v2\/posts\/425664\/revisions"}],"predecessor-version":[{"id":425667,"href":"https:\/\/notinor.com\/jujuy\/wp-json\/wp\/v2\/posts\/425664\/revisions\/425667"}],"wp:featuredmedia":[{"embeddable":true,"href":"https:\/\/notinor.com\/jujuy\/wp-json\/wp\/v2\/media\/425665"}],"wp:attachment":[{"href":"https:\/\/notinor.com\/jujuy\/wp-json\/wp\/v2\/media?parent=425664"}],"wp:term":[{"taxonomy":"category","embeddable":true,"href":"https:\/\/notinor.com\/jujuy\/wp-json\/wp\/v2\/categories?post=425664"},{"taxonomy":"post_tag","embeddable":true,"href":"https:\/\/notinor.com\/jujuy\/wp-json\/wp\/v2\/tags?post=425664"}],"curies":[{"name":"wp","href":"https:\/\/api.w.org\/{rel}","templated":true}]}}