{"id":425646,"date":"2025-04-09T21:14:00","date_gmt":"2025-04-10T00:14:00","guid":{"rendered":"https:\/\/notinor.com\/jujuy\/?p=425646"},"modified":"2025-04-09T09:14:58","modified_gmt":"2025-04-09T09:14:58","slug":"la-legislatura-declaro-de-utilidad-publica-terrenos-donde-se-construira-el-intercambiador-ruta-nacional-n-66-ruta-provincial-n-1","status":"publish","type":"post","link":"https:\/\/notinor.com\/jujuy\/la-legislatura-declaro-de-utilidad-publica-terrenos-donde-se-construira-el-intercambiador-ruta-nacional-n-66-ruta-provincial-n-1\/","title":{"rendered":"<strong>La Legislatura declar\u00f3 de utilidad p\u00fablica terrenos donde se construir\u00e1 el Intercambiador Ruta Nacional N\u00b0 66 \u2013 Ruta Provincial N\u00b0 1<\/strong>"},"content":{"rendered":"\n<p class=\"has-medium-font-size\"><strong><em>En la 3ra Sesi\u00f3n Ordinaria, la C\u00e1mara de Diputados aprob\u00f3 la Ley N\u00b0 6457 que declara de utilidad p\u00fablica y sujetos a expropiaci\u00f3n una fracci\u00f3n de un terreno ubicado en Alto Comedero y un inmueble de la ciudad de Palpal\u00e1; all\u00ed se realizar\u00e1 la obra Intercambiador RN 66 \u2013 Av. Intersindical que dar\u00e1 respuesta a la falta de vinculaci\u00f3n vial entre dichas rutas. El Proyecto\u00a0\u00a0fue remitido por el Poder Ejecutivo.<\/em><\/strong><\/p>\n\n\n<div class=\"wp-block-image\">\n<figure class=\"aligncenter size-large\"><img decoding=\"async\" loading=\"lazy\" width=\"720\" height=\"480\" src=\"https:\/\/notinor.com\/jujuy\/wp-content\/uploads\/2025\/04\/SESION-1-720x480.jpeg\" alt=\"\" class=\"wp-image-425648\" srcset=\"https:\/\/notinor.com\/jujuy\/wp-content\/uploads\/2025\/04\/SESION-1-720x480.jpeg 720w, https:\/\/notinor.com\/jujuy\/wp-content\/uploads\/2025\/04\/SESION-1-548x365.jpeg 548w, https:\/\/notinor.com\/jujuy\/wp-content\/uploads\/2025\/04\/SESION-1-768x512.jpeg 768w, https:\/\/notinor.com\/jujuy\/wp-content\/uploads\/2025\/04\/SESION-1-1536x1023.jpeg 1536w, https:\/\/notinor.com\/jujuy\/wp-content\/uploads\/2025\/04\/SESION-1-750x500.jpeg 750w, https:\/\/notinor.com\/jujuy\/wp-content\/uploads\/2025\/04\/SESION-1-1140x760.jpeg 1140w, https:\/\/notinor.com\/jujuy\/wp-content\/uploads\/2025\/04\/SESION-1.jpeg 1600w\" sizes=\"(max-width: 720px) 100vw, 720px\" \/><\/figure><\/div>\n\n\n<p>El diputado <strong>Guido Luna<\/strong> explic\u00f3 que en los terrenos declarados de utilidad p\u00fablica se ubican las cabeceras del intercambiador que ir\u00e1 desde la Av. Intersindical, paralela a la Federaci\u00f3n Gaucha, y la colectora que va por el otro lado de la autopista de la Ruta N\u00b066. \"Esta obra facilitar\u00e1 el descongestionamiento del tr\u00e1nsito en la zona\", destac\u00f3 Luna.<\/p>\n\n\n<div class=\"wp-block-image\">\n<figure class=\"aligncenter size-large\"><img decoding=\"async\" loading=\"lazy\" width=\"720\" height=\"480\" src=\"https:\/\/notinor.com\/jujuy\/wp-content\/uploads\/2025\/04\/SESION-2-720x480.jpeg\" alt=\"\" class=\"wp-image-425649\" srcset=\"https:\/\/notinor.com\/jujuy\/wp-content\/uploads\/2025\/04\/SESION-2-720x480.jpeg 720w, https:\/\/notinor.com\/jujuy\/wp-content\/uploads\/2025\/04\/SESION-2-548x365.jpeg 548w, https:\/\/notinor.com\/jujuy\/wp-content\/uploads\/2025\/04\/SESION-2-768x512.jpeg 768w, https:\/\/notinor.com\/jujuy\/wp-content\/uploads\/2025\/04\/SESION-2-1536x1023.jpeg 1536w, https:\/\/notinor.com\/jujuy\/wp-content\/uploads\/2025\/04\/SESION-2-750x500.jpeg 750w, https:\/\/notinor.com\/jujuy\/wp-content\/uploads\/2025\/04\/SESION-2-1140x760.jpeg 1140w, https:\/\/notinor.com\/jujuy\/wp-content\/uploads\/2025\/04\/SESION-2.jpeg 1600w\" sizes=\"(max-width: 720px) 100vw, 720px\" \/><\/figure><\/div>\n\n\n<p>Al respecto, el diputado <strong>Pedro Beliz\u00e1n<\/strong> destac\u00f3 que el bloque PJ acompa\u00f1ar\u00eda el proyecto que permitir\u00e1 que se realice una obra tan necesaria para los vecinos de Alto Comedero y Palpal\u00e1. \"Es una obra importante, para la que es necesaria la expropiaci\u00f3n\", finaliz\u00f3.<\/p>\n\n\n<div class=\"wp-block-image\">\n<figure class=\"aligncenter size-large\"><img decoding=\"async\" loading=\"lazy\" width=\"720\" height=\"480\" src=\"https:\/\/notinor.com\/jujuy\/wp-content\/uploads\/2025\/04\/SESION-3-720x480.jpeg\" alt=\"\" class=\"wp-image-425650\" srcset=\"https:\/\/notinor.com\/jujuy\/wp-content\/uploads\/2025\/04\/SESION-3-720x480.jpeg 720w, https:\/\/notinor.com\/jujuy\/wp-content\/uploads\/2025\/04\/SESION-3-548x365.jpeg 548w, https:\/\/notinor.com\/jujuy\/wp-content\/uploads\/2025\/04\/SESION-3-768x512.jpeg 768w, https:\/\/notinor.com\/jujuy\/wp-content\/uploads\/2025\/04\/SESION-3-1536x1023.jpeg 1536w, https:\/\/notinor.com\/jujuy\/wp-content\/uploads\/2025\/04\/SESION-3-750x500.jpeg 750w, https:\/\/notinor.com\/jujuy\/wp-content\/uploads\/2025\/04\/SESION-3-1140x760.jpeg 1140w, https:\/\/notinor.com\/jujuy\/wp-content\/uploads\/2025\/04\/SESION-3.jpeg 1600w\" sizes=\"(max-width: 720px) 100vw, 720px\" \/><\/figure><\/div>\n\n\n<p>Durante la Sesi\u00f3n y cumpliendo con lo establecido en el <strong>Art. 227, Inc. 4 y 5<\/strong> de la Constituci\u00f3n Provincial, el presidente del bloque PJ, <strong>Rub\u00e9n Rivarola<\/strong>, dio ingreso al pedido de designaci\u00f3n de <strong>Mar\u00eda Malena<\/strong> <strong>Beliz\u00e1n<\/strong> como Fiscal Adjunta de la Oficina Anticorrupci\u00f3n.<\/p>\n\n\n<div class=\"wp-block-image\">\n<figure class=\"aligncenter size-large\"><img decoding=\"async\" loading=\"lazy\" width=\"720\" height=\"480\" src=\"https:\/\/notinor.com\/jujuy\/wp-content\/uploads\/2025\/04\/SESION-4-720x480.jpeg\" alt=\"\" class=\"wp-image-425651\" srcset=\"https:\/\/notinor.com\/jujuy\/wp-content\/uploads\/2025\/04\/SESION-4-720x480.jpeg 720w, https:\/\/notinor.com\/jujuy\/wp-content\/uploads\/2025\/04\/SESION-4-548x365.jpeg 548w, https:\/\/notinor.com\/jujuy\/wp-content\/uploads\/2025\/04\/SESION-4-768x512.jpeg 768w, https:\/\/notinor.com\/jujuy\/wp-content\/uploads\/2025\/04\/SESION-4-1536x1023.jpeg 1536w, https:\/\/notinor.com\/jujuy\/wp-content\/uploads\/2025\/04\/SESION-4-750x500.jpeg 750w, https:\/\/notinor.com\/jujuy\/wp-content\/uploads\/2025\/04\/SESION-4-1140x760.jpeg 1140w, https:\/\/notinor.com\/jujuy\/wp-content\/uploads\/2025\/04\/SESION-4.jpeg 1600w\" sizes=\"(max-width: 720px) 100vw, 720px\" \/><\/figure><\/div>\n\n\n<p>Cabe destacar que en la Sesi\u00f3n tambi\u00e9n se aprobaron declaraciones de inter\u00e9s Legislativo y tomaron estado parlamentario diversos proyectos. La misma estuvo presidida por el vicegobernador, Alberto Bernis, e inici\u00f3 con la presencia de 39 diputados.<\/p>\n\n\n<div class=\"wp-block-image\">\n<figure class=\"aligncenter size-large\"><img decoding=\"async\" loading=\"lazy\" width=\"720\" height=\"480\" src=\"https:\/\/notinor.com\/jujuy\/wp-content\/uploads\/2025\/04\/SESION-5-720x480.jpeg\" alt=\"\" class=\"wp-image-425652\" srcset=\"https:\/\/notinor.com\/jujuy\/wp-content\/uploads\/2025\/04\/SESION-5-720x480.jpeg 720w, https:\/\/notinor.com\/jujuy\/wp-content\/uploads\/2025\/04\/SESION-5-548x365.jpeg 548w, https:\/\/notinor.com\/jujuy\/wp-content\/uploads\/2025\/04\/SESION-5-768x512.jpeg 768w, https:\/\/notinor.com\/jujuy\/wp-content\/uploads\/2025\/04\/SESION-5-1536x1023.jpeg 1536w, https:\/\/notinor.com\/jujuy\/wp-content\/uploads\/2025\/04\/SESION-5-750x500.jpeg 750w, https:\/\/notinor.com\/jujuy\/wp-content\/uploads\/2025\/04\/SESION-5-1140x760.jpeg 1140w, https:\/\/notinor.com\/jujuy\/wp-content\/uploads\/2025\/04\/SESION-5.jpeg 1600w\" sizes=\"(max-width: 720px) 100vw, 720px\" \/><\/figure><\/div>\n\n\n<figure class=\"wp-block-image size-large\"><img decoding=\"async\" loading=\"lazy\" width=\"840\" height=\"184\" src=\"https:\/\/notinor.com\/jujuy\/wp-content\/uploads\/2025\/04\/SESION-6-840x184.jpeg\" alt=\"\" class=\"wp-image-425653\" srcset=\"https:\/\/notinor.com\/jujuy\/wp-content\/uploads\/2025\/04\/SESION-6-840x184.jpeg 840w, https:\/\/notinor.com\/jujuy\/wp-content\/uploads\/2025\/04\/SESION-6-660x145.jpeg 660w, https:\/\/notinor.com\/jujuy\/wp-content\/uploads\/2025\/04\/SESION-6-768x168.jpeg 768w, https:\/\/notinor.com\/jujuy\/wp-content\/uploads\/2025\/04\/SESION-6-750x164.jpeg 750w, https:\/\/notinor.com\/jujuy\/wp-content\/uploads\/2025\/04\/SESION-6-1140x250.jpeg 1140w, https:\/\/notinor.com\/jujuy\/wp-content\/uploads\/2025\/04\/SESION-6.jpeg 1191w\" sizes=\"(max-width: 840px) 100vw, 840px\" \/><\/figure>\n","protected":false},"excerpt":{"rendered":"<p>En la 3ra Sesi\u00f3n Ordinaria, la C\u00e1mara de Diputados aprob\u00f3 la Ley N\u00b0 6457 que declara de utilidad p\u00fablica y sujetos a expropiaci\u00f3n una fracci\u00f3n de un terreno ubicado en Alto Comedero y un inmueble de la ciudad de Palpal\u00e1; all\u00ed se realizar\u00e1 la obra Intercambiador RN 66 \u2013 Av. Intersindical que dar\u00e1 respuesta a [&hellip;]<\/p>\n","protected":false},"author":5,"featured_media":425647,"comment_status":"open","ping_status":"open","sticky":false,"template":"","format":"standard","meta":{"_stopmodifiedupdate":false,"_modified_date":"","inline_featured_image":false,"spay_email":"","jetpack_publicize_message":""},"categories":[514],"tags":[],"jetpack_featured_media_url":"https:\/\/notinor.com\/jujuy\/wp-content\/uploads\/2025\/04\/SESION.jpeg","jetpack_publicize_connections":[],"_links":{"self":[{"href":"https:\/\/notinor.com\/jujuy\/wp-json\/wp\/v2\/posts\/425646"}],"collection":[{"href":"https:\/\/notinor.com\/jujuy\/wp-json\/wp\/v2\/posts"}],"about":[{"href":"https:\/\/notinor.com\/jujuy\/wp-json\/wp\/v2\/types\/post"}],"author":[{"embeddable":true,"href":"https:\/\/notinor.com\/jujuy\/wp-json\/wp\/v2\/users\/5"}],"replies":[{"embeddable":true,"href":"https:\/\/notinor.com\/jujuy\/wp-json\/wp\/v2\/comments?post=425646"}],"version-history":[{"count":1,"href":"https:\/\/notinor.com\/jujuy\/wp-json\/wp\/v2\/posts\/425646\/revisions"}],"predecessor-version":[{"id":425654,"href":"https:\/\/notinor.com\/jujuy\/wp-json\/wp\/v2\/posts\/425646\/revisions\/425654"}],"wp:featuredmedia":[{"embeddable":true,"href":"https:\/\/notinor.com\/jujuy\/wp-json\/wp\/v2\/media\/425647"}],"wp:attachment":[{"href":"https:\/\/notinor.com\/jujuy\/wp-json\/wp\/v2\/media?parent=425646"}],"wp:term":[{"taxonomy":"category","embeddable":true,"href":"https:\/\/notinor.com\/jujuy\/wp-json\/wp\/v2\/categories?post=425646"},{"taxonomy":"post_tag","embeddable":true,"href":"https:\/\/notinor.com\/jujuy\/wp-json\/wp\/v2\/tags?post=425646"}],"curies":[{"name":"wp","href":"https:\/\/api.w.org\/{rel}","templated":true}]}}