{"id":425629,"date":"2025-04-09T20:24:00","date_gmt":"2025-04-09T23:24:00","guid":{"rendered":"https:\/\/notinor.com\/jujuy\/?p=425629"},"modified":"2025-04-09T20:24:01","modified_gmt":"2025-04-09T23:24:01","slug":"mercado-libre-destinara-usd-2-600-millones-y-contratara-2-000-empleados-en-argentina-en-2025","status":"publish","type":"post","link":"https:\/\/notinor.com\/jujuy\/mercado-libre-destinara-usd-2-600-millones-y-contratara-2-000-empleados-en-argentina-en-2025\/","title":{"rendered":"Mercado Libre destinar\u00e1 USD 2.600 millones y contratar\u00e1\u00a02.000 empleados en Argentina en 2025"},"content":{"rendered":"\n<p class=\"has-medium-font-size\"><strong><em>Con las nuevas incorporaciones destinadas a fortalecer las \u00e1reas de log\u00edstica, tecnolog\u00eda y negocio, la compa\u00f1\u00eda alcanzar\u00e1 un total de 14.000 empleados en el pa\u00eds a finales de este a\u00f1o.<\/em><\/strong><\/p>\n\n\n\n<p><\/p>\n\n\n<div class=\"wp-block-image\">\n<figure class=\"aligncenter size-full\"><img decoding=\"async\" loading=\"lazy\" width=\"800\" height=\"450\" src=\"https:\/\/notinor.com\/jujuy\/wp-content\/uploads\/2025\/04\/mercado-libre.jpg\" alt=\"\" class=\"wp-image-425630\" srcset=\"https:\/\/notinor.com\/jujuy\/wp-content\/uploads\/2025\/04\/mercado-libre.jpg 800w, https:\/\/notinor.com\/jujuy\/wp-content\/uploads\/2025\/04\/mercado-libre-649x365.jpg 649w, https:\/\/notinor.com\/jujuy\/wp-content\/uploads\/2025\/04\/mercado-libre-500x280.jpg 500w, https:\/\/notinor.com\/jujuy\/wp-content\/uploads\/2025\/04\/mercado-libre-768x432.jpg 768w, https:\/\/notinor.com\/jujuy\/wp-content\/uploads\/2025\/04\/mercado-libre-750x422.jpg 750w\" sizes=\"(max-width: 800px) 100vw, 800px\" \/><\/figure><\/div>\n\n\n<p><\/p>\n\n\n\n<p><strong>El anuncio se realiz\u00f3 en el marco de Mercado Libre Experience, un evento que reuni\u00f3 a m\u00e1s de 7.000 emprendedores, PyMEs y marcas de todo el pa\u00eds.<\/strong><\/p>\n\n\n\n<p>En el marco de la primera edici\u00f3n de Mercado Libre Experience en Argentina, el evento que convoca a los vendedores que forman parte del ecosistema de Mercado Libre y Mercado Pago, <strong>la compa\u00f1\u00eda anunci\u00f3 que destinar\u00e1 2.600 millones de d\u00f3lares para fortalecer su red log\u00edstica, mejorar el desarrollo tecnol\u00f3gico para el comercio electr\u00f3nico y los servicios financieros, invertir en marketing y contratar servicios clave, entre otras \u00e1reas estrat\u00e9gicas.<\/strong><\/p>\n\n\n\n<p>La inversi\u00f3n, que incluye tanto bienes de capital como gastos operativos, tiene como objetivo consolidar la presencia de la empresa en Argentina y sostener su crecimiento a largo plazo.<\/p>\n\n\n\n<p><strong>Adem\u00e1s, anunci\u00f3 la incorporaci\u00f3n de 2.000 nuevos empleados en el pa\u00eds durante este a\u00f1o, alcanzando un total de 14.000 hacia fines de 2025.<\/strong> De esta manera, Mercado Libre contin\u00faa siendo uno de los mayores generadores de empleo en el sector tecnol\u00f3gico de la Argentina.<\/p>\n\n\n\n<p><strong>\"Mercado Libre reafirma su compromiso con el desarrollo tecnol\u00f3gico y sus operaciones en Argentina, apostando por el talento local y la cultura emprendedora que impulsa a la compa\u00f1\u00eda a seguir brindando la mejor experiencia a los usuarios, de nuestro pa\u00eds para la regi\u00f3n\",<\/strong> afirm\u00f3 Juan Mart\u00edn de la Serna, Presidente de Mercado Libre Argentina y Vicepresidente Ejecutivo de Asuntos Corporativos.<\/p>\n\n\n\n<p>Mercado Libre sigue siendo un actor fundamental en el desarrollo econ\u00f3mico, fomentando el ecosistema emprendedor y consolid\u00e1ndose como una herramienta clave para la formalizaci\u00f3n de la econom\u00eda, lo que a su vez contribuye a la recaudaci\u00f3n fiscal. <strong>En este contexto, durante los \u00faltimos tres a\u00f1os, la compa\u00f1\u00eda ha exportado servicios tecnol\u00f3gicos por m\u00e1s de 2.700 millones de d\u00f3lares. Adem\u00e1s, en 2024, la cartera de cr\u00e9ditos se triplic\u00f3 en comparaci\u00f3n con el a\u00f1o anterior, destac\u00e1ndose por un mayor n\u00famero de cr\u00e9ditos otorgados a emprendedores y PyMES de todo el pa\u00eds.<\/strong><\/p>\n\n\n\n<p><strong>\u201cNos enorgullece saber que m\u00e1s de 180 mil familias argentinas generan sus principales ingresos a trav\u00e9s de nuestro ecosistema. Vamos a continuar enfocando nuestros esfuerzos para lograr un crecimiento continuo y compartido en el pa\u00eds\u201d,<\/strong> agreg\u00f3 De la Serna.<\/p>\n\n\n\n<p>En las pr\u00f3ximas semanas, la empresa revelar\u00e1 m\u00e1s detalles sobre la creaci\u00f3n de los nuevos puestos de trabajo que se abrir\u00e1n a lo largo del a\u00f1o, con oportunidades en log\u00edstica, tecnolog\u00eda y negocios, entre otras.<\/p>\n","protected":false},"excerpt":{"rendered":"<p>Con las nuevas incorporaciones destinadas a fortalecer las \u00e1reas de log\u00edstica, tecnolog\u00eda y negocio, la compa\u00f1\u00eda alcanzar\u00e1 un total de 14.000 empleados en el pa\u00eds a finales de este a\u00f1o. El anuncio se realiz\u00f3 en el marco de Mercado Libre Experience, un evento que reuni\u00f3 a m\u00e1s de 7.000 emprendedores, PyMEs y marcas de todo [&hellip;]<\/p>\n","protected":false},"author":49,"featured_media":425630,"comment_status":"open","ping_status":"open","sticky":false,"template":"","format":"standard","meta":{"_stopmodifiedupdate":false,"_modified_date":"","inline_featured_image":false,"spay_email":"","jetpack_publicize_message":""},"categories":[2,676,1158],"tags":[],"jetpack_featured_media_url":"https:\/\/notinor.com\/jujuy\/wp-content\/uploads\/2025\/04\/mercado-libre.jpg","jetpack_publicize_connections":[],"_links":{"self":[{"href":"https:\/\/notinor.com\/jujuy\/wp-json\/wp\/v2\/posts\/425629"}],"collection":[{"href":"https:\/\/notinor.com\/jujuy\/wp-json\/wp\/v2\/posts"}],"about":[{"href":"https:\/\/notinor.com\/jujuy\/wp-json\/wp\/v2\/types\/post"}],"author":[{"embeddable":true,"href":"https:\/\/notinor.com\/jujuy\/wp-json\/wp\/v2\/users\/49"}],"replies":[{"embeddable":true,"href":"https:\/\/notinor.com\/jujuy\/wp-json\/wp\/v2\/comments?post=425629"}],"version-history":[{"count":1,"href":"https:\/\/notinor.com\/jujuy\/wp-json\/wp\/v2\/posts\/425629\/revisions"}],"predecessor-version":[{"id":425631,"href":"https:\/\/notinor.com\/jujuy\/wp-json\/wp\/v2\/posts\/425629\/revisions\/425631"}],"wp:featuredmedia":[{"embeddable":true,"href":"https:\/\/notinor.com\/jujuy\/wp-json\/wp\/v2\/media\/425630"}],"wp:attachment":[{"href":"https:\/\/notinor.com\/jujuy\/wp-json\/wp\/v2\/media?parent=425629"}],"wp:term":[{"taxonomy":"category","embeddable":true,"href":"https:\/\/notinor.com\/jujuy\/wp-json\/wp\/v2\/categories?post=425629"},{"taxonomy":"post_tag","embeddable":true,"href":"https:\/\/notinor.com\/jujuy\/wp-json\/wp\/v2\/tags?post=425629"}],"curies":[{"name":"wp","href":"https:\/\/api.w.org\/{rel}","templated":true}]}}