{"id":425626,"date":"2025-04-09T19:37:09","date_gmt":"2025-04-09T22:37:09","guid":{"rendered":"https:\/\/notinor.com\/jujuy\/?p=425626"},"modified":"2025-04-09T19:37:11","modified_gmt":"2025-04-09T22:37:11","slug":"tragedia-en-misiones-murieron-al-menos-7-personas-tras-el-vuelco-de-un-micro-en-la-ruta-14","status":"publish","type":"post","link":"https:\/\/notinor.com\/jujuy\/tragedia-en-misiones-murieron-al-menos-7-personas-tras-el-vuelco-de-un-micro-en-la-ruta-14\/","title":{"rendered":"Tragedia en Misiones: murieron al menos 7 personas tras el vuelco de un micro en la Ruta 14"},"content":{"rendered":"\n<p class=\"has-medium-font-size\"><strong><em>El veh\u00edculo transportaba personal de una empresa forestal. Hay al menos una decena de heridos, varios de gravedad.<\/em><\/strong><\/p>\n\n\n\n<p><\/p>\n\n\n<div class=\"wp-block-image\">\n<figure class=\"aligncenter size-full\"><img decoding=\"async\" loading=\"lazy\" width=\"800\" height=\"450\" src=\"https:\/\/notinor.com\/jujuy\/wp-content\/uploads\/2025\/04\/accidente-misiones.jpg\" alt=\"\" class=\"wp-image-425627\" srcset=\"https:\/\/notinor.com\/jujuy\/wp-content\/uploads\/2025\/04\/accidente-misiones.jpg 800w, https:\/\/notinor.com\/jujuy\/wp-content\/uploads\/2025\/04\/accidente-misiones-649x365.jpg 649w, https:\/\/notinor.com\/jujuy\/wp-content\/uploads\/2025\/04\/accidente-misiones-500x280.jpg 500w, https:\/\/notinor.com\/jujuy\/wp-content\/uploads\/2025\/04\/accidente-misiones-768x432.jpg 768w, https:\/\/notinor.com\/jujuy\/wp-content\/uploads\/2025\/04\/accidente-misiones-750x422.jpg 750w\" sizes=\"(max-width: 800px) 100vw, 800px\" \/><\/figure><\/div>\n\n\n<p><\/p>\n\n\n\n<p><strong>Al menos 7 personas murieron este mi\u00e9rcoles en Misiones, luego de que un micro que transportaba trabajadores despistara y volcara en la Ruta Nacional 14.<\/strong><\/p>\n\n\n\n<p>Seg\u00fan indicaron fuentes policiales, cerca de las 13, en el kil\u00f3metro 801, cerca de la localidad de San Jos\u00e9, el chofer del veh\u00edculo que transportaba personal de la empresa Forestal San Francisco perdi\u00f3 el control debido a un desperfecto t\u00e9cnico del colectivo, por lo que termin\u00f3 volcado sobre su lateral derecho en la banquina sur.<\/p>\n\n\n\n<p><strong>\u201cSupuestamente, revent\u00f3 la goma y volc\u00f3, pero la verdad que no s\u00e9, porque cuando me di cuenta ya est\u00e1bamos volcados. Hay unos cuantos fallecidos y quebrados tambi\u00e9n\u201d,<\/strong> le manifest\u00f3 instantes despu\u00e9s del accidente An\u00edbal, uno de los sobrevivientes, al periodista local Jorge Kurrle.<\/p>\n\n\n\n<p>Si bien en un principio trascendi\u00f3 la cifra de 8 personas fallecidas, fuentes policiales le aclararon a este medio que, al menos de momento, son 7, y que hubo una confusi\u00f3n debido al nivel de gravedad de las heridas que presentaba uno de los pasajeros del colectivo.<\/p>\n\n\n\n<p>Las v\u00edctimas fatales ya fueron identificadas y sus nombres fueron difundidos una vez que sus familiares recibieron las malas noticias. <strong>Perdieron la vida en el accidente el chofer, identificado como V\u00edctor Sequeira, de 45 a\u00f1os; Roberto Javier Mezetti, de 34 a\u00f1os; Rub\u00e9n Roque Celestino, de 63 a\u00f1os; Julio \u00c1lvez, de 55 a\u00f1os; Adelio \u00c1lvez, de 36 a\u00f1os; Dami\u00e1n Martins, de 36 a\u00f1os; y Leonardo Jos\u00e9 Fagundez, de 24 a\u00f1os.<\/strong><\/p>\n\n\n\n<p><strong>Por otro lado, una decena de personas fueron trasladadas con heridas de distinta gravedad a centros de salud de Cerro Azul y de Posadas. Varios de ellos hab\u00edan quedado atrapados dentro del veh\u00edculo.<\/strong><\/p>\n\n\n\n<p>Trabaj\u00f3 en el lugar personal de diversas dependencias de la Polic\u00eda de Misiones, as\u00ed como de Bomberos y Salud P\u00fablica. El tr\u00e1nsito permaneci\u00f3 cortado por varias horas.<\/p>\n","protected":false},"excerpt":{"rendered":"<p>El veh\u00edculo transportaba personal de una empresa forestal. Hay al menos una decena de heridos, varios de gravedad. Al menos 7 personas murieron este mi\u00e9rcoles en Misiones, luego de que un micro que transportaba trabajadores despistara y volcara en la Ruta Nacional 14. Seg\u00fan indicaron fuentes policiales, cerca de las 13, en el kil\u00f3metro 801, [&hellip;]<\/p>\n","protected":false},"author":49,"featured_media":425627,"comment_status":"open","ping_status":"open","sticky":false,"template":"","format":"standard","meta":{"_stopmodifiedupdate":false,"_modified_date":"","inline_featured_image":false,"spay_email":"","jetpack_publicize_message":""},"categories":[2,5,3],"tags":[],"jetpack_featured_media_url":"https:\/\/notinor.com\/jujuy\/wp-content\/uploads\/2025\/04\/accidente-misiones.jpg","jetpack_publicize_connections":[],"_links":{"self":[{"href":"https:\/\/notinor.com\/jujuy\/wp-json\/wp\/v2\/posts\/425626"}],"collection":[{"href":"https:\/\/notinor.com\/jujuy\/wp-json\/wp\/v2\/posts"}],"about":[{"href":"https:\/\/notinor.com\/jujuy\/wp-json\/wp\/v2\/types\/post"}],"author":[{"embeddable":true,"href":"https:\/\/notinor.com\/jujuy\/wp-json\/wp\/v2\/users\/49"}],"replies":[{"embeddable":true,"href":"https:\/\/notinor.com\/jujuy\/wp-json\/wp\/v2\/comments?post=425626"}],"version-history":[{"count":1,"href":"https:\/\/notinor.com\/jujuy\/wp-json\/wp\/v2\/posts\/425626\/revisions"}],"predecessor-version":[{"id":425628,"href":"https:\/\/notinor.com\/jujuy\/wp-json\/wp\/v2\/posts\/425626\/revisions\/425628"}],"wp:featuredmedia":[{"embeddable":true,"href":"https:\/\/notinor.com\/jujuy\/wp-json\/wp\/v2\/media\/425627"}],"wp:attachment":[{"href":"https:\/\/notinor.com\/jujuy\/wp-json\/wp\/v2\/media?parent=425626"}],"wp:term":[{"taxonomy":"category","embeddable":true,"href":"https:\/\/notinor.com\/jujuy\/wp-json\/wp\/v2\/categories?post=425626"},{"taxonomy":"post_tag","embeddable":true,"href":"https:\/\/notinor.com\/jujuy\/wp-json\/wp\/v2\/tags?post=425626"}],"curies":[{"name":"wp","href":"https:\/\/api.w.org\/{rel}","templated":true}]}}