{"id":425237,"date":"2025-04-01T00:20:14","date_gmt":"2025-04-01T03:20:14","guid":{"rendered":"https:\/\/notinor.com\/jujuy\/?p=425237"},"modified":"2025-04-01T00:20:16","modified_gmt":"2025-04-01T03:20:16","slug":"sadir-abrio-el-tratamiento-del-proyecto-de-coparticipacion-provincial","status":"publish","type":"post","link":"https:\/\/notinor.com\/jujuy\/sadir-abrio-el-tratamiento-del-proyecto-de-coparticipacion-provincial\/","title":{"rendered":"Sadir abri\u00f3 el tratamiento del proyecto de coparticipaci\u00f3n provincial"},"content":{"rendered":"\n<p class=\"has-medium-font-size\"><strong><em>El gobernador de la Provincia, Carlos Sadir, encabez\u00f3 la primera reuni\u00f3n de la Comisi\u00f3n Tributaria, constituida con el prop\u00f3sito de debatir del proyecto de ley de R\u00e9gimen de Relaciones Fiscales Provincia-Municipios.<\/em><\/strong><\/p>\n\n\n\n<p><\/p>\n\n\n<div class=\"wp-block-image\">\n<figure class=\"aligncenter size-full\"><img decoding=\"async\" loading=\"lazy\" width=\"800\" height=\"450\" src=\"https:\/\/notinor.com\/jujuy\/wp-content\/uploads\/2025\/04\/sadir-coparticipacion.jpg\" alt=\"\" class=\"wp-image-425238\" srcset=\"https:\/\/notinor.com\/jujuy\/wp-content\/uploads\/2025\/04\/sadir-coparticipacion.jpg 800w, https:\/\/notinor.com\/jujuy\/wp-content\/uploads\/2025\/04\/sadir-coparticipacion-649x365.jpg 649w, https:\/\/notinor.com\/jujuy\/wp-content\/uploads\/2025\/04\/sadir-coparticipacion-500x280.jpg 500w, https:\/\/notinor.com\/jujuy\/wp-content\/uploads\/2025\/04\/sadir-coparticipacion-768x432.jpg 768w, https:\/\/notinor.com\/jujuy\/wp-content\/uploads\/2025\/04\/sadir-coparticipacion-750x422.jpg 750w\" sizes=\"(max-width: 800px) 100vw, 800px\" \/><\/figure><\/div>\n\n\n<p><\/p>\n\n\n\n<p>Junto al vicegobernador, Alberto Bernis; el jefe de Gabinete de Ministros, Freddy Morales; autoridades ministeriales, intendentes y comisionados municipales, Sadir reivindic\u00f3 el compromiso de garantizar un espacio participativo y pluralista, concebido para definir un esquema que \u201cmejore la distribuci\u00f3n y administraci\u00f3n de los recursos financieros para cada una de las jurisdicciones municipales\u201d.<\/p>\n\n\n\n<p><strong>En este escenario, explic\u00f3 que el nuevo r\u00e9gimen previsto apunta a \u201cla previsibilidad financiera\u201d de cada uno de los municipios y comisiones municipales.<\/strong><\/p>\n\n\n\n<p>Asimismo, destac\u00f3 la decisi\u00f3n de avanzar en la creaci\u00f3n del Fondo de Desarrollo Comunal, al cual se recurrir\u00e1 \u201cen casos de emergencias en cualquier parte del territorio\u201d.<\/p>\n\n\n\n<p><strong>\u201cEsta es la mejor manera de asegurar la autonom\u00eda plena a los municipios y que estos puedan disponer de los recursos que les correspondiente que tendr\u00e1n que ser administrados de manera criteriosa y eficiente\u201d,<\/strong> remarc\u00f3 Sadir.<\/p>\n\n\n\n<p><strong>El proyecto fue puesto a consideraci\u00f3n de autoridades y representantes de los municipios, cuyas sugerencias e inquietudes ser\u00e1n receptadas para consensuar un proyecto \u00fanico y beneficioso para todos.<\/strong> Respecto de cargas tributarias que son \u00fanicas y espec\u00edficas en determinados municipios, explic\u00f3 que \u201cse solicitar\u00e1 la eliminaci\u00f3n o modificaci\u00f3n\u201d de las mismas, a los efectos de \u201cagilizar tr\u00e1mites y establecer criterios unificados en los cobros de tasas\u201d.<\/p>\n\n\n\n<p>Tras puntualizar que no hay plazos establecidos para finalizar el proceso de enriquecimiento del proyecto, Sadir resalt\u00f3 que <strong>\u201csancionar una ley de coparticipaci\u00f3n provincial es una deuda hist\u00f3rica\u201d y consider\u00f3 que \u201cavanzar r\u00e1pidamente en su elaboraci\u00f3n y presentaci\u00f3n ante la Legislatura, es algo que nos debemos con miras a dotar de autonom\u00eda econ\u00f3mica y previsibilidad financiera a cada una de las localidades\u201d.<\/strong><\/p>\n\n\n\n<p>Por otra parte, las autoridades municipales presentes no dudaron en calificar la iniciativa del gobernador como un \u201cun hecho hist\u00f3rico\u201d, por cuanto el r\u00e9gimen de coparticipaci\u00f3n provincial \u201ces una herramienta por la cual se espera hace muchos a\u00f1os\u201d.<\/p>\n","protected":false},"excerpt":{"rendered":"<p>El gobernador de la Provincia, Carlos Sadir, encabez\u00f3 la primera reuni\u00f3n de la Comisi\u00f3n Tributaria, constituida con el prop\u00f3sito de debatir del proyecto de ley de R\u00e9gimen de Relaciones Fiscales Provincia-Municipios. Junto al vicegobernador, Alberto Bernis; el jefe de Gabinete de Ministros, Freddy Morales; autoridades ministeriales, intendentes y comisionados municipales, Sadir reivindic\u00f3 el compromiso de [&hellip;]<\/p>\n","protected":false},"author":49,"featured_media":425238,"comment_status":"open","ping_status":"open","sticky":false,"template":"","format":"standard","meta":{"_stopmodifiedupdate":false,"_modified_date":"","inline_featured_image":false,"spay_email":"","jetpack_publicize_message":""},"categories":[2,514],"tags":[],"jetpack_featured_media_url":"https:\/\/notinor.com\/jujuy\/wp-content\/uploads\/2025\/04\/sadir-coparticipacion.jpg","jetpack_publicize_connections":[],"_links":{"self":[{"href":"https:\/\/notinor.com\/jujuy\/wp-json\/wp\/v2\/posts\/425237"}],"collection":[{"href":"https:\/\/notinor.com\/jujuy\/wp-json\/wp\/v2\/posts"}],"about":[{"href":"https:\/\/notinor.com\/jujuy\/wp-json\/wp\/v2\/types\/post"}],"author":[{"embeddable":true,"href":"https:\/\/notinor.com\/jujuy\/wp-json\/wp\/v2\/users\/49"}],"replies":[{"embeddable":true,"href":"https:\/\/notinor.com\/jujuy\/wp-json\/wp\/v2\/comments?post=425237"}],"version-history":[{"count":1,"href":"https:\/\/notinor.com\/jujuy\/wp-json\/wp\/v2\/posts\/425237\/revisions"}],"predecessor-version":[{"id":425239,"href":"https:\/\/notinor.com\/jujuy\/wp-json\/wp\/v2\/posts\/425237\/revisions\/425239"}],"wp:featuredmedia":[{"embeddable":true,"href":"https:\/\/notinor.com\/jujuy\/wp-json\/wp\/v2\/media\/425238"}],"wp:attachment":[{"href":"https:\/\/notinor.com\/jujuy\/wp-json\/wp\/v2\/media?parent=425237"}],"wp:term":[{"taxonomy":"category","embeddable":true,"href":"https:\/\/notinor.com\/jujuy\/wp-json\/wp\/v2\/categories?post=425237"},{"taxonomy":"post_tag","embeddable":true,"href":"https:\/\/notinor.com\/jujuy\/wp-json\/wp\/v2\/tags?post=425237"}],"curies":[{"name":"wp","href":"https:\/\/api.w.org\/{rel}","templated":true}]}}