{"id":425046,"date":"2025-03-26T23:26:08","date_gmt":"2025-03-27T02:26:08","guid":{"rendered":"https:\/\/notinor.com\/jujuy\/?p=425046"},"modified":"2025-03-26T23:26:09","modified_gmt":"2025-03-27T02:26:09","slug":"la-legislatura-aprobo-la-emergencia-hidrica-en-jujuy-tras-los-temporales-que-ocasionaron-destrozos","status":"publish","type":"post","link":"https:\/\/notinor.com\/jujuy\/la-legislatura-aprobo-la-emergencia-hidrica-en-jujuy-tras-los-temporales-que-ocasionaron-destrozos\/","title":{"rendered":"La Legislatura aprob\u00f3\u00a0la emergencia h\u00eddrica en Jujuy\u00a0tras los temporales que ocasionaron destrozos"},"content":{"rendered":"\n<p class=\"has-medium-font-size\"><strong><em>En la segunda sesi\u00f3n ordinaria, los legisladores dieron luz verde al decreto del gobierno anunciado luego de los temporales que ocasionaron destrozos en la provincia. Adem\u00e1s, ingresaron m\u00e1s de 200 proyectos que ir\u00e1n a las respectivas comisiones.<\/em><\/strong><\/p>\n\n\n\n<p><\/p>\n\n\n<div class=\"wp-block-image\">\n<figure class=\"aligncenter size-full\"><img decoding=\"async\" loading=\"lazy\" width=\"800\" height=\"450\" src=\"https:\/\/notinor.com\/jujuy\/wp-content\/uploads\/2025\/03\/legislatura-jujuy-2025.jpg\" alt=\"\" class=\"wp-image-425047\" srcset=\"https:\/\/notinor.com\/jujuy\/wp-content\/uploads\/2025\/03\/legislatura-jujuy-2025.jpg 800w, https:\/\/notinor.com\/jujuy\/wp-content\/uploads\/2025\/03\/legislatura-jujuy-2025-649x365.jpg 649w, https:\/\/notinor.com\/jujuy\/wp-content\/uploads\/2025\/03\/legislatura-jujuy-2025-500x280.jpg 500w, https:\/\/notinor.com\/jujuy\/wp-content\/uploads\/2025\/03\/legislatura-jujuy-2025-768x432.jpg 768w, https:\/\/notinor.com\/jujuy\/wp-content\/uploads\/2025\/03\/legislatura-jujuy-2025-750x422.jpg 750w\" sizes=\"(max-width: 800px) 100vw, 800px\" \/><\/figure><\/div>\n\n\n<p><\/p>\n\n\n\n<p>Como se hab\u00eda anunciado, este martes se concret\u00f3 la segunda sesi\u00f3n ordinaria en la Legislatura de Jujuy.<\/p>\n\n\n\n<p>En la misma, se destac\u00f3 la sanci\u00f3n de los diputados del decreto remitido por el gobierno de la provincia para declarar la emergencia h\u00eddrica. <strong>Con esta aprobaci\u00f3n, se le da herramientas al Ejecutivo provincial para que pueda actuar con celeridad en los inconvenientes que generaron las \u00faltimas lluvias en distintos puntos del territorio.<\/strong><\/p>\n\n\n\n<p>Adem\u00e1s, se sancion\u00f3 la Ley N. 6.456 declara Patrimonio Cultural Vivo a la Manka Fiesta. Tambi\u00e9n tomaron estado parlamentario 218 Proyectos de Ley, 8 Proyectos de Resoluci\u00f3n, 30 de Declaraci\u00f3n de Inter\u00e9s y Solicitudes de Informes.<\/p>\n","protected":false},"excerpt":{"rendered":"<p>En la segunda sesi\u00f3n ordinaria, los legisladores dieron luz verde al decreto del gobierno anunciado luego de los temporales que ocasionaron destrozos en la provincia. Adem\u00e1s, ingresaron m\u00e1s de 200 proyectos que ir\u00e1n a las respectivas comisiones. Como se hab\u00eda anunciado, este martes se concret\u00f3 la segunda sesi\u00f3n ordinaria en la Legislatura de Jujuy. En [&hellip;]<\/p>\n","protected":false},"author":49,"featured_media":425047,"comment_status":"open","ping_status":"open","sticky":false,"template":"","format":"standard","meta":{"_stopmodifiedupdate":false,"_modified_date":"","inline_featured_image":false,"spay_email":"","jetpack_publicize_message":""},"categories":[2,514],"tags":[],"jetpack_featured_media_url":"https:\/\/notinor.com\/jujuy\/wp-content\/uploads\/2025\/03\/legislatura-jujuy-2025.jpg","jetpack_publicize_connections":[],"_links":{"self":[{"href":"https:\/\/notinor.com\/jujuy\/wp-json\/wp\/v2\/posts\/425046"}],"collection":[{"href":"https:\/\/notinor.com\/jujuy\/wp-json\/wp\/v2\/posts"}],"about":[{"href":"https:\/\/notinor.com\/jujuy\/wp-json\/wp\/v2\/types\/post"}],"author":[{"embeddable":true,"href":"https:\/\/notinor.com\/jujuy\/wp-json\/wp\/v2\/users\/49"}],"replies":[{"embeddable":true,"href":"https:\/\/notinor.com\/jujuy\/wp-json\/wp\/v2\/comments?post=425046"}],"version-history":[{"count":1,"href":"https:\/\/notinor.com\/jujuy\/wp-json\/wp\/v2\/posts\/425046\/revisions"}],"predecessor-version":[{"id":425048,"href":"https:\/\/notinor.com\/jujuy\/wp-json\/wp\/v2\/posts\/425046\/revisions\/425048"}],"wp:featuredmedia":[{"embeddable":true,"href":"https:\/\/notinor.com\/jujuy\/wp-json\/wp\/v2\/media\/425047"}],"wp:attachment":[{"href":"https:\/\/notinor.com\/jujuy\/wp-json\/wp\/v2\/media?parent=425046"}],"wp:term":[{"taxonomy":"category","embeddable":true,"href":"https:\/\/notinor.com\/jujuy\/wp-json\/wp\/v2\/categories?post=425046"},{"taxonomy":"post_tag","embeddable":true,"href":"https:\/\/notinor.com\/jujuy\/wp-json\/wp\/v2\/tags?post=425046"}],"curies":[{"name":"wp","href":"https:\/\/api.w.org\/{rel}","templated":true}]}}