{"id":425008,"date":"2025-03-26T11:32:39","date_gmt":"2025-03-26T14:32:39","guid":{"rendered":"https:\/\/notinor.com\/jujuy\/?p=425008"},"modified":"2025-03-26T11:32:40","modified_gmt":"2025-03-26T14:32:40","slug":"venezuela-el-gobierno-de-maduro-reduce-la-semana-laboral-a-tres-dias-por-la-crisis-energetica","status":"publish","type":"post","link":"https:\/\/notinor.com\/jujuy\/venezuela-el-gobierno-de-maduro-reduce-la-semana-laboral-a-tres-dias-por-la-crisis-energetica\/","title":{"rendered":"Venezuela: el gobierno de Maduro reduce la semana laboral a tres d\u00edas por la crisis energ\u00e9tica"},"content":{"rendered":"\n<p class=\"has-medium-font-size\"><strong><em>La administraci\u00f3n p\u00fablica trabajar\u00e1 solo 13,5 horas semanales por seis semanas; el sector educativo no fue incluido en esta medida<\/em><\/strong>.<\/p>\n\n\n<div class=\"wp-block-image\">\n<figure class=\"aligncenter size-full is-resized\"><img decoding=\"async\" loading=\"lazy\" src=\"https:\/\/notinor.com\/jujuy\/wp-content\/uploads\/2025\/03\/MADURO.jpg\" alt=\"\" class=\"wp-image-425009\" width=\"726\" height=\"461\" srcset=\"https:\/\/notinor.com\/jujuy\/wp-content\/uploads\/2025\/03\/MADURO.jpg 657w, https:\/\/notinor.com\/jujuy\/wp-content\/uploads\/2025\/03\/MADURO-575x365.jpg 575w\" sizes=\"(max-width: 726px) 100vw, 726px\" \/><figcaption class=\"wp-element-caption\">Nicol\u00e1s Maduro<\/figcaption><\/figure><\/div>\n\n\n<p>El&nbsp;<strong>gobierno de Nicol\u00e1s Maduro<\/strong>&nbsp;dispuso la&nbsp;<strong>reducci\u00f3n de la jornada laboral<\/strong>&nbsp;en la administraci\u00f3n p\u00fablica a solo<strong>&nbsp;tres d\u00edas por semana<\/strong>&nbsp;y&nbsp;<strong>4 horas y media diarias<\/strong>, en un intento por mitigar la&nbsp;<strong>crisis energ\u00e9tica<\/strong>&nbsp;que atraviesa Venezuela a ra\u00edz de la fuerte&nbsp;<strong>sequ\u00eda<\/strong>&nbsp;que afecta a los embalses generadores de electricidad. La medida, que comenz\u00f3 a regir este lunes y se extender\u00e1&nbsp;<strong>por seis semanas<\/strong>, fue anunciada como respuesta a una \u201cemergencia clim\u00e1tica\u201d y dejar\u00e1 la carga horaria estatal en 13,5 horas semanales, un tercio de las 40 horas establecidas.<\/p>\n\n\n\n<p>El recorte en los horarios laborales<strong>&nbsp;alcanzar\u00e1 \u00fanicamente a los empleados p\u00fablicos<\/strong>&nbsp;y&nbsp;<strong>no incluye al sector educativo<\/strong>, donde la actividad ya se encuentra fuertemente resentida por el \u00e9xodo de maestros. Seg\u00fan estimaciones de sindicatos y docentes, cerca del 70% de los educadores abandon\u00f3 las aulas en los \u00faltimos a\u00f1os, migrando al sistema privado o directamente fuera del pa\u00eds, a ra\u00edz de salarios que rondan los 40 d\u00f3lares mensuales en promedio. Esta situaci\u00f3n deriv\u00f3 en que, previo a la disposici\u00f3n del gobierno, muchos establecimientos p\u00fablicos dicten clases solo tres veces a la semana, de forma intermitente.<\/p>\n\n\n\n<p>La medida oficial&nbsp;<strong>se aplicar\u00e1 durante los lunes, mi\u00e9rcoles y viernes<\/strong>, entre las 8 y las 12.30, con la&nbsp;<strong>posibilidad de extenderse si la crisis h\u00eddrica no se resuelve<\/strong>&nbsp;en el plazo previsto. El deterioro del sistema el\u00e9ctrico venezolano, que arrastra a\u00f1os de fallas estructurales, se agrav\u00f3 por la&nbsp;<strong>ca\u00edda del caudal en los principales embalses hidroel\u00e9ctricos y termoel\u00e9ctricos del pa\u00eds<\/strong>.<\/p>\n\n\n\n<figure class=\"wp-block-image\"><img decoding=\"async\" src=\"https:\/\/resizer.glanacion.com\/resizer\/v2\/el-comunicado-difundido-por-el-gobierno-de-I746J5AIINHGHD3G5LJMMSEVFY.jpg?auth=41c41f2067003ac050986650bb8087df1b7be379b5a69500c116d8d8a264de1f&amp;width=420&amp;height=262&amp;quality=70&amp;smart=true\" alt=\"El comunicado difundido por el gobierno de Venezuela.\"\/><figcaption class=\"wp-element-caption\">El comunicado difundido por el gobierno de Venezuela.<\/figcaption><\/figure>\n\n\n\n<p>Pese a las fuertes inversiones anunciadas por el gobierno en el pasado, las obras de mantenimiento y modernizaci\u00f3n nunca se concretaron y, seg\u00fan denunci\u00f3 la organizaci\u00f3n no gubernamental<strong>&nbsp;Provea<\/strong>, la<strong>&nbsp;generaci\u00f3n el\u00e9ctrica<\/strong>&nbsp;hoy funciona \u201cal&nbsp;<strong>80% por debajo de su capacidad\u201d<\/strong>.<\/p>\n\n\n\n<p><strong>Oscar Murillo<\/strong>, director de Provea, advirti\u00f3 que la&nbsp;<strong>transmisi\u00f3n de energ\u00eda<\/strong>&nbsp;tambi\u00e9n<strong>&nbsp;opera al l\u00edmite<\/strong>, lo que obliga a las autoridades a recurrir nuevamente a planes de&nbsp;<strong>racionamiento como \u00fanica alternativa&nbsp;<\/strong>para evitar apagones generalizados. En ese marco, la reducci\u00f3n de la jornada laboral se suma a los antecedentes de emergencia vividos por el pa\u00eds, como la severa crisis energ\u00e9tica de hace una d\u00e9cada y las restricciones impuestas durante la pandemia de Covid-19 entre 2020 y 2022.<\/p>\n\n\n\n<p>En ese marco, el economista&nbsp;<strong>Jos\u00e9 Guerra&nbsp;<\/strong>consider\u00f3 que esta decisi\u00f3n&nbsp;<strong>agravar\u00e1 la recesi\u00f3n&nbsp;<\/strong>que atraviesa la econom\u00eda venezolana. As\u00ed, tras registrar un repunte el a\u00f1o pasado, Guerra prev\u00e9 que en el actual per\u00edodo se registr\u00e1 una ca\u00edda severa de la actividad, empujada tambi\u00e9n por las nuevas&nbsp;<strong>sanciones internacionales<\/strong>.<\/p>\n\n\n\n<p>A la situaci\u00f3n interna se sum\u00f3 la reciente decisi\u00f3n de&nbsp;<strong>Estados Unidos&nbsp;<\/strong>de aplicar un&nbsp;<strong>arancel del 25%&nbsp;<\/strong>a&nbsp;<strong>cualquier pa\u00eds que comercie petr\u00f3leo o derivados con Venezuela<\/strong>, lo que representa un nuevo golpe para las finanzas de un gobierno que depende fuertemente de los ingresos por exportaci\u00f3n de crudo.<\/p>\n\n\n\n<p>Al respecto, el economista&nbsp;<strong>Carlos Rossi&nbsp;<\/strong>calific\u00f3 a la medida tomada por el gobierno de Donald Trump como&nbsp;<strong>el embargo m\u00e1s fuerte impuesto contra Venezuela desde 1902<\/strong>, cuando las potencias europeas bloquearon los puertos venezolanos para forzar el pago de la deuda externa. En este caso, la medida de la Casa Blanca afectar\u00e1 directamente la principal fuente de divisas del pa\u00eds.<\/p>\n\n\n\n<p>As\u00ed, la&nbsp;<strong>baja producci\u00f3n energ\u00e9tica&nbsp;<\/strong>y el&nbsp;<strong>freno a las exportaciones petroleras&nbsp;<\/strong>complican el cuadro econ\u00f3mico de Venezuela, que contin\u00faa inmersa en una crisis con alta inflaci\u00f3n, ca\u00edda del consumo y un notable \u00e9xodo migratorio.<\/p>\n","protected":false},"excerpt":{"rendered":"<p>La administraci\u00f3n p\u00fablica trabajar\u00e1 solo 13,5 horas semanales por seis semanas; el sector educativo no fue incluido en esta medida. El&nbsp;gobierno de Nicol\u00e1s Maduro&nbsp;dispuso la&nbsp;reducci\u00f3n de la jornada laboral&nbsp;en la administraci\u00f3n p\u00fablica a solo&nbsp;tres d\u00edas por semana&nbsp;y&nbsp;4 horas y media diarias, en un intento por mitigar la&nbsp;crisis energ\u00e9tica&nbsp;que atraviesa Venezuela a ra\u00edz de la fuerte&nbsp;sequ\u00eda&nbsp;que [&hellip;]<\/p>\n","protected":false},"author":5,"featured_media":425009,"comment_status":"open","ping_status":"open","sticky":false,"template":"","format":"standard","meta":{"_stopmodifiedupdate":false,"_modified_date":"","inline_featured_image":false,"spay_email":"","jetpack_publicize_message":""},"categories":[6],"tags":[],"jetpack_featured_media_url":"https:\/\/notinor.com\/jujuy\/wp-content\/uploads\/2025\/03\/MADURO.jpg","jetpack_publicize_connections":[],"_links":{"self":[{"href":"https:\/\/notinor.com\/jujuy\/wp-json\/wp\/v2\/posts\/425008"}],"collection":[{"href":"https:\/\/notinor.com\/jujuy\/wp-json\/wp\/v2\/posts"}],"about":[{"href":"https:\/\/notinor.com\/jujuy\/wp-json\/wp\/v2\/types\/post"}],"author":[{"embeddable":true,"href":"https:\/\/notinor.com\/jujuy\/wp-json\/wp\/v2\/users\/5"}],"replies":[{"embeddable":true,"href":"https:\/\/notinor.com\/jujuy\/wp-json\/wp\/v2\/comments?post=425008"}],"version-history":[{"count":1,"href":"https:\/\/notinor.com\/jujuy\/wp-json\/wp\/v2\/posts\/425008\/revisions"}],"predecessor-version":[{"id":425010,"href":"https:\/\/notinor.com\/jujuy\/wp-json\/wp\/v2\/posts\/425008\/revisions\/425010"}],"wp:featuredmedia":[{"embeddable":true,"href":"https:\/\/notinor.com\/jujuy\/wp-json\/wp\/v2\/media\/425009"}],"wp:attachment":[{"href":"https:\/\/notinor.com\/jujuy\/wp-json\/wp\/v2\/media?parent=425008"}],"wp:term":[{"taxonomy":"category","embeddable":true,"href":"https:\/\/notinor.com\/jujuy\/wp-json\/wp\/v2\/categories?post=425008"},{"taxonomy":"post_tag","embeddable":true,"href":"https:\/\/notinor.com\/jujuy\/wp-json\/wp\/v2\/tags?post=425008"}],"curies":[{"name":"wp","href":"https:\/\/api.w.org\/{rel}","templated":true}]}}