{"id":424959,"date":"2025-03-25T12:30:11","date_gmt":"2025-03-25T15:30:11","guid":{"rendered":"https:\/\/notinor.com\/jujuy\/?p=424959"},"modified":"2025-03-25T12:30:13","modified_gmt":"2025-03-25T15:30:13","slug":"la-corte-suprema-de-brasil-decide-si-juzga-a-jair-bolsonaro-por-intento-de-golpe-de-estado","status":"publish","type":"post","link":"https:\/\/notinor.com\/jujuy\/la-corte-suprema-de-brasil-decide-si-juzga-a-jair-bolsonaro-por-intento-de-golpe-de-estado\/","title":{"rendered":"La Corte Suprema de Brasil decide si juzga a Jair Bolsonaro por intento de golpe de Estado"},"content":{"rendered":"\n<p class=\"has-medium-font-size\"><strong><em>El Supremo Tribunal Federal eval\u00faa este martes si hay elementos suficientes para iniciar un proceso penal contra el exmandatario brasile\u00f1o y otras siete personas.<\/em><\/strong><\/p>\n\n\n<div class=\"wp-block-image\">\n<figure class=\"aligncenter\"><img decoding=\"async\" src=\"https:\/\/tn.com.ar\/resizer\/v2\/la-corte-suprema-de-brasil-decide-si-juzga-a-jair-bolsonaro-por-intento-de-golpe-de-estado-foto-reuters-RAMIVPRBPFECZJO2IPB53HT5S4.jpg?auth=8a4a218a9f37d1a71bfe69fad640af83921530f4df268fb07f71b0d1d3456207&amp;width=767\" alt=\"La Corte Suprema de Brasil decide si juzga a Jair Bolsonaro por intento de golpe de Estado. (Foto: REUTERS).\"\/><figcaption class=\"wp-element-caption\">La Corte Suprema de Brasil decide si juzga a Jair Bolsonaro por intento de golpe de Estado. <\/figcaption><\/figure><\/div>\n\n\n<p>La\u00a0<strong>Corte Suprema de Brasil\u00a0<\/strong>comenz\u00f3 a examinar este martes si\u00a0<strong>juzga a\u00a0Jair Bolsonaro<\/strong> por el intento de golpe de Estado contra el gobierno de <strong>Lula da Silva<\/strong>.<\/p>\n\n\n\n<p>La primera sala del&nbsp;<strong>Supremo Tribunal Federal (STF)&nbsp;<\/strong>brasile\u00f1o eval\u00faa por estas horas&nbsp;<strong>si hay elementos suficientes&nbsp;<\/strong>para iniciar un proceso penal contra el exmandatario brasile\u00f1o y otras siete personas, acusadas como \"<strong>el n\u00facleo crucial\"&nbsp;<\/strong>de la presunta conspiraci\u00f3n contra quien lo hab\u00eda derrotado en las elecciones de octubre de 2022.<\/p>\n\n\n\n<p>Se espera que la decisi\u00f3n se conozca este mismo martes o a m\u00e1s tardar el mi\u00e9rcoles. La resoluci\u00f3n est\u00e1 en manos de&nbsp;<strong>5 de los 11 magistrados&nbsp;<\/strong>que componen la Corte. Entre ellos se encuentra&nbsp;<strong>Alexandre de Moraes,&nbsp;<\/strong>que es considerado un enemigo pol\u00edtico para Jair Bolsonaro.<\/p>\n\n\n\n<p>La defensa del <strong>exmandatario brasile\u00f1o<\/strong>\u00a0hab\u00eda solicitado previamente\u00a0<strong>apartar del caso a tres magistrados<\/strong>, entre ellos a De Moraes, pero la Corte Suprema\u00a0<strong>desestim\u00f3 el recurso.\u00a0<\/strong>El reconocido juez fue cuestionado en los \u00faltimos d\u00edas por el propio Bolsonaro por tener \"<strong>inter\u00e9s personal en el caso\".<\/strong><\/p>\n\n\n\n<p>La sede del tribunal en Brasilia, donde se debate el posible proceso penal contra Bolsonaro, fue&nbsp;<strong>reforzada con mayor presencia policial&nbsp;<\/strong>y con controles m\u00e1s estrictos. En total son 34 los acusados que esperan la definici\u00f3n de la Corte.<\/p>\n\n\n\n<p>Bolsonaro, quien se enfrenta a una posible condena de&nbsp;<strong>40 a\u00f1os de prisi\u00f3n,<\/strong>&nbsp;lleg\u00f3 a la sala del tribunal acompa\u00f1ado de su abogado. El expresidente brasile\u00f1o ocup\u00f3 un<strong>&nbsp;asiento en la primera fila,&nbsp;<\/strong>delante del estrado de los jueces, seg\u00fan se\u00f1al\u00f3 un periodista de la agencia AFP.<\/p>\n\n\n<div class=\"wp-block-image\">\n<figure class=\"aligncenter\"><img decoding=\"async\" src=\"https:\/\/tn.com.ar\/resizer\/v2\/el-expresidente-brasileno-jair-bolsonaro-se-enfrenta-a-una-posible-condena-de-40-anos-de-prision-foto-reuters-ERJTQOHQ6FKXMX2H3SY6QQLY5I.jpg?auth=2376c995b66e3c8f076ebe1ea72e864127921a864d606a6b039dad8ffbce44e6&amp;width=767\" alt=\"El expresidente brasile\u00f1o Jair Bolsonaro se enfrenta a una posible condena de 40 a\u00f1os de prisi\u00f3n. (Foto: Reuters).\"\/><figcaption class=\"wp-element-caption\">El expresidente brasile\u00f1o Jair Bolsonaro se enfrenta a una posible condena de 40 a\u00f1os de prisi\u00f3n. (Foto: Reuters).<\/figcaption><\/figure><\/div>\n\n\n<p>La Fiscal\u00eda que llev\u00f3 adelante la investigaci\u00f3n previa se\u00f1al\u00f3 que el exmandatario brasile\u00f1o&nbsp;<strong>lider\u00f3 una organizaci\u00f3n criminal&nbsp;<\/strong>que plane\u00f3 impedir la investidura del presidente&nbsp;<strong>Luiz In\u00e1cio Lula da Silva&nbsp;<\/strong>tras la derrota en las elecciones de octubre de 2022.<\/p>\n\n\n\n<p><strong>Bolsonaro<\/strong> fue imputado en febrero de este a\u00f1o por \u201c<strong>golpe de Estado\u201d<\/strong>,\u00a0<strong>\u201ctentativa de abolici\u00f3n violenta del Estado democr\u00e1tico de derecho\u201d<\/strong>\u00a0y\u00a0<strong>\u201corganizaci\u00f3n criminal armada\u201d,<\/strong>\u00a0entre otros delitos.<\/p>\n\n\n\n<p>La acusaci\u00f3n que plantea la fiscal\u00eda sostiene que la conspiraci\u00f3n golpista planeada por Bolsonaro contemplaba la&nbsp;<strong>elaboraci\u00f3n de un decreto&nbsp;<\/strong>que justificar\u00eda un \"<strong>estado de defensa\"&nbsp;<\/strong>para revisar la validez del proceso electoral que le dio el triunfo a Lula da Silva.<\/p>\n\n\n\n<p>Para los investigadores, el plan tambi\u00e9n contemplaba el\u00a0<strong>crimen de\u00a0Lula da Silva<\/strong> y del juez\u00a0<strong>Alexandre de Moraes,\u00a0<\/strong>pero no se habr\u00eda consumado por<strong>\u00a0falta de apoyo de los altos mandos del Ej\u00e9rcito.<\/strong><\/p>\n\n\n\n<p>Entre los 34 acusados figuran<strong>&nbsp;exministros de Bolsonaro<\/strong>&nbsp;como Walter Braga Netto (Defensa) y Anderson Torres (Justicia), y un excomandante de la Marina.<\/p>\n\n\n\n<p>La Fiscal\u00eda hizo su imputaci\u00f3n apoyada en una investigaci\u00f3n de la Polic\u00eda Federal, que result\u00f3 en un informe de casi&nbsp;<strong>900 p\u00e1ginas,&nbsp;<\/strong>donde tambi\u00e9n se vincula al expresidente brasile\u00f1o con los disturbios del 8 de enero de 2023.<\/p>\n\n\n<div class=\"wp-block-image\">\n<figure class=\"aligncenter\"><img decoding=\"async\" src=\"https:\/\/tn.com.ar\/resizer\/v2\/jair-bolsonaro-llego-acompanado-de-su-abogado-y-se-sento-frente-al-estrado-foto-reuters-BQWL3O5HWPK3X5E5COIZCKJD74.jpg?auth=056fa821f5f910be234fe196ec9cbd321a9c169b8d264732080d0da379bdc752&amp;width=767\" alt=\"Jair Bolsonaro lleg\u00f3 acompa\u00f1ado de su abogado y se sent\u00f3 frente al estrado. (Foto: Reuters).\"\/><figcaption class=\"wp-element-caption\">Jair Bolsonaro lleg\u00f3 acompa\u00f1ado de su abogado y se sent\u00f3 frente al estrado<\/figcaption><\/figure><\/div>\n\n\n<p>En aquella oportunidad, miles de simpatizantes bolsonaristas&nbsp;<strong>asaltaron y vandalizaron&nbsp;<\/strong>las sedes de los tres poderes en Brasilia, una semana despu\u00e9s de la asunci\u00f3n de Lula da Silva como Presidente de Brasil. En ese momento, el l\u00edder de extrema derecha se encontraba en Estados Unidos.<\/p>\n\n\n\n<p>\u201cSe trata de<strong>&nbsp;la mayor persecuci\u00f3n pol\u00edtico-judicial de la historia de Brasil,<\/strong>&nbsp;motivada por deseos inconfesables, vanidades y claros intereses pol\u00edticos de impedir que participe y gane las elecciones presidenciales de 2026\u2033, escribi\u00f3 previamente en una nota.<\/p>\n\n\n\n<p>El <strong>exmandatario brasile\u00f1o<\/strong> espera competir en las elecciones presidenciales del pr\u00f3ximo a\u00f1o, pese a estar inhabilitado pol\u00edticamente, y cerr\u00f3 su mensaje con una fuerte cr\u00edtica hacia la Justicia de Brasil: \u201cEs un juicio pol\u00edtico. \u00bfCon qu\u00e9 fin?\u00a0<strong>Sacarme del escenario pol\u00edtico para el a\u00f1o pr\u00f3ximo<\/strong>\u201c.<\/p>\n","protected":false},"excerpt":{"rendered":"<p>El Supremo Tribunal Federal eval\u00faa este martes si hay elementos suficientes para iniciar un proceso penal contra el exmandatario brasile\u00f1o y otras siete personas. La\u00a0Corte Suprema de Brasil\u00a0comenz\u00f3 a examinar este martes si\u00a0juzga a\u00a0Jair Bolsonaro por el intento de golpe de Estado contra el gobierno de Lula da Silva. La primera sala del&nbsp;Supremo Tribunal Federal [&hellip;]<\/p>\n","protected":false},"author":5,"featured_media":424960,"comment_status":"open","ping_status":"open","sticky":false,"template":"","format":"standard","meta":{"_stopmodifiedupdate":false,"_modified_date":"","inline_featured_image":false,"spay_email":"","jetpack_publicize_message":""},"categories":[6],"tags":[],"jetpack_featured_media_url":"https:\/\/notinor.com\/jujuy\/wp-content\/uploads\/2025\/03\/BOLSONARO.jpg","jetpack_publicize_connections":[],"_links":{"self":[{"href":"https:\/\/notinor.com\/jujuy\/wp-json\/wp\/v2\/posts\/424959"}],"collection":[{"href":"https:\/\/notinor.com\/jujuy\/wp-json\/wp\/v2\/posts"}],"about":[{"href":"https:\/\/notinor.com\/jujuy\/wp-json\/wp\/v2\/types\/post"}],"author":[{"embeddable":true,"href":"https:\/\/notinor.com\/jujuy\/wp-json\/wp\/v2\/users\/5"}],"replies":[{"embeddable":true,"href":"https:\/\/notinor.com\/jujuy\/wp-json\/wp\/v2\/comments?post=424959"}],"version-history":[{"count":1,"href":"https:\/\/notinor.com\/jujuy\/wp-json\/wp\/v2\/posts\/424959\/revisions"}],"predecessor-version":[{"id":424961,"href":"https:\/\/notinor.com\/jujuy\/wp-json\/wp\/v2\/posts\/424959\/revisions\/424961"}],"wp:featuredmedia":[{"embeddable":true,"href":"https:\/\/notinor.com\/jujuy\/wp-json\/wp\/v2\/media\/424960"}],"wp:attachment":[{"href":"https:\/\/notinor.com\/jujuy\/wp-json\/wp\/v2\/media?parent=424959"}],"wp:term":[{"taxonomy":"category","embeddable":true,"href":"https:\/\/notinor.com\/jujuy\/wp-json\/wp\/v2\/categories?post=424959"},{"taxonomy":"post_tag","embeddable":true,"href":"https:\/\/notinor.com\/jujuy\/wp-json\/wp\/v2\/tags?post=424959"}],"curies":[{"name":"wp","href":"https:\/\/api.w.org\/{rel}","templated":true}]}}