{"id":424879,"date":"2025-03-21T20:41:03","date_gmt":"2025-03-21T23:41:03","guid":{"rendered":"https:\/\/notinor.com\/jujuy\/?p=424879"},"modified":"2025-03-21T21:08:44","modified_gmt":"2025-03-22T00:08:44","slug":"che-cristina-la-reaccion-de-javier-milei-a-la-sancion-del-gobierno-de-estados-unidos-a-la-ex-presidenta","status":"publish","type":"post","link":"https:\/\/notinor.com\/jujuy\/che-cristina-la-reaccion-de-javier-milei-a-la-sancion-del-gobierno-de-estados-unidos-a-la-ex-presidenta\/","title":{"rendered":"\u201cChe, Cristina\u201d: la reacci\u00f3n de Javier Milei a la sanci\u00f3n del gobierno de Estados Unidos a la ex presidenta"},"content":{"rendered":"\n<p class=\"has-medium-font-size\"><strong><em>El primer mandatario argentino utiliz\u00f3 de manera ir\u00f3nica el mismo encabezado que la presidenta del PJ usa para enviarle mensajes a trav\u00e9s de las redes sociales.<\/em><\/strong><\/p>\n\n\n\n<p><\/p>\n\n\n<div class=\"wp-block-image\">\n<figure class=\"aligncenter size-full\"><img decoding=\"async\" loading=\"lazy\" width=\"800\" height=\"450\" src=\"https:\/\/notinor.com\/jujuy\/wp-content\/uploads\/2025\/03\/cristina-kirchner-y-javier-milei.jpg\" alt=\"\" class=\"wp-image-424880\" srcset=\"https:\/\/notinor.com\/jujuy\/wp-content\/uploads\/2025\/03\/cristina-kirchner-y-javier-milei.jpg 800w, https:\/\/notinor.com\/jujuy\/wp-content\/uploads\/2025\/03\/cristina-kirchner-y-javier-milei-649x365.jpg 649w, https:\/\/notinor.com\/jujuy\/wp-content\/uploads\/2025\/03\/cristina-kirchner-y-javier-milei-500x280.jpg 500w, https:\/\/notinor.com\/jujuy\/wp-content\/uploads\/2025\/03\/cristina-kirchner-y-javier-milei-768x432.jpg 768w, https:\/\/notinor.com\/jujuy\/wp-content\/uploads\/2025\/03\/cristina-kirchner-y-javier-milei-750x422.jpg 750w\" sizes=\"(max-width: 800px) 100vw, 800px\" \/><\/figure><\/div>\n\n\n<p><\/p>\n\n\n\n<p><strong>Javier Milei eligi\u00f3 una manera muy peculiar para referirse por primera vez a la sanci\u00f3n que le aplic\u00f3 el gobierno de Estados Unidos a Cristina Kirchner este viernes, por las causas de corrupci\u00f3n por las que es investigada la ex presidenta. Lo hizo de manera ir\u00f3nica, a trav\u00e9s de las redes sociales y utilizando el mismo encabezado que usa la ex mandataria cada vez que lo quiere criticar.<\/strong><\/p>\n\n\n\n<p><strong>\u201cCHE Cristina... Fin\u201d,<\/strong> fue, cortito y al pie, el mensaje de Milei, que culmina con otro latiguillo \u201cprestado\u201d, el \u201cfin\u201d del vocero presidencial, Manuel Adorni.<\/p>\n\n\n\n<p>Acompa\u00f1ando al breve texto, el jefe de Estado comparti\u00f3 el documento firmado por el secretario de Estado de EEUU, Marco Rubio, en el que se informan las sanciones a Cristina Kirchner y Julio De Vido.<\/p>\n\n\n\n<p>Un rato m\u00e1s tarde, tras la r\u00e9plica de la ex mandataria, lleg\u00f3 un nuevo y sorpresivo mensaje de Milei: <strong>\u201cCHE Cristina...!!! CORRISTE... VLLC!\u201d.<\/strong><\/p>\n\n\n\n<p><strong>Claro, lo que nadie se esperaba era el motivo: el Presidente comparti\u00f3 una captura de pantalla mostrando que quien gobernara el pa\u00eds entre 2007 y 2015 lo hab\u00eda bloqueado en X.<\/strong><\/p>\n\n\n\n<p><\/p>\n\n\n\n<blockquote class=\"twitter-tweet\"><p lang=\"it\" dir=\"ltr\">CHE Cristina...<br>Fin.<a href=\"https:\/\/t.co\/D0uX5Pd3AD\">https:\/\/t.co\/D0uX5Pd3AD<\/a><\/p>&mdash; Javier Milei (@JMilei) <a href=\"https:\/\/twitter.com\/JMilei\/status\/1903171208993992919?ref_src=twsrc%5Etfw\">March 21, 2025<\/a><\/blockquote> <script async src=\"https:\/\/platform.twitter.com\/widgets.js\" charset=\"utf-8\"><\/script>\n\n\n\n<p><\/p>\n\n\n\n<p><strong>El \u00faltimo de los largos mensajes encabezados con un \u201cChe Milei\u201d por parte de Cristina Kirchner fue hace cinco d\u00edas y est\u00e1 fijado en el perfil de X de la ex presidenta.<\/strong> Fue tras la participaci\u00f3n del actual jefe de Estado en Expoagro y con duras cr\u00edticas tanto para \u00e9l como para Patricia Bullrich y Jos\u00e9 Luis Espert, aunque tambi\u00e9n se llevaron lo suyo Mauricio Macri y Alberto Fern\u00e1ndez.<\/p>\n\n\n\n<p>Sin embargo, aunque sin el mismo inicio ni con un texto dirigido a Milei, el \u00faltimo dardo de la ahora sancionada por Estados Unidos al Presidente fue horas antes de que se conozca la medida del gobierno estadounidense. <strong>En un posteo en el que cont\u00f3 que recibi\u00f3 la visita de un diputado espa\u00f1ol, Cristina Kirchner acus\u00f3 al primer mandatario argentino de \u201carquero fracasado\u201d.<\/strong><\/p>\n\n\n\n<p>Para Milei, la sanci\u00f3n publicada por Estados Unidos fue su gran oportunidad de tomarse revancha en las redes.<\/p>\n\n\n\n<p><\/p>\n\n\n\n<blockquote class=\"twitter-tweet\"><p lang=\"it\" dir=\"ltr\">CHE Cristina...!!!<br>CORRISTE...<br>VLLC! <a href=\"https:\/\/t.co\/J9Jt7XJo5f\">pic.twitter.com\/J9Jt7XJo5f<\/a><\/p>&mdash; Javier Milei (@JMilei) <a href=\"https:\/\/twitter.com\/JMilei\/status\/1903193562709148040?ref_src=twsrc%5Etfw\">March 21, 2025<\/a><\/blockquote> <script async src=\"https:\/\/platform.twitter.com\/widgets.js\" charset=\"utf-8\"><\/script>\n\n\n\n<p><\/p>\n\n\n\n<p><strong>El documento firmado por Marco Rubio afirma que Cristina Kirchner y De Vido participaron \u201cen importantes casos de corrupci\u00f3n durante el ejercicio de sus cargos p\u00fablicos\u201d.<\/strong> Por ese motivo, el gobierno de Donald Trump les aplic\u00f3 una sanci\u00f3n que, entre otras cosas, implica que ni ellos ni sus familiares directos \u201cpuedan, en general, ingresar a Estados Unidos\u201d.<\/p>\n\n\n\n<p><strong>\u201cCFK y De Vido abusaron de sus cargos al orquestar y beneficiarse financieramente de m\u00faltiples esquemas de soborno relacionados con contratos de obras p\u00fablicas, lo que result\u00f3 en millones de d\u00f3lares robados al gobierno argentino. M\u00faltiples tribunales han condenado a CFK y De Vido por corrupci\u00f3n, lo que ha socavado la confianza del pueblo argentino y de los inversores en el futuro de Argentina\u201d,<\/strong> expone el documento del Departamento de Estado de EEUU.<\/p>\n\n\n\n<p>Adem\u00e1s, se deja en claro que <strong>\u201cEstados Unidos continuar\u00e1 promoviendo la rendici\u00f3n de cuentas de quienes abusan del poder p\u00fablico en beneficio propio\u201d.<\/strong><\/p>\n\n\n\n<p><strong>\u201cEstas sanciones reafirman nuestro compromiso de luchar contra la corrupci\u00f3n mundial, incluso en los m\u00e1s altos niveles de gobierno\u201d,<\/strong> concluye el documento.<\/p>\n\n\n\n<p>Estas sanciones fueron aplicadas en virtud de la Secci\u00f3n 7031(c) de la Ley de Asignaciones para Operaciones Extranjeras y Programas Relacionados del Departamento de Estado de 2024, que exigen que el Secretario de Estado \u2018designe\u2019, p\u00fablica o privadamente, a los funcionarios extranjeros y a sus familiares directos sobre los que tenga <strong>\u201cinformaci\u00f3n fidedigna de participaci\u00f3n en actos de corrupci\u00f3n significativa o en una grave violaci\u00f3n de los derechos humanos\u201d.<\/strong><\/p>\n\n\n\n<p>Para el gobierno de Estados Unidos <strong>\u201clas designaciones exponen a los actores corruptos a trav\u00e9s de la atenci\u00f3n de los medios, apoyan las acciones de aplicaci\u00f3n de la ley local, promueven la rendici\u00f3n de cuentas y destacan la necesidad de reformas legales anticorrupci\u00f3n\u201d.<\/strong><\/p>\n\n\n\n<p>Durante la administraci\u00f3n del presidente Joe Biden fueron sancionados, entre otros, ex presidentes como Horacio Cart\u00e9s (Paraguay), Ricardo Martinelli (Panam\u00e1) y Rafael Correa (Ecuador); tambi\u00e9n dictadores como Nicol\u00e1s Maduro (Venezuela), Ra\u00fal Castro (Cuba) y Daniel Ortega (Nicaragua).<\/p>\n","protected":false},"excerpt":{"rendered":"<p>El primer mandatario argentino utiliz\u00f3 de manera ir\u00f3nica el mismo encabezado que la presidenta del PJ usa para enviarle mensajes a trav\u00e9s de las redes sociales. Javier Milei eligi\u00f3 una manera muy peculiar para referirse por primera vez a la sanci\u00f3n que le aplic\u00f3 el gobierno de Estados Unidos a Cristina Kirchner este viernes, por [&hellip;]<\/p>\n","protected":false},"author":49,"featured_media":424880,"comment_status":"open","ping_status":"open","sticky":false,"template":"","format":"standard","meta":{"_stopmodifiedupdate":false,"_modified_date":"","inline_featured_image":false,"spay_email":"","jetpack_publicize_message":""},"categories":[2,501],"tags":[],"jetpack_featured_media_url":"https:\/\/notinor.com\/jujuy\/wp-content\/uploads\/2025\/03\/cristina-kirchner-y-javier-milei.jpg","jetpack_publicize_connections":[],"_links":{"self":[{"href":"https:\/\/notinor.com\/jujuy\/wp-json\/wp\/v2\/posts\/424879"}],"collection":[{"href":"https:\/\/notinor.com\/jujuy\/wp-json\/wp\/v2\/posts"}],"about":[{"href":"https:\/\/notinor.com\/jujuy\/wp-json\/wp\/v2\/types\/post"}],"author":[{"embeddable":true,"href":"https:\/\/notinor.com\/jujuy\/wp-json\/wp\/v2\/users\/49"}],"replies":[{"embeddable":true,"href":"https:\/\/notinor.com\/jujuy\/wp-json\/wp\/v2\/comments?post=424879"}],"version-history":[{"count":2,"href":"https:\/\/notinor.com\/jujuy\/wp-json\/wp\/v2\/posts\/424879\/revisions"}],"predecessor-version":[{"id":424883,"href":"https:\/\/notinor.com\/jujuy\/wp-json\/wp\/v2\/posts\/424879\/revisions\/424883"}],"wp:featuredmedia":[{"embeddable":true,"href":"https:\/\/notinor.com\/jujuy\/wp-json\/wp\/v2\/media\/424880"}],"wp:attachment":[{"href":"https:\/\/notinor.com\/jujuy\/wp-json\/wp\/v2\/media?parent=424879"}],"wp:term":[{"taxonomy":"category","embeddable":true,"href":"https:\/\/notinor.com\/jujuy\/wp-json\/wp\/v2\/categories?post=424879"},{"taxonomy":"post_tag","embeddable":true,"href":"https:\/\/notinor.com\/jujuy\/wp-json\/wp\/v2\/tags?post=424879"}],"curies":[{"name":"wp","href":"https:\/\/api.w.org\/{rel}","templated":true}]}}