{"id":424877,"date":"2025-03-21T19:03:03","date_gmt":"2025-03-21T22:03:03","guid":{"rendered":"https:\/\/notinor.com\/jujuy\/?p=424877"},"modified":"2025-03-21T19:03:04","modified_gmt":"2025-03-21T22:03:04","slug":"el-gobierno-de-trump-le-prohibio-a-cristina-kirchner-ingresar-a-estados-unidos-por-sus-causas-de-corrupcion","status":"publish","type":"post","link":"https:\/\/notinor.com\/jujuy\/el-gobierno-de-trump-le-prohibio-a-cristina-kirchner-ingresar-a-estados-unidos-por-sus-causas-de-corrupcion\/","title":{"rendered":"El gobierno de Trump le prohibi\u00f3 a Cristina Kirchner ingresar a Estados Unidos por sus causas de corrupci\u00f3n"},"content":{"rendered":"\n<p class=\"has-medium-font-size\"><strong><em>Lo anunci\u00f3 el secretario de Estado, Marco Rubio. Las sanciones tambi\u00e9n ser\u00e1n para Julio de Vido y los familiares directos de ambos.<\/em><\/strong><\/p>\n\n\n\n<p><\/p>\n\n\n<div class=\"wp-block-image\">\n<figure class=\"aligncenter size-full\"><img decoding=\"async\" loading=\"lazy\" width=\"800\" height=\"450\" src=\"https:\/\/notinor.com\/jujuy\/wp-content\/uploads\/2024\/12\/cristina-kirchner.jpg\" alt=\"\" class=\"wp-image-420349\" srcset=\"https:\/\/notinor.com\/jujuy\/wp-content\/uploads\/2024\/12\/cristina-kirchner.jpg 800w, https:\/\/notinor.com\/jujuy\/wp-content\/uploads\/2024\/12\/cristina-kirchner-649x365.jpg 649w, https:\/\/notinor.com\/jujuy\/wp-content\/uploads\/2024\/12\/cristina-kirchner-500x280.jpg 500w, https:\/\/notinor.com\/jujuy\/wp-content\/uploads\/2024\/12\/cristina-kirchner-768x432.jpg 768w, https:\/\/notinor.com\/jujuy\/wp-content\/uploads\/2024\/12\/cristina-kirchner-750x422.jpg 750w\" sizes=\"(max-width: 800px) 100vw, 800px\" \/><\/figure><\/div>\n\n\n<p><\/p>\n\n\n\n<p><strong>El gobierno de Donald Trump anunci\u00f3 sanciones contra Cristina Kirchner y Julio de Vido debido a las causas de corrupci\u00f3n que ambos enfrentan en la Argentina. La medida fue anunciada por el secretario de Estado, Marco Rubio, e incluye la prohibici\u00f3n para entrar a Estados Unidos.<\/strong><\/p>\n\n\n\n<p>Para el Secretario de Estado del gobierno norteamericano la ex presidenta y su ministro de Planificaci\u00f3n Federal <strong>\u201cabusaron de sus cargos al orquestar y beneficiarse econ\u00f3micamente de m\u00faltiples tramas de soborno relacionadas con contratos de obras p\u00fablicas, lo que result\u00f3 en el robo de millones de d\u00f3lares al gobierno argentino\u201d.<\/strong><\/p>\n\n\n\n<p>En ese sentido, destacaron que <strong>\u201cm\u00faltiples tribunales los han condenado por corrupci\u00f3n, socavando la confianza del pueblo argentino y de los inversores en el futuro de Argentina\u201d.<\/strong><\/p>\n\n\n\n<p><strong>La sanci\u00f3n tambi\u00e9n incluye a sus familiares directos, como el diputado nacional M\u00e1ximo Kirchner y su hermana Florencia, y la esposa de De Vido, Alessandra Minnicelli.<\/strong><\/p>\n\n\n\n<p>Minutos despu\u00e9s del anunci\u00f3, el presidente Javier Milei comparti\u00f3 el comunicado en sus redes sociales. <strong>Acompa\u00f1\u00f3 el posteo con la leyenda \u201cChe Cristina\u201d,<\/strong> en alusi\u00f3n al latiguillo que la ex presidenta suele usar cuando critica las pol\u00edticas del gobierno libertario.<\/p>\n\n\n\n<p><strong>\u201cEstados Unidos seguir\u00e1 promoviendo la rendici\u00f3n de cuentas de quienes abusan del poder p\u00fablico para beneficio propio\u201d,<\/strong> destacaron en un comunicado oficial del Departamento de Estado. Y agregaron: <strong>\u201cEstas designaciones reafirman nuestro compromiso de combatir la corrupci\u00f3n global, incluso en los m\u00e1s altos niveles de gobierno\u201d.<\/strong><\/p>\n\n\n\n<p>Estas sanciones fueron aplicadas en virtud de la Secci\u00f3n 7031(c) de la Ley de Asignaciones para Operaciones Extranjeras y Programas Relacionados del Departamento de Estado de 2024, que exigen que el Secretario de Estado \u2018designe\u2019, p\u00fablica o privadamente, a los funcionarios extranjeros y a sus familiares directos sobre los que tenga <strong>\u201cinformaci\u00f3n fidedigna de participaci\u00f3n en actos de corrupci\u00f3n significativa o en una grave violaci\u00f3n de los derechos humanos\u201d.<\/strong><\/p>\n\n\n\n<p>Para el gobierno de Estados Unidos <strong>\u201clas designaciones exponen a los actores corruptos a trav\u00e9s de la atenci\u00f3n de los medios, apoyan las acciones de aplicaci\u00f3n de la ley local, promueven la rendici\u00f3n de cuentas y destacan la necesidad de reformas legales anticorrupci\u00f3n\".<\/strong><\/p>\n\n\n\n<p>Durante la administraci\u00f3n del presidente Joe Biden fueron sancionados, entre otros, ex presidentes como Horacio Cart\u00e9s (Paraguay), Ricardo Martinelli (Panam\u00e1) y Rafael Correa (Ecuador); tambi\u00e9n dictadores como Nicol\u00e1s Maduro (Venezuela), Ra\u00fal Castro (Cuba) y Daniel Ortega (Nicaragua).<\/p>\n\n\n\n<p><strong>En noviembre del a\u00f1o pasado la C\u00e1mara Federal de Casaci\u00f3n Penal confirm\u00f3 la condena de Cristina Kirchner a seis a\u00f1os de prisi\u00f3n e inhabilitaci\u00f3n perpetua para ejercer cargos p\u00fablicos por el delito de administraci\u00f3n fraudulenta en el caso de la obra p\u00fablica concedida al empresario L\u00e1zaro B\u00e1ez en la provincia de Santa Cruz.<\/strong> En esa causa Julio De Vido termin\u00f3 absuelto.<\/p>\n\n\n\n<p><strong>Sin embargo, el ex ministro de Planificaci\u00f3n Federal fue condenado a cinco a\u00f1os y ocho meses de c\u00e1rcel que hab\u00eda recibido por su responsabilidad en la tragedia de Once, en la que murieron 51 personas. <\/strong>Todav\u00eda contin\u00faa procesado por el fraude contra el Estado por $265 millones en la mina de carb\u00f3n de R\u00edo Turbio y en la denomiada causa de los Cuardernos.<\/p>\n","protected":false},"excerpt":{"rendered":"<p>Lo anunci\u00f3 el secretario de Estado, Marco Rubio. Las sanciones tambi\u00e9n ser\u00e1n para Julio de Vido y los familiares directos de ambos. El gobierno de Donald Trump anunci\u00f3 sanciones contra Cristina Kirchner y Julio de Vido debido a las causas de corrupci\u00f3n que ambos enfrentan en la Argentina. La medida fue anunciada por el secretario [&hellip;]<\/p>\n","protected":false},"author":49,"featured_media":420349,"comment_status":"open","ping_status":"open","sticky":false,"template":"","format":"standard","meta":{"_stopmodifiedupdate":false,"_modified_date":"","inline_featured_image":false,"spay_email":"","jetpack_publicize_message":""},"categories":[2,501],"tags":[],"jetpack_featured_media_url":"https:\/\/notinor.com\/jujuy\/wp-content\/uploads\/2024\/12\/cristina-kirchner.jpg","jetpack_publicize_connections":[],"_links":{"self":[{"href":"https:\/\/notinor.com\/jujuy\/wp-json\/wp\/v2\/posts\/424877"}],"collection":[{"href":"https:\/\/notinor.com\/jujuy\/wp-json\/wp\/v2\/posts"}],"about":[{"href":"https:\/\/notinor.com\/jujuy\/wp-json\/wp\/v2\/types\/post"}],"author":[{"embeddable":true,"href":"https:\/\/notinor.com\/jujuy\/wp-json\/wp\/v2\/users\/49"}],"replies":[{"embeddable":true,"href":"https:\/\/notinor.com\/jujuy\/wp-json\/wp\/v2\/comments?post=424877"}],"version-history":[{"count":1,"href":"https:\/\/notinor.com\/jujuy\/wp-json\/wp\/v2\/posts\/424877\/revisions"}],"predecessor-version":[{"id":424878,"href":"https:\/\/notinor.com\/jujuy\/wp-json\/wp\/v2\/posts\/424877\/revisions\/424878"}],"wp:featuredmedia":[{"embeddable":true,"href":"https:\/\/notinor.com\/jujuy\/wp-json\/wp\/v2\/media\/420349"}],"wp:attachment":[{"href":"https:\/\/notinor.com\/jujuy\/wp-json\/wp\/v2\/media?parent=424877"}],"wp:term":[{"taxonomy":"category","embeddable":true,"href":"https:\/\/notinor.com\/jujuy\/wp-json\/wp\/v2\/categories?post=424877"},{"taxonomy":"post_tag","embeddable":true,"href":"https:\/\/notinor.com\/jujuy\/wp-json\/wp\/v2\/tags?post=424877"}],"curies":[{"name":"wp","href":"https:\/\/api.w.org\/{rel}","templated":true}]}}