{"id":424847,"date":"2025-03-20T22:23:00","date_gmt":"2025-03-21T01:23:00","guid":{"rendered":"https:\/\/notinor.com\/jujuy\/?p=424847"},"modified":"2025-03-20T10:23:44","modified_gmt":"2025-03-20T10:23:44","slug":"llega-la-muni-tu-lugar-un-espacio-destinado-a-adultos-mayores","status":"publish","type":"post","link":"https:\/\/notinor.com\/jujuy\/llega-la-muni-tu-lugar-un-espacio-destinado-a-adultos-mayores\/","title":{"rendered":"Llega \u201cLa Muni, tu lugar\u201d un espacio destinado a adultos mayores"},"content":{"rendered":"\n<p class=\"has-medium-font-size\"><strong><em>Bajo la consigna La Muni, tu Lugar, el municipio capitalino invita a participar de una nueva y enriquecedora propuesta destinada especialmente a los adultos mayores denominado \u201cEspacios que cuidan, corazones que vibran\u201d. Las jornadas que tienen como objetivo brindar a los adultos mayores un espacio de actividades, atenciones y servicios municipales gratuitos, para promover su bienestar, salud y disfrute, se realizar\u00e1n los d\u00edas jueves. El primer encuentro se llevar\u00e1 a cabo el 27 de marzo de 9 a 12:30 horas en el Multiespacio Punta Diamante.<\/em><\/strong><\/p>\n\n\n<div class=\"wp-block-image\">\n<figure class=\"aligncenter\"><img decoding=\"async\" src=\"https:\/\/www.sansalvadordejujuy.gob.ar\/wp-content\/uploads\/2025\/03\/ADULTOS-MAYORES-ESPACIOS-QUE-CUIDAN-1-1024x645.jpg\" alt=\"\" class=\"wp-image-84241\"\/><\/figure><\/div>\n\n\n<p>Al respecto, el secretario de Desarrollo Humano, <strong>Rodrigo Altea<\/strong> expres\u00f3 que el proyecto refleja un compromiso con la tem\u00e1tica propuesta por el Intendente <strong>\u2018Chuli\u2019 Jorge<\/strong>, que es fortalecer y promover la revalorizaci\u00f3n y apropiaci\u00f3n de los espacios municipales, destinados a los vecinos. \u201cY en particular, bajo la consigna \u2018La Muni, tu Lugar\u2019, se busca acercar estos espacios a la comunidad, asegur\u00e1ndonos de que se sientan parte de ellos\u201d.<\/p>\n\n\n\n<p>Detall\u00f3 Altea que se trabajar\u00e1 en diversos centros deportivos y multiespacios, ofreciendo actividades, atenciones y servicios dirigidos a los adultos mayores, \u201cuna iniciativa, 100% municipal y gratuita, que busca no solo brindarles un espacio de atenci\u00f3n, sino tambi\u00e9n permitirles conocer estos lugares para que, en el futuro, puedan utilizarlos para desarrollar otras actividades en su calidad de usuarios del servicio p\u00fablico\u201d.<\/p>\n\n\n\n<p>Luego la directora de Adultos Mayores, <strong>Mirta Humacata<\/strong> se refiri\u00f3 a la apertura de la direcci\u00f3n municipal, destacando el equipo interdisciplinario con el que cuentan. Adem\u00e1s, enfatiz\u00f3 la importancia de la coordinaci\u00f3n para ofrecer un servicio integral y de calidad a todos los vecinos.<\/p>\n\n\n\n<p>Adelant\u00f3 que el jueves 27 los servicios que se ofrecer\u00e1n incluir\u00e1n asesoramiento legal, atenci\u00f3n psicol\u00f3gica, trabajo social, acompa\u00f1amiento terap\u00e9utico, as\u00ed como diversas actividades saludables y de recreaci\u00f3n. &nbsp;Adem\u00e1s, se realizar\u00e1 una exposici\u00f3n de todos los talleres que lleva adelante la direcci\u00f3n, con el objetivo de brindar un apoyo integral a los adultos mayores.<\/p>\n\n\n\n<p>En tanto Mario Lamas, subdirector, agreg\u00f3 que tambi\u00e9n se invita a los adultos mayores a participar de las actividades deportivas y recreativas, pensadas especialmente para mejorar la movilidad articular y facilitar el desplazamiento aut\u00f3nomo, promoviendo la independencia.<\/p>\n\n\n\n<p>Resalt\u00f3 el valor del equipo de profesionales con el que se cuenta para llevar a cabo estos programas, y asegur\u00f3 que \u201cse atender\u00e1n las necesidades de los adultos mayores en toda la Capital, abarcando \u00e1reas como Alto Comedero, San Pedrito, Los Perales, y el centro de San Salvador de Jujuy\u201d Desde el \u00e1rea de Trabajo Social, la Lic. Romina Bautista, destac\u00f3 la importancia del proyecto \u201cEspacios que Cuidan, Corazones que Vibran\u201d, como una iniciativa clave para la promoci\u00f3n y prevenci\u00f3n de la salud en los adultos mayores. En estos espacios, se brindar\u00e1 escucha activa, contenci\u00f3n emocional, y asesoramiento sobre diversos recursos disponibles, buscando mejorar la calidad de vida de este grupo tan valioso en nuestra comunidad.<\/p>\n\n\n\n<p><strong>Nota audiovisual:<\/strong>&nbsp;<a href=\"https:\/\/youtu.be\/UXteRa6HBt4\">https:\/\/youtu.be\/UXteRa6HBt4<\/a><\/p>\n","protected":false},"excerpt":{"rendered":"<p>Bajo la consigna La Muni, tu Lugar, el municipio capitalino invita a participar de una nueva y enriquecedora propuesta destinada especialmente a los adultos mayores denominado \u201cEspacios que cuidan, corazones que vibran\u201d. Las jornadas que tienen como objetivo brindar a los adultos mayores un espacio de actividades, atenciones y servicios municipales gratuitos, para promover su [&hellip;]<\/p>\n","protected":false},"author":5,"featured_media":424848,"comment_status":"open","ping_status":"open","sticky":false,"template":"","format":"standard","meta":{"_stopmodifiedupdate":false,"_modified_date":"","inline_featured_image":false,"spay_email":"","jetpack_publicize_message":""},"categories":[13],"tags":[],"jetpack_featured_media_url":"https:\/\/notinor.com\/jujuy\/wp-content\/uploads\/2025\/03\/ADULTOS.jpg","jetpack_publicize_connections":[],"_links":{"self":[{"href":"https:\/\/notinor.com\/jujuy\/wp-json\/wp\/v2\/posts\/424847"}],"collection":[{"href":"https:\/\/notinor.com\/jujuy\/wp-json\/wp\/v2\/posts"}],"about":[{"href":"https:\/\/notinor.com\/jujuy\/wp-json\/wp\/v2\/types\/post"}],"author":[{"embeddable":true,"href":"https:\/\/notinor.com\/jujuy\/wp-json\/wp\/v2\/users\/5"}],"replies":[{"embeddable":true,"href":"https:\/\/notinor.com\/jujuy\/wp-json\/wp\/v2\/comments?post=424847"}],"version-history":[{"count":1,"href":"https:\/\/notinor.com\/jujuy\/wp-json\/wp\/v2\/posts\/424847\/revisions"}],"predecessor-version":[{"id":424849,"href":"https:\/\/notinor.com\/jujuy\/wp-json\/wp\/v2\/posts\/424847\/revisions\/424849"}],"wp:featuredmedia":[{"embeddable":true,"href":"https:\/\/notinor.com\/jujuy\/wp-json\/wp\/v2\/media\/424848"}],"wp:attachment":[{"href":"https:\/\/notinor.com\/jujuy\/wp-json\/wp\/v2\/media?parent=424847"}],"wp:term":[{"taxonomy":"category","embeddable":true,"href":"https:\/\/notinor.com\/jujuy\/wp-json\/wp\/v2\/categories?post=424847"},{"taxonomy":"post_tag","embeddable":true,"href":"https:\/\/notinor.com\/jujuy\/wp-json\/wp\/v2\/tags?post=424847"}],"curies":[{"name":"wp","href":"https:\/\/api.w.org\/{rel}","templated":true}]}}