{"id":424844,"date":"2025-03-20T22:16:00","date_gmt":"2025-03-21T01:16:00","guid":{"rendered":"https:\/\/notinor.com\/jujuy\/?p=424844"},"modified":"2025-03-20T10:16:05","modified_gmt":"2025-03-20T10:16:05","slug":"el-paseo-de-los-artesanos-celebro-su-25-aniversario","status":"publish","type":"post","link":"https:\/\/notinor.com\/jujuy\/el-paseo-de-los-artesanos-celebro-su-25-aniversario\/","title":{"rendered":"El Paseo de los Artesanos celebr\u00f3 su 25\u00b0 aniversario"},"content":{"rendered":"\n<p class=\"has-medium-font-size\"><strong><em>En el marco del D\u00eda Internacional del Artesano la Municipalidad de San Salvador de Jujuy, junto al Concejo Deliberante, acompa\u00f1\u00f3 la celebraci\u00f3n por los 25 a\u00f1os de creaci\u00f3n del Paseo de los Artesanos emplazado en avenida Urquiza. Las actividades alusivas a dicha conmemoraci\u00f3n incluyeron un acto protocolar en el que se present\u00f3 una minuta de declaraci\u00f3n aprobada en el parlamento comunal y la entrega de reconocimientos a los 37 artesanos que diariamente promueven su talento y creatividad.<\/em><\/strong><\/p>\n\n\n<div class=\"wp-block-image\">\n<figure class=\"aligncenter\"><img decoding=\"async\" src=\"https:\/\/www.sansalvadordejujuy.gob.ar\/wp-content\/uploads\/2025\/03\/aniversario-paseo-de-los-artesanos-prensamunijujuy-5-1024x527.jpg\" alt=\"\" class=\"wp-image-84222\"\/><\/figure><\/div>\n\n\n<p>La celebraci\u00f3n por las Bodas de Plata del tradicional paseo coincidi\u00f3 con el<strong> D\u00eda de San Jos\u00e9<\/strong> quien, seg\u00fan la iglesia cat\u00f3lica, era carpintero y artesano de oficio. En este sentido la conmemoraci\u00f3n y reconocimiento del municipio tuvo el objetivo de exaltar el talento, la creatividad e imaginaci\u00f3n de los artesanos, como as\u00ed tambi\u00e9n, promover el trabajo artesanal de los artistas locales.<\/p>\n\n\n\n<p>Durante el acto protocolar, el titular del Concejo Deliberante capitalino, <strong>Lisandro Aguiar<\/strong>, aludi\u00f3 a la importancia del espacio que cumpli\u00f3 25 a\u00f1os. \u201cSan Jos\u00e9 era un carpintero que, as\u00ed que de alguna manera, es el padre de todos aquellos que trabajan con sus manos y hacen este tipo de obras, as\u00ed que queremos felicitarlos a todos los artesanos, y desearles lo mejor en este su d\u00eda, y por supuesto que sean muchos a\u00f1os m\u00e1s del Paseo\u201d. Al mismo tiempo remarc\u00f3 que los trabajadores del mencionado espacio comparten su arte no solo con los vecinos de la ciudad sino tambi\u00e9n con \u201clos visitantes que tenemos en nuestra ciudad de manera permanente, mostrando su arte, mostrando su oficio, mostrando todo lo que pueden producir con esas manos y con esos saberes\u201d.<\/p>\n\n\n<div class=\"wp-block-image\">\n<figure class=\"aligncenter\"><img decoding=\"async\" src=\"https:\/\/www.sansalvadordejujuy.gob.ar\/wp-content\/uploads\/2025\/03\/aniversario-paseo-de-artesano-prensamunijujuy-2-1024x687.jpg\" alt=\"\" class=\"wp-image-84218\"\/><\/figure><\/div>\n\n\n<p>Destac\u00f3 que desde el Concejo se aprob\u00f3 la minuta de declaraci\u00f3n N\u00b0 7, mediante la cual se reconoce el valor del Paseo. Sobre el particular, dijo, \u201chemos tra\u00eddo una minuta de reconocimiento, declarando de inter\u00e9s justamente al Paseo de los Artesanos, con lo cual buscamos trabajar en conjunto desde el Concejo Deliberante y el municipio para potenciarlo\u201d. La referencia alude al potencial tur\u00edstico del espacio que constituye uno de los atractivos importantes que tiene la ciudad.<\/p>\n\n\n<div class=\"wp-block-image\">\n<figure class=\"aligncenter\"><img decoding=\"async\" src=\"https:\/\/www.sansalvadordejujuy.gob.ar\/wp-content\/uploads\/2025\/03\/anicersario-paseo-artesano-prensamunijujuy-1024x758.jpg\" alt=\"\" class=\"wp-image-84219\"\/><\/figure><\/div>\n\n\n<p>En igual sentido, el secretario de Cultura y Turismo del municipio, Luciano C\u00f3rdoba, afirm\u00f3 que junto a los artesanos, \u201ctratamos de reposicionarlo, trabajando con ellos, adapt\u00e1ndolo a la nueva era, con el tema de que todos empiecen a usar redes sociales, para que puedan promover lo que saben hacer a trav\u00e9s de las redes\u201d. Apunt\u00f3 adem\u00e1s que desde la municipalidad se procura potenciar el espacio para que, \u201csiga estando no solo en la memoria, sino que tambi\u00e9n forme parte de lo que es el circuito tur\u00edstico de la ciudad\u201d.<\/p>\n\n\n<div class=\"wp-block-image\">\n<figure class=\"aligncenter\"><img decoding=\"async\" src=\"https:\/\/www.sansalvadordejujuy.gob.ar\/wp-content\/uploads\/2025\/03\/aniversario-paseo-artesano-prensamunijujuy-1-1024x601.jpg\" alt=\"\" class=\"wp-image-84214\"\/><\/figure><\/div>\n\n\n<p>A su turno, la directora de Turismo, Gabriela Canoniero, afirm\u00f3 que, tras 25 a\u00f1os de existencia, \u201cestamos trabajando ac\u00e1 no s\u00f3lo con lo que son artesan\u00edas, sino con toda una cultura que va de la mano de la m\u00fasica, del baile que queremos mostrar\u201d.<\/p>\n\n\n\n<p>Asever\u00f3 que desde el municipio se procura que el corredor, \u201csiga floreciendo\u201d, no solo para beneficio de los vecinos de la ciudad sino tambi\u00e9n para los turistas quienes pueden adquirir diferentes trabajos artesanales.<\/p>\n\n\n\n<p>Por su parte, Joaqu\u00edn L\u00f3pez, director de Cultura, record\u00f3 que tanto la ciudad, como la provincia en general, \u201cse ha caracterizado por la importancia de la labor de los artesanos\u201d. Al reflexionar sobre la diaria labor que desarrollan los artesanos locales, expres\u00f3, \u201cesta noble tarea a veces es solitaria\u201d. Por ello, se pronunci\u00f3 en favor de, \u201ccontinuar con estas pol\u00edticas de fomento, no solamente para nuestra comunidad, sino tambi\u00e9n para quienes nos visitan\u201d.<\/p>\n\n\n\n<p>\u201cYo creo que quien llega a Jujuy, estoy seguro, se quiere llevar alguna artesan\u00eda y un poquito as\u00ed de nuestra tierra, de nuestro coraz\u00f3n, interpretado y elaborado a trav\u00e9s de nuestra gente\u201d, expres\u00f3 finalmente.<\/p>\n\n\n<div class=\"wp-block-image\">\n<figure class=\"aligncenter\"><img decoding=\"async\" src=\"https:\/\/www.sansalvadordejujuy.gob.ar\/wp-content\/uploads\/2025\/03\/aniversario-paseo-de-los-artesanos-prensamunijujuy-7-1024x670.jpg\" alt=\"\" class=\"wp-image-84220\"\/><\/figure><\/div>\n\n\n<p><strong>Nota audiovisual:<\/strong>&nbsp;<a href=\"https:\/\/youtu.be\/t04qbuJTz48\">https:\/\/youtu.be\/t04qbuJTz48<\/a><\/p>\n","protected":false},"excerpt":{"rendered":"<p>En el marco del D\u00eda Internacional del Artesano la Municipalidad de San Salvador de Jujuy, junto al Concejo Deliberante, acompa\u00f1\u00f3 la celebraci\u00f3n por los 25 a\u00f1os de creaci\u00f3n del Paseo de los Artesanos emplazado en avenida Urquiza. Las actividades alusivas a dicha conmemoraci\u00f3n incluyeron un acto protocolar en el que se present\u00f3 una minuta de [&hellip;]<\/p>\n","protected":false},"author":5,"featured_media":424845,"comment_status":"open","ping_status":"open","sticky":false,"template":"","format":"standard","meta":{"_stopmodifiedupdate":false,"_modified_date":"","inline_featured_image":false,"spay_email":"","jetpack_publicize_message":""},"categories":[514],"tags":[],"jetpack_featured_media_url":"https:\/\/notinor.com\/jujuy\/wp-content\/uploads\/2025\/03\/PASEO.jpg","jetpack_publicize_connections":[],"_links":{"self":[{"href":"https:\/\/notinor.com\/jujuy\/wp-json\/wp\/v2\/posts\/424844"}],"collection":[{"href":"https:\/\/notinor.com\/jujuy\/wp-json\/wp\/v2\/posts"}],"about":[{"href":"https:\/\/notinor.com\/jujuy\/wp-json\/wp\/v2\/types\/post"}],"author":[{"embeddable":true,"href":"https:\/\/notinor.com\/jujuy\/wp-json\/wp\/v2\/users\/5"}],"replies":[{"embeddable":true,"href":"https:\/\/notinor.com\/jujuy\/wp-json\/wp\/v2\/comments?post=424844"}],"version-history":[{"count":1,"href":"https:\/\/notinor.com\/jujuy\/wp-json\/wp\/v2\/posts\/424844\/revisions"}],"predecessor-version":[{"id":424846,"href":"https:\/\/notinor.com\/jujuy\/wp-json\/wp\/v2\/posts\/424844\/revisions\/424846"}],"wp:featuredmedia":[{"embeddable":true,"href":"https:\/\/notinor.com\/jujuy\/wp-json\/wp\/v2\/media\/424845"}],"wp:attachment":[{"href":"https:\/\/notinor.com\/jujuy\/wp-json\/wp\/v2\/media?parent=424844"}],"wp:term":[{"taxonomy":"category","embeddable":true,"href":"https:\/\/notinor.com\/jujuy\/wp-json\/wp\/v2\/categories?post=424844"},{"taxonomy":"post_tag","embeddable":true,"href":"https:\/\/notinor.com\/jujuy\/wp-json\/wp\/v2\/tags?post=424844"}],"curies":[{"name":"wp","href":"https:\/\/api.w.org\/{rel}","templated":true}]}}