{"id":424841,"date":"2025-03-20T22:09:00","date_gmt":"2025-03-21T01:09:00","guid":{"rendered":"https:\/\/notinor.com\/jujuy\/?p=424841"},"modified":"2025-03-20T10:09:14","modified_gmt":"2025-03-20T10:09:14","slug":"intendente-chuli-jorge-acompano-el-acto-de-celebracion-por-el-30-aniversario-del-colegio-jose-hernandez","status":"publish","type":"post","link":"https:\/\/notinor.com\/jujuy\/intendente-chuli-jorge-acompano-el-acto-de-celebracion-por-el-30-aniversario-del-colegio-jose-hernandez\/","title":{"rendered":"Intendente \u201cChuli\u201d Jorge acompa\u00f1\u00f3 el acto de celebraci\u00f3n por el 30\u00b0 aniversario del Colegio Jos\u00e9 Hern\u00e1ndez"},"content":{"rendered":"\n<p class=\"has-medium-font-size\"><strong><em>El intendente de San Salvador Ra\u00fal \u201cChuli\u201d Jorge estuvo presente en el acto conmemorativo del 30\u00b0 aniversario del Colegio Jos\u00e9 Hern\u00e1ndez. Durante la ceremonia, \u201cChuli\u201d Jorge destac\u00f3 la relevancia del colegio no s\u00f3lo por su trayectoria, sino tambi\u00e9n por la excelencia educativa brindada a lo largo de los a\u00f1os, formando a generaciones de estudiantes con s\u00f3lido nivel acad\u00e9mico.<\/em><\/strong><\/p>\n\n\n<div class=\"wp-block-image\">\n<figure class=\"aligncenter\"><img decoding=\"async\" src=\"https:\/\/www.sansalvadordejujuy.gob.ar\/wp-content\/uploads\/2025\/03\/Aniversario-30-anos-Colegio-Jose-Hernandez-Prensa-Muni-Jujuy1-1024x612.jpg\" alt=\"\" class=\"wp-image-84249\"\/><\/figure><\/div>\n\n\n<p>Luego de la entonaci\u00f3n del Himno Nacional Argentino a cargo de la Banda de M\u00fasica \u00c9xodo Juje\u00f1o RIM 20, el Mandatario Municipal expres\u00f3 \u201ces un establecimiento extraordinario que su fundadora <strong>Ester Promadache<\/strong> dej\u00f3 como legado para seguir promoviendo la educaci\u00f3n integral y el desarrollo humano de sus alumnos\u201d.<\/p>\n\n\n\n<p>En este sentido, a\u00f1adi\u00f3 \u201ceste aniversario es una celebraci\u00f3n del trabajo conjunto de docentes, estudiantes y familias que hacen posible la instituci\u00f3n, que contin\u00faa siendo un referente en la educaci\u00f3n de nuestra ciudad\u201d.<\/p>\n\n\n<div class=\"wp-block-image\">\n<figure class=\"aligncenter\"><img decoding=\"async\" src=\"https:\/\/www.sansalvadordejujuy.gob.ar\/wp-content\/uploads\/2025\/03\/Aniversario-30-anos-Colegio-Jose-Hernandez-Prensa-Muni-Jujuy4-1024x676.jpg\" alt=\"\" class=\"wp-image-84250\"\/><\/figure><\/div>\n\n\n<p>A la vez hizo referencia a la empat\u00eda desarrollada por los alumnos \u201ctan profunda con su colegio, por lo que significa una verdadera satisfacci\u00f3n poder acompa\u00f1ar estos primeros 30 a\u00f1os del establecimiento que se convirti\u00f3 en un modelo para Jujuy.\u201d.<\/p>\n\n\n\n<p>Y sostuvo finalmente \u201cChuli\u201d Jorge \u201csin duda, el Colegio Jos\u00e9 Hern\u00e1ndez es un referente en nuestra provincia, y es un honor estar presente para celebrar su aniversario y reconocer todo lo que ha logrado en estos a\u00f1os\u201d.<\/p>\n\n\n<div class=\"wp-block-image\">\n<figure class=\"aligncenter\"><img decoding=\"async\" src=\"https:\/\/www.sansalvadordejujuy.gob.ar\/wp-content\/uploads\/2025\/03\/Aniversario-30-anos-Colegio-Jose-Hernandez-1024x682.jpg\" alt=\"\" class=\"wp-image-84251\"\/><\/figure><\/div>\n\n\n<p>Las expresiones de la directora del establecimiento educativo, Norma Lozano hicieron referencia a \u201c30 a\u00f1os de mucho trabajo y todav\u00eda las expectativas se siguen ampliando, siempre trabajando con todo el equipo y acompa\u00f1ada por un excelente equipo de trabajo que sigue proyectando\u201d.<\/p>\n\n\n<div class=\"wp-block-image\">\n<figure class=\"aligncenter\"><img decoding=\"async\" src=\"https:\/\/www.sansalvadordejujuy.gob.ar\/wp-content\/uploads\/2025\/03\/Aniversario-30-anos-Colegio-Jose-Hernandez-Prensa-Muni-Jujuy2-1024x696.jpg\" alt=\"\" class=\"wp-image-84252\"\/><\/figure><\/div>\n\n\n<p>Puntualiz\u00f3 adem\u00e1s Lozano la continuidad de un trabajo constante en lo que respecta al fortalecimiento de la propuesta acad\u00e9mica integral para los estudiantes, junto a implementaciones tecnol\u00f3gicas e innovaci\u00f3n.<\/p>\n\n\n\n<p><strong>Nota audiovisual:<\/strong>&nbsp;<a href=\"https:\/\/youtu.be\/Z40LIsQWjQM\">https:\/\/youtu.be\/Z40LIsQWjQM<\/a><\/p>\n","protected":false},"excerpt":{"rendered":"<p>El intendente de San Salvador Ra\u00fal \u201cChuli\u201d Jorge estuvo presente en el acto conmemorativo del 30\u00b0 aniversario del Colegio Jos\u00e9 Hern\u00e1ndez. Durante la ceremonia, \u201cChuli\u201d Jorge destac\u00f3 la relevancia del colegio no s\u00f3lo por su trayectoria, sino tambi\u00e9n por la excelencia educativa brindada a lo largo de los a\u00f1os, formando a generaciones de estudiantes con [&hellip;]<\/p>\n","protected":false},"author":5,"featured_media":424842,"comment_status":"open","ping_status":"open","sticky":false,"template":"","format":"standard","meta":{"_stopmodifiedupdate":false,"_modified_date":"","inline_featured_image":false,"spay_email":"","jetpack_publicize_message":""},"categories":[13],"tags":[],"jetpack_featured_media_url":"https:\/\/notinor.com\/jujuy\/wp-content\/uploads\/2025\/03\/COLEGIO.jpg","jetpack_publicize_connections":[],"_links":{"self":[{"href":"https:\/\/notinor.com\/jujuy\/wp-json\/wp\/v2\/posts\/424841"}],"collection":[{"href":"https:\/\/notinor.com\/jujuy\/wp-json\/wp\/v2\/posts"}],"about":[{"href":"https:\/\/notinor.com\/jujuy\/wp-json\/wp\/v2\/types\/post"}],"author":[{"embeddable":true,"href":"https:\/\/notinor.com\/jujuy\/wp-json\/wp\/v2\/users\/5"}],"replies":[{"embeddable":true,"href":"https:\/\/notinor.com\/jujuy\/wp-json\/wp\/v2\/comments?post=424841"}],"version-history":[{"count":1,"href":"https:\/\/notinor.com\/jujuy\/wp-json\/wp\/v2\/posts\/424841\/revisions"}],"predecessor-version":[{"id":424843,"href":"https:\/\/notinor.com\/jujuy\/wp-json\/wp\/v2\/posts\/424841\/revisions\/424843"}],"wp:featuredmedia":[{"embeddable":true,"href":"https:\/\/notinor.com\/jujuy\/wp-json\/wp\/v2\/media\/424842"}],"wp:attachment":[{"href":"https:\/\/notinor.com\/jujuy\/wp-json\/wp\/v2\/media?parent=424841"}],"wp:term":[{"taxonomy":"category","embeddable":true,"href":"https:\/\/notinor.com\/jujuy\/wp-json\/wp\/v2\/categories?post=424841"},{"taxonomy":"post_tag","embeddable":true,"href":"https:\/\/notinor.com\/jujuy\/wp-json\/wp\/v2\/tags?post=424841"}],"curies":[{"name":"wp","href":"https:\/\/api.w.org\/{rel}","templated":true}]}}