{"id":424704,"date":"2025-03-18T21:32:00","date_gmt":"2025-03-19T00:32:00","guid":{"rendered":"https:\/\/notinor.com\/jujuy\/?p=424704"},"modified":"2025-03-18T09:32:09","modified_gmt":"2025-03-18T09:32:09","slug":"liz-solari-destaco-la-energia-y-la-cosmovision-de-jujuy-en-un-retiro-espiritual","status":"publish","type":"post","link":"https:\/\/notinor.com\/jujuy\/liz-solari-destaco-la-energia-y-la-cosmovision-de-jujuy-en-un-retiro-espiritual\/","title":{"rendered":"Liz Solari destac\u00f3 la energ\u00eda y la cosmovisi\u00f3n de Jujuy en un retiro espiritual"},"content":{"rendered":"\n<p class=\"has-medium-font-size\"><strong><em>La reconocida actriz y modelo Liz Solari visit\u00f3 Jujuy para participar en un retiro espiritual que se realiz\u00f3 desde el 14 al 16 de marzo, donde experiment\u00f3 la conexi\u00f3n con la Pachamama y la energ\u00eda milenaria de la provincia.<\/em><\/strong><\/p>\n\n\n<div class=\"wp-block-image\">\n<figure class=\"aligncenter\"><img decoding=\"async\" src=\"https:\/\/media.prensa.jujuy.gob.ar\/p\/7566a7a051cfaf36881172b2657d56f9\/adjuntos\/301\/imagenes\/000\/409\/0000409057\/1200x0\/smart\/20250315_183443-1jpg.jpg\" alt=\"Liz Solari destac\u00f3 la energ\u00eda y la cosmovisi\u00f3n de Jujuy en un retiro espiritual\" title=\"Liz Solari destac\u00f3 la energ\u00eda y la cosmovisi\u00f3n de Jujuy en un retiro espiritual\"\/><\/figure><\/div>\n\n\n<p>Durante su estad\u00eda, resalt\u00f3 el impacto que tuvo en ella la experiencia, el entorno natural y la cosmovisi\u00f3n ancestral de Jujuy.<a href=\"https:\/\/media.prensa.jujuy.gob.ar\/p\/7566a7a051cfaf36881172b2657d56f9\/adjuntos\/301\/imagenes\/000\/409\/0000409057\/1200x0\/smart\/20250315_183443-1jpg.jpg\"><\/a><\/p>\n\n\n\n<figure class=\"wp-block-image\"><img decoding=\"async\" src=\"https:\/\/media.prensa.jujuy.gob.ar\/p\/588b07de5aac5ad202785720ae1f9b1f\/adjuntos\/301\/imagenes\/000\/409\/0000409058\/1200x0\/smart\/20250315_180420jpg.jpg\" alt=\"Liz Solari destac\u00f3 la energ\u00eda y la cosmovisi\u00f3n de Jujuy en un retiro espiritual\" title=\"Liz Solari destac\u00f3 la energ\u00eda y la cosmovisi\u00f3n de Jujuy en un retiro espiritual\"\/><\/figure>\n\n\n\n<p><em>\"Jujuy, la tierra colorada, fue la que hizo el llamado, la Pachamama nos llam\u00f3 para estar ac\u00e1. Este es un centro energ\u00e9tico poderos\u00edsimo y un espacio ancestral donde se respeta y se conecta con la madre naturaleza de una forma que no sucede casi en ninguna otra parte de nuestro pa\u00eds\"<\/em>, expres\u00f3 Solari tras finalizar el retiro.<\/p>\n\n\n\n<p>El evento reuni\u00f3 a participantes de distintas provincias, quienes viajaron cientos de kil\u00f3metros para formar parte de esta experiencia de autoconocimiento. La diversidad geogr\u00e1fica y cultural de los asistentes enriqueci\u00f3 a\u00fan m\u00e1s el encuentro, permitiendo una conexi\u00f3n profunda con la espiritualidad y la naturaleza.<\/p>\n\n\n\n<p>La actriz destac\u00f3 el papel fundamental del Ministerio de Cultura y Turismo de Jujuy en la difusi\u00f3n y promoci\u00f3n de este tipo de experiencias, as\u00ed como el apoyo de Federico Posadas y Valen Mois\u00e9s en la realizaci\u00f3n del retiro. Tambi\u00e9n agradeci\u00f3 la hospitalidad del Hotel Huacalera , donde se llev\u00f3 a cabo la actividad, y la calidez de todo el equipo que la recibi\u00f3.&nbsp;<\/p>\n\n\n\n<p>Adem\u00e1s, mencion\u00f3 el impacto especial que tuvieron las llamas en el proceso:&nbsp;<em>\"Trabajamos de forma consciente con estos animales y nos recordaron la conexi\u00f3n con la naturaleza y con los seres vivos que habitan este lugar\" .<\/em>&nbsp;<\/p>\n\n\n\n<p>Sobre su decisi\u00f3n de realizar el retiro en Jujuy, Solari explic\u00f3 que su relaci\u00f3n con la provincia comenz\u00f3 hace a\u00f1os, cuando visit\u00f3 el destino por trabajo. Sin embargo, fue el a\u00f1o pasado, en un viaje personal con su madre, cuando sinti\u00f3 una conexi\u00f3n m\u00e1s profunda con la energ\u00eda del lugar y decidi\u00f3 regresar con un prop\u00f3sito espiritual.&nbsp;<\/p>\n\n\n\n<p><strong>\"Este retiro es s\u00f3lo el comienzo\" ,<\/strong>&nbsp;afirm\u00f3 con entusiasmo, expresando su deseo de que esta experiencia se repita en el futuro para que m\u00e1s personas puedan descubrir la riqueza natural, cultural y espiritual de Jujuy.<\/p>\n","protected":false},"excerpt":{"rendered":"<p>La reconocida actriz y modelo Liz Solari visit\u00f3 Jujuy para participar en un retiro espiritual que se realiz\u00f3 desde el 14 al 16 de marzo, donde experiment\u00f3 la conexi\u00f3n con la Pachamama y la energ\u00eda milenaria de la provincia. Durante su estad\u00eda, resalt\u00f3 el impacto que tuvo en ella la experiencia, el entorno natural y [&hellip;]<\/p>\n","protected":false},"author":5,"featured_media":424705,"comment_status":"open","ping_status":"open","sticky":false,"template":"","format":"standard","meta":{"_stopmodifiedupdate":false,"_modified_date":"","inline_featured_image":false,"spay_email":"","jetpack_publicize_message":""},"categories":[13],"tags":[],"jetpack_featured_media_url":"https:\/\/notinor.com\/jujuy\/wp-content\/uploads\/2025\/03\/RETIRO.jpg","jetpack_publicize_connections":[],"_links":{"self":[{"href":"https:\/\/notinor.com\/jujuy\/wp-json\/wp\/v2\/posts\/424704"}],"collection":[{"href":"https:\/\/notinor.com\/jujuy\/wp-json\/wp\/v2\/posts"}],"about":[{"href":"https:\/\/notinor.com\/jujuy\/wp-json\/wp\/v2\/types\/post"}],"author":[{"embeddable":true,"href":"https:\/\/notinor.com\/jujuy\/wp-json\/wp\/v2\/users\/5"}],"replies":[{"embeddable":true,"href":"https:\/\/notinor.com\/jujuy\/wp-json\/wp\/v2\/comments?post=424704"}],"version-history":[{"count":1,"href":"https:\/\/notinor.com\/jujuy\/wp-json\/wp\/v2\/posts\/424704\/revisions"}],"predecessor-version":[{"id":424706,"href":"https:\/\/notinor.com\/jujuy\/wp-json\/wp\/v2\/posts\/424704\/revisions\/424706"}],"wp:featuredmedia":[{"embeddable":true,"href":"https:\/\/notinor.com\/jujuy\/wp-json\/wp\/v2\/media\/424705"}],"wp:attachment":[{"href":"https:\/\/notinor.com\/jujuy\/wp-json\/wp\/v2\/media?parent=424704"}],"wp:term":[{"taxonomy":"category","embeddable":true,"href":"https:\/\/notinor.com\/jujuy\/wp-json\/wp\/v2\/categories?post=424704"},{"taxonomy":"post_tag","embeddable":true,"href":"https:\/\/notinor.com\/jujuy\/wp-json\/wp\/v2\/tags?post=424704"}],"curies":[{"name":"wp","href":"https:\/\/api.w.org\/{rel}","templated":true}]}}