{"id":424689,"date":"2025-03-18T23:48:18","date_gmt":"2025-03-19T02:48:18","guid":{"rendered":"https:\/\/notinor.com\/jujuy\/?p=424689"},"modified":"2025-03-18T23:48:20","modified_gmt":"2025-03-19T02:48:20","slug":"serrano-evaluo-el-inicio-de-clases-junto-a-jefes-administrativos-de-las-siete-regiones-educativas","status":"publish","type":"post","link":"https:\/\/notinor.com\/jujuy\/serrano-evaluo-el-inicio-de-clases-junto-a-jefes-administrativos-de-las-siete-regiones-educativas\/","title":{"rendered":"Serrano evalu\u00f3 el inicio de clases junto a jefes administrativos de las siete regiones educativas"},"content":{"rendered":"\n<p class=\"has-medium-font-size\"><strong><em>En la reuni\u00f3n se analiz\u00f3 tambi\u00e9n el impacto de las inclemencias del tiempo en diferentes localidades.<\/em><\/strong><\/p>\n\n\n\n<p><\/p>\n\n\n<div class=\"wp-block-image\">\n<figure class=\"aligncenter size-full\"><img decoding=\"async\" loading=\"lazy\" width=\"800\" height=\"450\" src=\"https:\/\/notinor.com\/jujuy\/wp-content\/uploads\/2025\/03\/educacion-1.jpg\" alt=\"\" class=\"wp-image-424690\" srcset=\"https:\/\/notinor.com\/jujuy\/wp-content\/uploads\/2025\/03\/educacion-1.jpg 800w, https:\/\/notinor.com\/jujuy\/wp-content\/uploads\/2025\/03\/educacion-1-649x365.jpg 649w, https:\/\/notinor.com\/jujuy\/wp-content\/uploads\/2025\/03\/educacion-1-500x280.jpg 500w, https:\/\/notinor.com\/jujuy\/wp-content\/uploads\/2025\/03\/educacion-1-768x432.jpg 768w, https:\/\/notinor.com\/jujuy\/wp-content\/uploads\/2025\/03\/educacion-1-750x422.jpg 750w\" sizes=\"(max-width: 800px) 100vw, 800px\" \/><\/figure><\/div>\n\n\n<p><\/p>\n\n\n\n<p><strong>La ministra de Educaci\u00f3n de Jujuy, Miriam Serrano, encabez\u00f3 este martes una reuni\u00f3n con los jefes administrativos de las siete regiones educativas de la provincia, con el objetivo de evaluar el trabajo realizado hasta el momento en relaci\u00f3n con el inicio del ciclo lectivo, considerando adem\u00e1s las inclemencias del tiempo en diversas localidades.<\/strong><\/p>\n\n\n\n<p>El encuentro, convocado por el secretario de Pol\u00edticas Socioeducativas, Julio Alarc\u00f3n, cont\u00f3 con la participaci\u00f3n del subsecretario de Infraestructura Educativa, Mat\u00edas Torcivia, y la vocal a cargo de la presidencia de la Junta Provincial de Calificaci\u00f3n Docente, Maribel Brand\u00e1n.<\/p>\n\n\n\n<p>Durante su intervenci\u00f3n, <strong>Serrano resalt\u00f3 el rol fundamental de las escuelas en cada rinc\u00f3n de la provincia, subrayando que siguen siendo \"el mejor lugar para los chicos\", al igual que el trabajo de los jefes administrativos,<\/strong> quienes, \"estando en territorio, contribuyen a que el Ministerio de Educaci\u00f3n tenga un impacto significativo en todas las regiones\".<\/p>\n\n\n\n<p>Eduardo C\u00e1ceres, coordinador general de Regiones Educativas, explic\u00f3 que, debido a las adversas condiciones clim\u00e1ticas, se estableci\u00f3 una colaboraci\u00f3n estrecha con distintas \u00e1reas del Gobierno y los Municipios para asegurar el inicio del ciclo lectivo. <strong>Tambi\u00e9n se abord\u00f3 la necesidad de solucionar los inconvenientes en aquellas zonas donde los docentes no pudieron llegar a tiempo debido al corte de rutas. Asimismo, se realiz\u00f3 una evaluaci\u00f3n del estado edilicio de las escuelas.<\/strong><\/p>\n\n\n\n<p><strong>Por su parte, el jefe administrativo de la Regi\u00f3n II, Lionel Herrera, calific\u00f3 la reuni\u00f3n como muy positiva, destacando que la ministra Serrano puso a disposici\u00f3n de las regiones del interior todo el equipo de la cartera educativa para trabajar de manera coordinada,<\/strong> estableciendo una agenda para responder a las diversas problem\u00e1ticas.<\/p>\n\n\n\n<p>En el encuentro estuvieron presentes Mario Sol\u00eds (Regi\u00f3n I), Lionel Herrera (Regi\u00f3n II), Emanuel Alarc\u00f3n (Regi\u00f3n III), Gilda Cortez (Regi\u00f3n IV), Eugenio Quevedo (Regi\u00f3n V), Elsa Maizares (Regi\u00f3n VI) y Marcos Tinte (Regi\u00f3n VII).<\/p>\n","protected":false},"excerpt":{"rendered":"<p>En la reuni\u00f3n se analiz\u00f3 tambi\u00e9n el impacto de las inclemencias del tiempo en diferentes localidades. La ministra de Educaci\u00f3n de Jujuy, Miriam Serrano, encabez\u00f3 este martes una reuni\u00f3n con los jefes administrativos de las siete regiones educativas de la provincia, con el objetivo de evaluar el trabajo realizado hasta el momento en relaci\u00f3n con [&hellip;]<\/p>\n","protected":false},"author":49,"featured_media":424690,"comment_status":"open","ping_status":"open","sticky":false,"template":"","format":"standard","meta":{"_stopmodifiedupdate":false,"_modified_date":"","inline_featured_image":false,"spay_email":"","jetpack_publicize_message":""},"categories":[2,514],"tags":[],"jetpack_featured_media_url":"https:\/\/notinor.com\/jujuy\/wp-content\/uploads\/2025\/03\/educacion-1.jpg","jetpack_publicize_connections":[],"_links":{"self":[{"href":"https:\/\/notinor.com\/jujuy\/wp-json\/wp\/v2\/posts\/424689"}],"collection":[{"href":"https:\/\/notinor.com\/jujuy\/wp-json\/wp\/v2\/posts"}],"about":[{"href":"https:\/\/notinor.com\/jujuy\/wp-json\/wp\/v2\/types\/post"}],"author":[{"embeddable":true,"href":"https:\/\/notinor.com\/jujuy\/wp-json\/wp\/v2\/users\/49"}],"replies":[{"embeddable":true,"href":"https:\/\/notinor.com\/jujuy\/wp-json\/wp\/v2\/comments?post=424689"}],"version-history":[{"count":1,"href":"https:\/\/notinor.com\/jujuy\/wp-json\/wp\/v2\/posts\/424689\/revisions"}],"predecessor-version":[{"id":424691,"href":"https:\/\/notinor.com\/jujuy\/wp-json\/wp\/v2\/posts\/424689\/revisions\/424691"}],"wp:featuredmedia":[{"embeddable":true,"href":"https:\/\/notinor.com\/jujuy\/wp-json\/wp\/v2\/media\/424690"}],"wp:attachment":[{"href":"https:\/\/notinor.com\/jujuy\/wp-json\/wp\/v2\/media?parent=424689"}],"wp:term":[{"taxonomy":"category","embeddable":true,"href":"https:\/\/notinor.com\/jujuy\/wp-json\/wp\/v2\/categories?post=424689"},{"taxonomy":"post_tag","embeddable":true,"href":"https:\/\/notinor.com\/jujuy\/wp-json\/wp\/v2\/tags?post=424689"}],"curies":[{"name":"wp","href":"https:\/\/api.w.org\/{rel}","templated":true}]}}