{"id":424686,"date":"2025-03-18T23:10:38","date_gmt":"2025-03-19T02:10:38","guid":{"rendered":"https:\/\/notinor.com\/jujuy\/?p=424686"},"modified":"2025-03-18T23:10:40","modified_gmt":"2025-03-19T02:10:40","slug":"el-gobierno-garantiza-el-traslado-del-cuerpo-de-brenda-garnica-tras-su-femicidio-en-buenos-aires","status":"publish","type":"post","link":"https:\/\/notinor.com\/jujuy\/el-gobierno-garantiza-el-traslado-del-cuerpo-de-brenda-garnica-tras-su-femicidio-en-buenos-aires\/","title":{"rendered":"El Gobierno garantiza el traslado\u00a0del cuerpo de Brenda Garnica tras\u00a0su femicidio en Buenos Aires"},"content":{"rendered":"\n<p class=\"has-medium-font-size\"><strong><em>\"Desde el Gobierno provincial, garantizaremos todos los recursos necesarios para el traslado del cuerpo de Brenda a Jujuy, as\u00ed como para su sepelio\", indicaron en un comunicado.<\/em><\/strong><\/p>\n\n\n\n<p><\/p>\n\n\n<div class=\"wp-block-image\">\n<figure class=\"aligncenter size-full\"><img decoding=\"async\" loading=\"lazy\" width=\"800\" height=\"450\" src=\"https:\/\/notinor.com\/jujuy\/wp-content\/uploads\/2025\/03\/brenda-garnica.jpg\" alt=\"\" class=\"wp-image-424687\" srcset=\"https:\/\/notinor.com\/jujuy\/wp-content\/uploads\/2025\/03\/brenda-garnica.jpg 800w, https:\/\/notinor.com\/jujuy\/wp-content\/uploads\/2025\/03\/brenda-garnica-649x365.jpg 649w, https:\/\/notinor.com\/jujuy\/wp-content\/uploads\/2025\/03\/brenda-garnica-500x280.jpg 500w, https:\/\/notinor.com\/jujuy\/wp-content\/uploads\/2025\/03\/brenda-garnica-768x432.jpg 768w, https:\/\/notinor.com\/jujuy\/wp-content\/uploads\/2025\/03\/brenda-garnica-750x422.jpg 750w\" sizes=\"(max-width: 800px) 100vw, 800px\" \/><figcaption class=\"wp-element-caption\">Brenda Garnica<\/figcaption><\/figure><\/div>\n\n\n<p><\/p>\n\n\n\n<p><strong>La provincia de Jujuy se encuentra consternada tras el brutal femicidio de Brenda Garnica, una joven de 25 a\u00f1os oriunda de esta tierra, quien fue v\u00edctima de un violento ataque en la provincia de Buenos Aires.<\/strong><\/p>\n\n\n\n<p>Ante esta tragedia, el Gobierno de Jujuy, a trav\u00e9s del Ministerio de Desarrollo Humano y el Consejo Provincial de Mujeres, tom\u00f3 cartas en el asunto para brindar apoyo a la familia de Brenda en este dif\u00edcil momento.<\/p>\n\n\n\n<p>\"Lamentamos profundamente este terrible hecho y nos solidarizamos con la familia de Brenda\", expresaron las autoridades en un comunicado oficial.<strong> \"Desde el Gobierno provincial, garantizaremos todos los recursos necesarios para el traslado del cuerpo de Brenda a Jujuy, as\u00ed como para su sepelio\".<\/strong><\/p>\n\n\n\n<p>El Gobierno de Jujuy se puso a disposici\u00f3n de la familia Garnica para brindarles contenci\u00f3n y acompa\u00f1amiento en este dif\u00edcil momento. <strong>Asimismo, cometi\u00f3 a seguir de cerca el avance de la investigaci\u00f3n en Buenos Aires para que el responsable de este femicidio sea llevado ante la Justicia.<\/strong><\/p>\n\n\n\n<p>Este nuevo caso de violencia de g\u00e9nero reaviv\u00f3 el debate sobre la necesidad de redoblar los esfuerzos en la lucha contra los femicidios y la protecci\u00f3n de las mujeres.<\/p>\n","protected":false},"excerpt":{"rendered":"<p>\"Desde el Gobierno provincial, garantizaremos todos los recursos necesarios para el traslado del cuerpo de Brenda a Jujuy, as\u00ed como para su sepelio\", indicaron en un comunicado. La provincia de Jujuy se encuentra consternada tras el brutal femicidio de Brenda Garnica, una joven de 25 a\u00f1os oriunda de esta tierra, quien fue v\u00edctima de un [&hellip;]<\/p>\n","protected":false},"author":49,"featured_media":424687,"comment_status":"open","ping_status":"open","sticky":false,"template":"","format":"standard","meta":{"_stopmodifiedupdate":false,"_modified_date":"","inline_featured_image":false,"spay_email":"","jetpack_publicize_message":""},"categories":[2,514,3],"tags":[],"jetpack_featured_media_url":"https:\/\/notinor.com\/jujuy\/wp-content\/uploads\/2025\/03\/brenda-garnica.jpg","jetpack_publicize_connections":[],"_links":{"self":[{"href":"https:\/\/notinor.com\/jujuy\/wp-json\/wp\/v2\/posts\/424686"}],"collection":[{"href":"https:\/\/notinor.com\/jujuy\/wp-json\/wp\/v2\/posts"}],"about":[{"href":"https:\/\/notinor.com\/jujuy\/wp-json\/wp\/v2\/types\/post"}],"author":[{"embeddable":true,"href":"https:\/\/notinor.com\/jujuy\/wp-json\/wp\/v2\/users\/49"}],"replies":[{"embeddable":true,"href":"https:\/\/notinor.com\/jujuy\/wp-json\/wp\/v2\/comments?post=424686"}],"version-history":[{"count":1,"href":"https:\/\/notinor.com\/jujuy\/wp-json\/wp\/v2\/posts\/424686\/revisions"}],"predecessor-version":[{"id":424688,"href":"https:\/\/notinor.com\/jujuy\/wp-json\/wp\/v2\/posts\/424686\/revisions\/424688"}],"wp:featuredmedia":[{"embeddable":true,"href":"https:\/\/notinor.com\/jujuy\/wp-json\/wp\/v2\/media\/424687"}],"wp:attachment":[{"href":"https:\/\/notinor.com\/jujuy\/wp-json\/wp\/v2\/media?parent=424686"}],"wp:term":[{"taxonomy":"category","embeddable":true,"href":"https:\/\/notinor.com\/jujuy\/wp-json\/wp\/v2\/categories?post=424686"},{"taxonomy":"post_tag","embeddable":true,"href":"https:\/\/notinor.com\/jujuy\/wp-json\/wp\/v2\/tags?post=424686"}],"curies":[{"name":"wp","href":"https:\/\/api.w.org\/{rel}","templated":true}]}}