{"id":424680,"date":"2025-03-18T22:02:03","date_gmt":"2025-03-19T01:02:03","guid":{"rendered":"https:\/\/notinor.com\/jujuy\/?p=424680"},"modified":"2025-03-18T22:02:08","modified_gmt":"2025-03-19T01:02:08","slug":"jujuy-presente-en-el-moto-gp-de-termas-de-rio-hondo","status":"publish","type":"post","link":"https:\/\/notinor.com\/jujuy\/jujuy-presente-en-el-moto-gp-de-termas-de-rio-hondo\/","title":{"rendered":"Jujuy presente en el Moto GP de Termas de R\u00edo Hondo"},"content":{"rendered":"\n<p class=\"has-medium-font-size\"><strong><em>Durante los tres d\u00edas de la nueva edici\u00f3n del MotoGP, celebrada en Termas de R\u00edo Hondo, el Ministerio de Cultura y Turismo, a trav\u00e9s del Ente de Promoci\u00f3n Tur\u00edstica, logr\u00f3 difundir con \u00e9xito informaci\u00f3n sobre las riquezas culturales, los atractivos y las experiencias \u00fanicas que ofrece nuestra provincia a los miles de amantes de la velocidad, tanto nacionales como internacionales como a los participantes del evento.<\/em><\/strong><\/p>\n\n\n\n<p><\/p>\n\n\n<div class=\"wp-block-image\">\n<figure class=\"aligncenter size-full\"><img decoding=\"async\" loading=\"lazy\" width=\"800\" height=\"450\" src=\"https:\/\/notinor.com\/jujuy\/wp-content\/uploads\/2025\/03\/jujuy-moto-GP.jpg\" alt=\"\" class=\"wp-image-424681\" srcset=\"https:\/\/notinor.com\/jujuy\/wp-content\/uploads\/2025\/03\/jujuy-moto-GP.jpg 800w, https:\/\/notinor.com\/jujuy\/wp-content\/uploads\/2025\/03\/jujuy-moto-GP-649x365.jpg 649w, https:\/\/notinor.com\/jujuy\/wp-content\/uploads\/2025\/03\/jujuy-moto-GP-500x280.jpg 500w, https:\/\/notinor.com\/jujuy\/wp-content\/uploads\/2025\/03\/jujuy-moto-GP-768x432.jpg 768w, https:\/\/notinor.com\/jujuy\/wp-content\/uploads\/2025\/03\/jujuy-moto-GP-750x422.jpg 750w\" sizes=\"(max-width: 800px) 100vw, 800px\" \/><\/figure><\/div>\n\n\n<p><\/p>\n\n\n\n<p><strong>El evento, que re\u00fane a los mejores pilotos del mundo en el Circuito Internacional de Termas de R\u00edo Hondo y convoca a turistas de todas las provincias del pa\u00eds, as\u00ed como de otros como Espa\u00f1a, Francia, Sud\u00e1frica, Brasil y Paraguay, entre otros, se convirti\u00f3 en un punto estrat\u00e9gico para promocionar los distintos circuitos tur\u00edsticos que ofrece nuestra provincia.<\/strong><\/p>\n\n\n\n<p><strong>Bajo el lema \"Jujuy, energ\u00eda viva\", la propuesta juje\u00f1a en la Fan Zone brind\u00f3 informaci\u00f3n detallada sobre los principales atractivos de la regi\u00f3n.<\/strong> Los m\u00e1s consultados fueron Purmamarca, la Cuesta de Lip\u00e1n, las Salinas, la Quebrada de Humahuaca y el Tren Solar de la Quebrada, este \u00faltimo consolidado como una de las experiencias \u00fanicas que pueden vivirse en el pa\u00eds.<\/p>\n\n\n\n<p><strong>Adem\u00e1s de la distribuci\u00f3n de merchandising, las trivias y los juegos desarrollados en el stand de Jujuy, se logr\u00f3 captar la atenci\u00f3n de los motoviajeros, quienes mostraron inter\u00e9s en visitar la provincia en los pr\u00f3ximos d\u00edas o considerarla como un destino futuro.<\/strong><\/p>\n\n\n\n<p>Cabe destacar que el subsecretario de Turismo de Santiago del Estero, Nelson Bravo, visit\u00f3 el stand juje\u00f1o y agradeci\u00f3 la participaci\u00f3n y el apoyo de Jujuy, los cuales aportan un plus interesante al MotoGP, un evento de gran convocatoria. <strong>En esta edici\u00f3n, Jujuy estuvo presente junto a otras provincias del NOA (Noroeste Argentino) y de CABA (Ciudad Aut\u00f3noma de Buenos Aires).<\/strong><\/p>\n","protected":false},"excerpt":{"rendered":"<p>Durante los tres d\u00edas de la nueva edici\u00f3n del MotoGP, celebrada en Termas de R\u00edo Hondo, el Ministerio de Cultura y Turismo, a trav\u00e9s del Ente de Promoci\u00f3n Tur\u00edstica, logr\u00f3 difundir con \u00e9xito informaci\u00f3n sobre las riquezas culturales, los atractivos y las experiencias \u00fanicas que ofrece nuestra provincia a los miles de amantes de la [&hellip;]<\/p>\n","protected":false},"author":49,"featured_media":424681,"comment_status":"open","ping_status":"open","sticky":false,"template":"","format":"standard","meta":{"_stopmodifiedupdate":false,"_modified_date":"","inline_featured_image":false,"spay_email":"","jetpack_publicize_message":""},"categories":[2,7,832],"tags":[],"jetpack_featured_media_url":"https:\/\/notinor.com\/jujuy\/wp-content\/uploads\/2025\/03\/jujuy-moto-GP.jpg","jetpack_publicize_connections":[],"_links":{"self":[{"href":"https:\/\/notinor.com\/jujuy\/wp-json\/wp\/v2\/posts\/424680"}],"collection":[{"href":"https:\/\/notinor.com\/jujuy\/wp-json\/wp\/v2\/posts"}],"about":[{"href":"https:\/\/notinor.com\/jujuy\/wp-json\/wp\/v2\/types\/post"}],"author":[{"embeddable":true,"href":"https:\/\/notinor.com\/jujuy\/wp-json\/wp\/v2\/users\/49"}],"replies":[{"embeddable":true,"href":"https:\/\/notinor.com\/jujuy\/wp-json\/wp\/v2\/comments?post=424680"}],"version-history":[{"count":1,"href":"https:\/\/notinor.com\/jujuy\/wp-json\/wp\/v2\/posts\/424680\/revisions"}],"predecessor-version":[{"id":424682,"href":"https:\/\/notinor.com\/jujuy\/wp-json\/wp\/v2\/posts\/424680\/revisions\/424682"}],"wp:featuredmedia":[{"embeddable":true,"href":"https:\/\/notinor.com\/jujuy\/wp-json\/wp\/v2\/media\/424681"}],"wp:attachment":[{"href":"https:\/\/notinor.com\/jujuy\/wp-json\/wp\/v2\/media?parent=424680"}],"wp:term":[{"taxonomy":"category","embeddable":true,"href":"https:\/\/notinor.com\/jujuy\/wp-json\/wp\/v2\/categories?post=424680"},{"taxonomy":"post_tag","embeddable":true,"href":"https:\/\/notinor.com\/jujuy\/wp-json\/wp\/v2\/tags?post=424680"}],"curies":[{"name":"wp","href":"https:\/\/api.w.org\/{rel}","templated":true}]}}