{"id":424574,"date":"2025-03-14T21:13:00","date_gmt":"2025-03-15T00:13:00","guid":{"rendered":"https:\/\/notinor.com\/jujuy\/?p=424574"},"modified":"2025-03-14T09:13:23","modified_gmt":"2025-03-14T09:13:23","slug":"el-municipio-de-san-salvador-de-jujuy-sede-del-27-encuentro-de-municipios-turisticos-de-la-argentina","status":"publish","type":"post","link":"https:\/\/notinor.com\/jujuy\/el-municipio-de-san-salvador-de-jujuy-sede-del-27-encuentro-de-municipios-turisticos-de-la-argentina\/","title":{"rendered":"El Municipio de San Salvador de Jujuy sede del 27\u00b0 Encuentro de Municipios Tur\u00edsticos de la Argentina"},"content":{"rendered":"\n<p class=\"has-medium-font-size\"><strong><em>Autoridades de la Municipalidad de San Salvador de Jujuy, encabezadas por el intendente Ra\u00fal \u201cChuli\u201d Jorge, participan del 27\u00b0 Encuentro de Municipios Tur\u00edsticos, que es organizado por la Red Federal de Turismo, y del que participan delegaciones de numerosos distritos de todo el pa\u00eds. En dicho marco, en el que prima el intercambio de experiencias entre los sectores p\u00fablico y privado, se analizan las estrategias implementadas durante la temporada de verano y a la vez se delinean acciones para potenciar los destinos tur\u00edsticos del interior de cara a los pr\u00f3ximos meses.<\/em><\/strong><\/p>\n\n\n<div class=\"wp-block-image\">\n<figure class=\"aligncenter\"><img decoding=\"async\" src=\"https:\/\/www.sansalvadordejujuy.gob.ar\/wp-content\/uploads\/2025\/03\/red-de-municipio-prensamunijujuy-6-1024x624.jpg\" alt=\"\" class=\"wp-image-84027\"\/><\/figure><\/div>\n\n\n<p>Durante la apertura de la segunda jornada de deliberaciones el intendente \u201cChuli\u201d Jorge , coment\u00f3, \u201ces una alegr\u00eda recibir a muchos intendentes y funcionarios de todo el pa\u00eds que se hicieron presentes en este encuentro que se desarrolla en Salta, y hoy aqu\u00ed en Jujuy\u201d.<\/p>\n\n\n\n<p>Dado el car\u00e1cter federal del evento, que adem\u00e1s permite una interacci\u00f3n entre los sectores p\u00fablico y privado, precis\u00f3 que el mismo permite, \u201cintercambiar experiencias exitosas, gestiones, y discutir el turismo como pol\u00edtica fundamental del estado para el desarrollo de ciudades y regiones\u201d.<\/p>\n\n\n<div class=\"wp-block-image\">\n<figure class=\"aligncenter\"><img decoding=\"async\" src=\"https:\/\/www.sansalvadordejujuy.gob.ar\/wp-content\/uploads\/2025\/03\/red-de-municipio-prensamunijujuy-2-1024x554.jpg\" alt=\"\" class=\"wp-image-84028\"\/><\/figure><\/div>\n\n\n<p>A la vez, remarc\u00f3 que la tarea realizada, \u201cva concatenando una idea fuerte, para que esta Red Federal, que viene trabajando hace muchos a\u00f1os, se vaya consolidando con ciudades que apostamos al turismo\u201d. En torno a ello reconoci\u00f3 que el turismo, \u201cgenera riqueza, trabajo y genera desarrollo, y todo esto se visualiza con estos encuentros en los que se aprende mucho en el intercambio entre las distintas ciudades\u201d.<\/p>\n\n\n\n<p>A su turno, el secretario de Cultura y Turismo, Luciano C\u00f3rdoba, expres\u00f3 su conformidad por la organizaci\u00f3n del encuentro que permite una interacci\u00f3n entre numerosas comunas de todo el pa\u00eds. \u201cLa verdad estamos muy contentos ya que estamos recibiendo a 80 participantes de distintas ciudades del pa\u00eds, ya que hay intendentes, hay secretarios de estado que vinculan y deciden sobre pol\u00edticas tur\u00edsticas de otras ciudades, y m\u00e1s de 30 directores que motorizan la agenda del turismo en el pa\u00eds\u201d, mencion\u00f3.<\/p>\n\n\n<div class=\"wp-block-image\">\n<figure class=\"aligncenter\"><img decoding=\"async\" src=\"https:\/\/www.sansalvadordejujuy.gob.ar\/wp-content\/uploads\/2025\/03\/nido-cuyaya-prensamunijujuy8-1-1024x635.jpg\" alt=\"\" class=\"wp-image-84029\"\/><\/figure><\/div>\n\n\n<p>Atento a la coordinaci\u00f3n de esfuerzos entre los gobiernos de Jujuy y Salta, que facilitaron la realizaci\u00f3n del encuentro de la Red en ambos distritos, afirm\u00f3 que, \u201ctrabajamos de manera colaborativa y asociativa con Salta para demostrar que podemos complementarnos que podemos generar una ruta que genere esa expresi\u00f3n que tambi\u00e9n est\u00e1 en nuestro legado hist\u00f3rico\u201d.<\/p>\n\n\n<div class=\"wp-block-image\">\n<figure class=\"aligncenter\"><img decoding=\"async\" src=\"https:\/\/www.sansalvadordejujuy.gob.ar\/wp-content\/uploads\/2025\/03\/red-de-municipio-prensamunijujuy-5-1024x648.jpg\" alt=\"\" class=\"wp-image-84030\"\/><\/figure><\/div>\n\n\n<p>Finalmente, el presidente de la Red Federal de Turismo, Pablo Sgubini, mencion\u00f3 que dicha instituci\u00f3n aglomera a m\u00e1s de 500 destinos tur\u00edsticos de todo el pa\u00eds, y tiene por objetivo, \u201cintercambiar conocimientos de manera plural y generosa\u201d. Dada la diversidad de expresiones pol\u00edticas involucradas reconoci\u00f3 que, \u201chemos roto un paradigma de esta grieta que nos atraviesa, y la verdad que trabajamos muy a gusto y hablamos de problem\u00e1ticas tur\u00edsticas, de soluciones y buenas pr\u00e1cticas, y hoy hay 80 destinos de todo el pa\u00eds convocados en Jujuy\u201d.<\/p>\n\n\n<div class=\"wp-block-image\">\n<figure class=\"aligncenter\"><img decoding=\"async\" src=\"https:\/\/www.sansalvadordejujuy.gob.ar\/wp-content\/uploads\/2025\/03\/red-de-municipio-prensamunijujuy-10-1024x704.jpg\" alt=\"\" class=\"wp-image-84031\"\/><\/figure><\/div>\n\n\n<p>Bajo el lema \u201cUn encuentro dos destinos\u201d, el evento federal tuvo su primera jornada de trabajo el d\u00eda jueves en la vecina ciudad de Salta. Posteriormente, las delegaciones continuaron las deliberaciones en el Cabildo Hist\u00f3rico de la capital juje\u00f1a donde los funcionarios municipales, junto a autoridades provinciales presididas por el gobernador, Carlos Sadir, hicieron las veces de anfitriones de los miembros de la Red Federal. &nbsp;Cabe mencionar que la \u00faltima de las tres jornadas de trabajo se cumplir\u00e1 este s\u00e1bado en la zona de quebrada, donde las autoridades municipales, provinciales y nacionales, cerrar\u00e1n la ronda de intercambio<\/p>\n\n\n\n<p>El intendente Jorge, estuvo acompa\u00f1ado por el presidente del Concejo Deliberante, Lisandro Aguiar, el secretario de Desarrollo Humano, Rodrigo Altea, el secretario de Cultura y Turismo, Luciano C\u00f3rdoba,&nbsp; la directora de Turismo municipal, Gabriela Canoniero y el director de Cultura Joaqu\u00edn L\u00f3pez.<\/p>\n\n\n\n<p><strong>Nota audiovisual:&nbsp;<\/strong><a href=\"https:\/\/youtu.be\/uxaBiO-Amyc\">https:\/\/youtu.be\/uxaBiO-Amyc<\/a><\/p>\n","protected":false},"excerpt":{"rendered":"<p>Autoridades de la Municipalidad de San Salvador de Jujuy, encabezadas por el intendente Ra\u00fal \u201cChuli\u201d Jorge, participan del 27\u00b0 Encuentro de Municipios Tur\u00edsticos, que es organizado por la Red Federal de Turismo, y del que participan delegaciones de numerosos distritos de todo el pa\u00eds. En dicho marco, en el que prima el intercambio de experiencias [&hellip;]<\/p>\n","protected":false},"author":5,"featured_media":424575,"comment_status":"open","ping_status":"open","sticky":false,"template":"","format":"standard","meta":{"_stopmodifiedupdate":false,"_modified_date":"","inline_featured_image":false,"spay_email":"","jetpack_publicize_message":""},"categories":[514],"tags":[],"jetpack_featured_media_url":"https:\/\/notinor.com\/jujuy\/wp-content\/uploads\/2025\/03\/INTERCAMBIO.jpg","jetpack_publicize_connections":[],"_links":{"self":[{"href":"https:\/\/notinor.com\/jujuy\/wp-json\/wp\/v2\/posts\/424574"}],"collection":[{"href":"https:\/\/notinor.com\/jujuy\/wp-json\/wp\/v2\/posts"}],"about":[{"href":"https:\/\/notinor.com\/jujuy\/wp-json\/wp\/v2\/types\/post"}],"author":[{"embeddable":true,"href":"https:\/\/notinor.com\/jujuy\/wp-json\/wp\/v2\/users\/5"}],"replies":[{"embeddable":true,"href":"https:\/\/notinor.com\/jujuy\/wp-json\/wp\/v2\/comments?post=424574"}],"version-history":[{"count":1,"href":"https:\/\/notinor.com\/jujuy\/wp-json\/wp\/v2\/posts\/424574\/revisions"}],"predecessor-version":[{"id":424576,"href":"https:\/\/notinor.com\/jujuy\/wp-json\/wp\/v2\/posts\/424574\/revisions\/424576"}],"wp:featuredmedia":[{"embeddable":true,"href":"https:\/\/notinor.com\/jujuy\/wp-json\/wp\/v2\/media\/424575"}],"wp:attachment":[{"href":"https:\/\/notinor.com\/jujuy\/wp-json\/wp\/v2\/media?parent=424574"}],"wp:term":[{"taxonomy":"category","embeddable":true,"href":"https:\/\/notinor.com\/jujuy\/wp-json\/wp\/v2\/categories?post=424574"},{"taxonomy":"post_tag","embeddable":true,"href":"https:\/\/notinor.com\/jujuy\/wp-json\/wp\/v2\/tags?post=424574"}],"curies":[{"name":"wp","href":"https:\/\/api.w.org\/{rel}","templated":true}]}}