{"id":424517,"date":"2025-03-14T23:43:00","date_gmt":"2025-03-15T02:43:00","guid":{"rendered":"https:\/\/notinor.com\/jujuy\/?p=424517"},"modified":"2025-03-14T11:43:36","modified_gmt":"2025-03-14T11:43:36","slug":"capturaron-en-jujuy-a-un-escurridizo-narcotraficante-profugo-desde-2021","status":"publish","type":"post","link":"https:\/\/notinor.com\/jujuy\/capturaron-en-jujuy-a-un-escurridizo-narcotraficante-profugo-desde-2021\/","title":{"rendered":"Capturaron en Jujuy a un escurridizo narcotraficante pr\u00f3fugo desde 2021"},"content":{"rendered":"\n<p class=\"has-medium-font-size\"><em><strong>El sujeto escap\u00f3 varias veces, pero su suerte acab\u00f3: la Polic\u00eda de Seguridad Aeroportuaria lo atrap\u00f3 en Perico.<\/strong><\/em><\/p>\n\n\n<div class=\"wp-block-image\">\n<figure class=\"aligncenter size-large\"><img decoding=\"async\" loading=\"lazy\" width=\"735\" height=\"480\" src=\"https:\/\/notinor.com\/jujuy\/wp-content\/uploads\/2025\/03\/image-50-735x480.png\" alt=\"\" class=\"wp-image-424518\" srcset=\"https:\/\/notinor.com\/jujuy\/wp-content\/uploads\/2025\/03\/image-50-735x480.png 735w, https:\/\/notinor.com\/jujuy\/wp-content\/uploads\/2025\/03\/image-50-559x365.png 559w, https:\/\/notinor.com\/jujuy\/wp-content\/uploads\/2025\/03\/image-50-768x502.png 768w, https:\/\/notinor.com\/jujuy\/wp-content\/uploads\/2025\/03\/image-50-750x490.png 750w, https:\/\/notinor.com\/jujuy\/wp-content\/uploads\/2025\/03\/image-50.png 980w\" sizes=\"(max-width: 735px) 100vw, 735px\" \/><\/figure><\/div>\n\n\n<p><\/p>\n\n\n\n<p>Un hombre que se encontraba\u00a0<strong>pr\u00f3fugo de la Justicia argentina desde el a\u00f1o 2021<\/strong>, tras haber sido desbaratada la organizaci\u00f3n criminal a la que estaba asociado, fue finalmente\u00a0<strong>atrapado por efectivos de la Polic\u00eda de Seguridad Aeroportuaria (PSA) en Jujuy<\/strong>.<\/p>\n\n\n\n<p>Fuentes del\u00a0<strong>Ministerio de Seguridad\u00a0<\/strong>nacional indicaron que el delincuente <strong>era el \u00faltimo eslab\u00f3n de una<\/strong>\u00a0<strong>\u201cnarco banda\u201d que operaba en la zona norte del pa\u00eds<\/strong>.<\/p>\n\n\n\n<p>En este sentido, un vocero de esa cartera relat\u00f3 que como resultado de varias semanas de trabajo de investigaci\u00f3n,\u00a0a fines de 2021\u00a0oficiales de la citada fuerza policial interceptaron en la\u00a0Ruta Nacional n\u00ba 34\u00a0a la altura del paraje R\u00edo Las Pavas, en territorio de la provincia de Salta,\u00a0<strong>un cami\u00f3n con acoplado que transportaba m\u00e1s de 48 kilogramos de coca\u00edna.<\/strong><\/p>\n\n\n\n<p><\/p>\n\n\n<div class=\"wp-block-image\">\n<figure class=\"aligncenter size-large\"><img decoding=\"async\" loading=\"lazy\" width=\"614\" height=\"480\" src=\"https:\/\/notinor.com\/jujuy\/wp-content\/uploads\/2025\/03\/image-51-614x480.png\" alt=\"\" class=\"wp-image-424519\" srcset=\"https:\/\/notinor.com\/jujuy\/wp-content\/uploads\/2025\/03\/image-51-614x480.png 614w, https:\/\/notinor.com\/jujuy\/wp-content\/uploads\/2025\/03\/image-51-467x365.png 467w, https:\/\/notinor.com\/jujuy\/wp-content\/uploads\/2025\/03\/image-51.png 703w\" sizes=\"(max-width: 614px) 100vw, 614px\" \/><\/figure><\/div>\n\n\n<p><\/p>\n\n\n\n<p><strong>\u201cEl chofer fue detenido<\/strong>\u00a0inmediatamente, sin embargo, otras\u00a0<strong>dos personas implicadas se dieron a la fuga\u201d<\/strong>, dijo la fuente.<\/p>\n\n\n\n<p>Proseguidas las investigaciones, en\u00a0noviembre de 2023<strong>\u00a0se pudo localizar a los fugitivos en la ciudad salte\u00f1a de<\/strong>\u00a0<strong>San Ram\u00f3n de la Nueva Or\u00e1n<\/strong>,\u00a0<strong>uno de los cuales fue aprehendido<\/strong>, pero no obstante las maniobras de los efectivos,\u00a0<strong>el otro narco pudo darse a la fuga<\/strong>\u00a0y por segunda vez evitar ser detenido.<\/p>\n\n\n\n<p>El minucioso trabajo de la pesquisa continu\u00f3 en 2024 y de esa manera finalmente<strong> el \u00faltimo pr\u00f3fugo fue capturado ahora en la ciudad de Perico<\/strong>\u00a0-distante a 33 kil\u00f3metros al sureste de la capital San Salvador de Jujuy-, con lo que <strong>la PSA dio por completadas \u201clas acciones contra esta organizaci\u00f3n delictiva\u201d.<\/strong><\/p>\n\n\n\n<p><a href=\"https:\/\/viapais.com.ar\/jujuy\/el-narcomenudeo-nos-esta-comiendo-en-perico-dijo-el-intendente-ficoseco\/\"><\/a><\/p>\n","protected":false},"excerpt":{"rendered":"<p>El sujeto escap\u00f3 varias veces, pero su suerte acab\u00f3: la Polic\u00eda de Seguridad Aeroportuaria lo atrap\u00f3 en Perico. Un hombre que se encontraba\u00a0pr\u00f3fugo de la Justicia argentina desde el a\u00f1o 2021, tras haber sido desbaratada la organizaci\u00f3n criminal a la que estaba asociado, fue finalmente\u00a0atrapado por efectivos de la Polic\u00eda de Seguridad Aeroportuaria (PSA) en [&hellip;]<\/p>\n","protected":false},"author":51,"featured_media":424518,"comment_status":"open","ping_status":"open","sticky":false,"template":"","format":"standard","meta":{"_stopmodifiedupdate":false,"_modified_date":"","inline_featured_image":false,"spay_email":"","jetpack_publicize_message":""},"categories":[3],"tags":[],"jetpack_featured_media_url":"https:\/\/notinor.com\/jujuy\/wp-content\/uploads\/2025\/03\/image-50.png","jetpack_publicize_connections":[],"_links":{"self":[{"href":"https:\/\/notinor.com\/jujuy\/wp-json\/wp\/v2\/posts\/424517"}],"collection":[{"href":"https:\/\/notinor.com\/jujuy\/wp-json\/wp\/v2\/posts"}],"about":[{"href":"https:\/\/notinor.com\/jujuy\/wp-json\/wp\/v2\/types\/post"}],"author":[{"embeddable":true,"href":"https:\/\/notinor.com\/jujuy\/wp-json\/wp\/v2\/users\/51"}],"replies":[{"embeddable":true,"href":"https:\/\/notinor.com\/jujuy\/wp-json\/wp\/v2\/comments?post=424517"}],"version-history":[{"count":1,"href":"https:\/\/notinor.com\/jujuy\/wp-json\/wp\/v2\/posts\/424517\/revisions"}],"predecessor-version":[{"id":424520,"href":"https:\/\/notinor.com\/jujuy\/wp-json\/wp\/v2\/posts\/424517\/revisions\/424520"}],"wp:featuredmedia":[{"embeddable":true,"href":"https:\/\/notinor.com\/jujuy\/wp-json\/wp\/v2\/media\/424518"}],"wp:attachment":[{"href":"https:\/\/notinor.com\/jujuy\/wp-json\/wp\/v2\/media?parent=424517"}],"wp:term":[{"taxonomy":"category","embeddable":true,"href":"https:\/\/notinor.com\/jujuy\/wp-json\/wp\/v2\/categories?post=424517"},{"taxonomy":"post_tag","embeddable":true,"href":"https:\/\/notinor.com\/jujuy\/wp-json\/wp\/v2\/tags?post=424517"}],"curies":[{"name":"wp","href":"https:\/\/api.w.org\/{rel}","templated":true}]}}