{"id":424483,"date":"2025-03-14T12:11:37","date_gmt":"2025-03-14T15:11:37","guid":{"rendered":"https:\/\/notinor.com\/jujuy\/?p=424483"},"modified":"2025-03-14T12:11:39","modified_gmt":"2025-03-14T15:11:39","slug":"milei-busca-recuperar-la-centralidad-de-la-agenda-y-se-mostrara-hoy-con-espert-para-impulsar-la-campana-en-pba","status":"publish","type":"post","link":"https:\/\/notinor.com\/jujuy\/milei-busca-recuperar-la-centralidad-de-la-agenda-y-se-mostrara-hoy-con-espert-para-impulsar-la-campana-en-pba\/","title":{"rendered":"Milei busca recuperar la centralidad de la agenda y se mostrar\u00e1 hoy con Espert para impulsar la campa\u00f1a en PBA"},"content":{"rendered":"\n<p class=\"has-medium-font-size\"><strong><em>El Presidente estar\u00e1 acompa\u00f1ado por el economista -quien se encamina a encabezar la lista de diputados en territorio bonaerense- cuando brinde su discurso en la Expoagro. La estrategia en el distrito y las negociaciones con el PRO.<\/em><\/strong><\/p>\n\n\n\n<p><\/p>\n\n\n<div class=\"wp-block-image\">\n<figure class=\"aligncenter size-full\"><img decoding=\"async\" loading=\"lazy\" width=\"800\" height=\"450\" src=\"https:\/\/notinor.com\/jujuy\/wp-content\/uploads\/2025\/03\/milei-y-espert.jpg\" alt=\"\" class=\"wp-image-424484\" srcset=\"https:\/\/notinor.com\/jujuy\/wp-content\/uploads\/2025\/03\/milei-y-espert.jpg 800w, https:\/\/notinor.com\/jujuy\/wp-content\/uploads\/2025\/03\/milei-y-espert-649x365.jpg 649w, https:\/\/notinor.com\/jujuy\/wp-content\/uploads\/2025\/03\/milei-y-espert-500x280.jpg 500w, https:\/\/notinor.com\/jujuy\/wp-content\/uploads\/2025\/03\/milei-y-espert-768x432.jpg 768w, https:\/\/notinor.com\/jujuy\/wp-content\/uploads\/2025\/03\/milei-y-espert-750x422.jpg 750w\" sizes=\"(max-width: 800px) 100vw, 800px\" \/><\/figure><\/div>\n\n\n<p><\/p>\n\n\n\n<p><strong>Luego de d\u00edas de inusual tensi\u00f3n para la Casa Rosada, que sufri\u00f3 reveses en el Congreso y a\u00fan no logra disipar del todo los coletazos del caso $Libra, el presidente Javier Milei se pondr\u00e1 al frente de un operativo para intentar recuperar la centralidad en la agenda pol\u00edtica.<\/strong> Aunque para la Casa Rosada los incidentes por la marcha de jubilados que estuvo contaminada con barras y militantes de Izquierda fueron una demostraci\u00f3n de que su pol\u00edtica de orden funciona -el Presidente respald\u00f3 a la ministra Patricia Bullrich-, el l\u00edder libertario y su entorno consideran que es momento de tomar la ofensiva y comenzar a enfocarse en el a\u00f1o electoral.<\/p>\n\n\n\n<p><strong>Por eso, el jefe de Estado se volver\u00e1 a mostrar este viernes junto a Jos\u00e9 Luis Espert para impulsar la campa\u00f1a de La Libertad Avanza en la provincia de Buenos Aires, un distrito clave del pa\u00eds<\/strong> donde el diputado podr\u00eda encabezar la boleta de candidatos por el oficialismo. El economista suena para encabezar la lista de diputados en el territorio bonaerense.<\/p>\n\n\n\n<p>En medio de las tensiones con el gobernador bonaerense, Axel Kicillof, el jefe de Estado estar\u00e1 a cargo del cierre de la Expoagro, que se lleva adelante en un predio del partido de San Nicol\u00e1s.<\/p>\n\n\n\n<p><strong>Al igual que ocurri\u00f3 el a\u00f1o pasado, el mandatario nacional lo har\u00e1 acompa\u00f1ado de \u201cEl profe\u201d, como llama en confianza al economista liberal, con quien tiene una relaci\u00f3n de larga data, con buenos y malos momentos.<\/strong><\/p>\n\n\n\n<p>Al comienzo de su carrera medi\u00e1tica, Milei sol\u00eda colaborar con el equipo pol\u00edtico de Espert e incluso particip\u00f3 de algunos actos del Frente Despertar, con el que compiti\u00f3 por la presidencia, que luego se llam\u00f3 Avanza Libertad.<\/p>\n\n\n\n<p><strong>Sin embargo, cuando el ahora l\u00edder de la Casa Rosada se postul\u00f3 al Congreso, lo hizo a trav\u00e9s de una coalici\u00f3n diferente, que bautiz\u00f3 como La Libertad Avanza, y los dos partidos llegaron a competir.<\/strong><\/p>\n\n\n\n<p>Una vez que asumi\u00f3 al frente del Poder Ejecutivo, Milei se volvi\u00f3 a acercar a Espert y hace unos meses el actual diputado se sum\u00f3 formalmente al bloque del oficialismo.<\/p>\n\n\n\n<p><strong>En mayo del 2024, \u201cEl Profe\u201d fue el invitado especial del Presidente en el acto que encabez\u00f3 en el Luna Park por la presentaci\u00f3n de su libro y tambi\u00e9n lo acompa\u00f1\u00f3 en la Expoagro de ese mismo a\u00f1o.<\/strong><\/p>\n\n\n\n<p>Ahora, ambos se mostrar\u00e1n nuevamente juntos en este evento que re\u00fane a los principales productores agropecuarios del pa\u00eds, en medio de las expectativas del sector sobre otra baja de las retenciones.<\/p>\n\n\n\n<p><strong>\u201cMa\u00f1ana en nuestra Provincia, el Presidente de la Naci\u00f3n, Javier Milei, y el diputado Jos\u00e9 Luis Espert estar\u00e1n presentes una vez m\u00e1s junto al campo en Expoagro. Con la fuerza de los productores y un Estado que los acompa\u00f1e y no que los estorbe, vamos a hacer grande a Buenos Aires de nuevo\u201d, <\/strong>confirm\u00f3 la cuenta de X de LLA bonaerense.<\/p>\n\n\n\n<p>En el lugar tambi\u00e9n estar\u00e1 otro dirigente de peso que en el \u00faltimo tiempo se sum\u00f3 al oficialismo y que est\u00e1 trabajando en el armado del partido a nivel local: el intendente de Tres de Febrero, Diego Valenzuela.<\/p>\n\n\n\n<p><strong>De hecho, el jefe municipal visit\u00f3 el jueves pasado la Casa Rosada para reunirse con el asesor presidencial, Santiago Caputo, y conversar sobre la situaci\u00f3n pol\u00edtica en la provincia.<\/strong><\/p>\n\n\n\n<p><strong>\u201cDado que habl\u00e9 con el Presidente, lo voy a acompa\u00f1ar en la charla que \u00e9l va a dar, as\u00ed que estar\u00e9 por all\u00e1. Ustedes saben lo que \u00e9l piensa, que es seguir haciendo este esfuerzo por la estabilidad, por la reactivaci\u00f3n y, en la medida que se consolide la reactivaci\u00f3n y el super\u00e1vit, bajar impuestos. \u00c9l ya le dijo al campo que las retenciones se van a ir, es una cuesti\u00f3n de tiempo y de que haya espacio fiscal para poder cumplir con eso, que ya lo empez\u00f3\u201d,<\/strong> sostuvo Valenzuela luego de ese encuentro.<\/p>\n\n\n\n<p>El dirigente, que responde pol\u00edticamente a la ministra de Seguridad, Patricia Bullrich, desde hace algunos meses viene trabajando en el armado libertario junto a Lucas \u201cSagaz\u201d Luna, una persona de confianza de Caputo.<\/p>\n\n\n\n<p><strong>La c\u00fapula del oficialismo sigue prepar\u00e1ndose para competir en soledad, aunque en algunos sectores, como es el caso de Valenzuela, aspiran a que el acuerdo con el PRO pueda darse finalmente.<\/strong><\/p>\n\n\n\n<p>Recientemente, el ex presidente Mauricio Macri apoy\u00f3 al Gobierno luego de la marcha de barras bravas que generaron fuertes disturbios y enfrentamientos con la Polic\u00eda, en la que algunos ancianos terminaron golpeados y un fot\u00f3grafo sufri\u00f3 muerte cerebral por el impacto de una granada de gas en la cabeza.<\/p>\n\n\n\n<p>El titular del partido de la oposici\u00f3n \u201cdialoguista\u201d habl\u00f3 en nombre del espacio que encabeza y repudi\u00f3 \u201cel ruin uso de la violencia y el desorden\u201d, que compar\u00f3 con la movilizaci\u00f3n del 2017 en contra de la reforma jubilatoria que \u00e9l quiso impulsar cuando era Gobierno, y que le gener\u00f3 \u201cun da\u00f1o inmenso\u201d a su administraci\u00f3n.<\/p>\n\n\n\n<p><strong>Sin embargo, d\u00edas atr\u00e1s Macri tambi\u00e9n hab\u00eda criticado a Milei por enviar a trav\u00e9s de un Decreto de Necesidad y Urgencia (DNU) -y no con un proyecto com\u00fan- el acuerdo con el Fondo Monetario Internacional (FMI).<\/strong><\/p>\n\n\n\n<p>As\u00ed las cosas, un sector de LLA considera que las elecciones en la ciudad de Buenos Aires, que se adelantaron para el 18 de mayo, podr\u00eda ser la encuesta que terminar\u00e1 de definir si hay o no acuerdo entre el PRO y el Gobierno, ya que hay quienes consideran que esos comicios \u201cvan a obligar a los referentes de ellos a decidir si siguen al macrismo o se unen a los libertarios\u201d.<\/p>\n","protected":false},"excerpt":{"rendered":"<p>El Presidente estar\u00e1 acompa\u00f1ado por el economista -quien se encamina a encabezar la lista de diputados en territorio bonaerense- cuando brinde su discurso en la Expoagro. La estrategia en el distrito y las negociaciones con el PRO. Luego de d\u00edas de inusual tensi\u00f3n para la Casa Rosada, que sufri\u00f3 reveses en el Congreso y a\u00fan [&hellip;]<\/p>\n","protected":false},"author":49,"featured_media":424484,"comment_status":"open","ping_status":"open","sticky":false,"template":"","format":"standard","meta":{"_stopmodifiedupdate":false,"_modified_date":"","inline_featured_image":false,"spay_email":"","jetpack_publicize_message":""},"categories":[2,501],"tags":[],"jetpack_featured_media_url":"https:\/\/notinor.com\/jujuy\/wp-content\/uploads\/2025\/03\/milei-y-espert.jpg","jetpack_publicize_connections":[],"_links":{"self":[{"href":"https:\/\/notinor.com\/jujuy\/wp-json\/wp\/v2\/posts\/424483"}],"collection":[{"href":"https:\/\/notinor.com\/jujuy\/wp-json\/wp\/v2\/posts"}],"about":[{"href":"https:\/\/notinor.com\/jujuy\/wp-json\/wp\/v2\/types\/post"}],"author":[{"embeddable":true,"href":"https:\/\/notinor.com\/jujuy\/wp-json\/wp\/v2\/users\/49"}],"replies":[{"embeddable":true,"href":"https:\/\/notinor.com\/jujuy\/wp-json\/wp\/v2\/comments?post=424483"}],"version-history":[{"count":1,"href":"https:\/\/notinor.com\/jujuy\/wp-json\/wp\/v2\/posts\/424483\/revisions"}],"predecessor-version":[{"id":424485,"href":"https:\/\/notinor.com\/jujuy\/wp-json\/wp\/v2\/posts\/424483\/revisions\/424485"}],"wp:featuredmedia":[{"embeddable":true,"href":"https:\/\/notinor.com\/jujuy\/wp-json\/wp\/v2\/media\/424484"}],"wp:attachment":[{"href":"https:\/\/notinor.com\/jujuy\/wp-json\/wp\/v2\/media?parent=424483"}],"wp:term":[{"taxonomy":"category","embeddable":true,"href":"https:\/\/notinor.com\/jujuy\/wp-json\/wp\/v2\/categories?post=424483"},{"taxonomy":"post_tag","embeddable":true,"href":"https:\/\/notinor.com\/jujuy\/wp-json\/wp\/v2\/tags?post=424483"}],"curies":[{"name":"wp","href":"https:\/\/api.w.org\/{rel}","templated":true}]}}