{"id":424480,"date":"2025-03-14T10:27:51","date_gmt":"2025-03-14T13:27:51","guid":{"rendered":"https:\/\/notinor.com\/jujuy\/?p=424480"},"modified":"2025-03-14T10:27:54","modified_gmt":"2025-03-14T13:27:54","slug":"la-jueza-que-libero-a-los-acusados-por-los-incidentes-en-el-congreso-dijo-que-priorizo-el-derecho-de-protesta","status":"publish","type":"post","link":"https:\/\/notinor.com\/jujuy\/la-jueza-que-libero-a-los-acusados-por-los-incidentes-en-el-congreso-dijo-que-priorizo-el-derecho-de-protesta\/","title":{"rendered":"La jueza que liber\u00f3 a los acusados por los incidentes en el Congreso dijo que prioriz\u00f3 el derecho de protesta"},"content":{"rendered":"\n<p class=\"has-medium-font-size\"><strong><em>Karina Andrade defendi\u00f3 la resoluci\u00f3n que provoc\u00f3 la reacci\u00f3n del gobierno nacional. Dijo que el fiscal y la Polic\u00eda no presentaron pruebas para defender los operativos y decidi\u00f3 garantizar los \u201cderechos constitucionales\u201d de las personas que fueron aprehendidas. \u201cNo fue una decisi\u00f3n trasnochada\u201d, dijo.<\/em><\/strong><\/p>\n\n\n\n<p><\/p>\n\n\n<div class=\"wp-block-image\">\n<figure class=\"aligncenter size-full\"><img decoding=\"async\" loading=\"lazy\" width=\"800\" height=\"450\" src=\"https:\/\/notinor.com\/jujuy\/wp-content\/uploads\/2025\/03\/jueza-karina-andrade.jpg\" alt=\"\" class=\"wp-image-424481\" srcset=\"https:\/\/notinor.com\/jujuy\/wp-content\/uploads\/2025\/03\/jueza-karina-andrade.jpg 800w, https:\/\/notinor.com\/jujuy\/wp-content\/uploads\/2025\/03\/jueza-karina-andrade-649x365.jpg 649w, https:\/\/notinor.com\/jujuy\/wp-content\/uploads\/2025\/03\/jueza-karina-andrade-500x280.jpg 500w, https:\/\/notinor.com\/jujuy\/wp-content\/uploads\/2025\/03\/jueza-karina-andrade-768x432.jpg 768w, https:\/\/notinor.com\/jujuy\/wp-content\/uploads\/2025\/03\/jueza-karina-andrade-750x422.jpg 750w\" sizes=\"(max-width: 800px) 100vw, 800px\" \/><\/figure><\/div>\n\n\n<p><\/p>\n\n\n\n<p>La jueza penal, contravencional y de faltas de la Ciudad de Buenos Aires, Karina Andrade, la magistrada que tom\u00f3 la decisi\u00f3n de liberar a los 114 detenidos por los incidentes en el Congreso durante la movilizaci\u00f3n por los jubilados, <strong>defendi\u00f3 su resoluci\u00f3n y asegur\u00f3 que no analiz\u00f3 los antecedentes penales de los sospechosos porque, en esa instancia, s\u00f3lo correspond\u00eda verificar si ten\u00edan vigente alg\u00fan pedido de captura.<\/strong><\/p>\n\n\n\n<p>Andrade, que fue criticada por el gobierno nacional, asegur\u00f3 en di\u00e1logo con la periodista Mar\u00eda O\u2019Donnell en Urbana Play: <strong>\u201cNo fue una decisi\u00f3n trasnochada, fue una decisi\u00f3n en el marco de priorizaci\u00f3n de derechos; el derecho a manifestarse\u201d.<\/strong><\/p>\n\n\n\n<p>La jueza sostuvo, adem\u00e1s, que la Polic\u00eda no entreg\u00f3 informaci\u00f3n precisa sobre las detenciones y se\u00f1al\u00f3 a la Fiscal\u00eda, porque no entreg\u00f3 pruebas ni pidi\u00f3 medidas en la causa en el marco de una causa que rige bajo el sistema acusatorio.<\/p>\n\n\n\n<p>Ayer, el jefe de Gobierno de la Ciudad, Jorge Macri, dijo que m\u00e1s de la mitad de los detenidos ten\u00eda graves antecedentes penales. En tanto, <strong>el jefe de Gabinete nacional, Guillermo Francos, cuestion\u00f3 la resoluci\u00f3n de Andrade y lament\u00f3 que la Justicia haya liberado en tiempo r\u00e9cord a la mayor\u00eda de las personas.<\/strong><\/p>\n\n\n\n<p><strong>\u201cDebe funcionar la aplicaci\u00f3n de la ley con m\u00e1s dureza y si detienen a 130 o 140 personas y a las pocas horas una jueza dice que estaban defendiendo derechos y los libera, es muy dif\u00edcil combatir la violencia organizada\u201d,<\/strong> sostuvo el funcionario nacional.<\/p>\n\n\n\n<p>En otro pasaje del reportaje, la magistrada se\u00f1al\u00f3: <strong>\u201cEn el momento del control de la detenci\u00f3n, lo que importa es el pedido de captura. Yo no estaba siendo informada de nada\u201d,<\/strong> e insisti\u00f3 en que, seg\u00fan su an\u00e1lisis, las detenciones se dieron en el marco de una movilizaci\u00f3n cuyo ejercicio est\u00e1 protegido por la Constituci\u00f3n Nacional. <strong>\u201cMi funci\u00f3n era el control de legalidad, que se respeten los derechos constitucionales\u201d,<\/strong> enfatiz\u00f3.<\/p>\n\n\n\n<p>\u201cEsto merec\u00eda una respuesta r\u00e1pida con los elementos que ten\u00eda, y no se cumpl\u00edan los requisitos b\u00e1sicos de informaci\u00f3n al juez\u201d, asegur\u00f3.<\/p>\n\n\n\n<p><strong>En cuanto a los manifestantes liberados, la jueza aclar\u00f3 que aquellos que portaban armas no fueron excarcelados, ya que esa situaci\u00f3n qued\u00f3 bajo una investigaci\u00f3n aparte.<\/strong> \u201cQuiz\u00e1 si lo sab\u00eda antes, hubiera pedido m\u00e1s elementos\u201d, admiti\u00f3.<\/p>\n\n\n\n<p>En los argumentos del fallo, la jueza Andrade plante\u00f3: <strong>\u201cA ra\u00edz del pedido de la defensa, he analizado la informaci\u00f3n que fue brindada y entiendo que respecto de las detenciones informadas se encuentra en juego un derecho constitucional fundamental como es el derecho a la protesta, a manifestarse en democracia y a la libertad de expresi\u00f3n, en un d\u00eda como hoy donde se convoca desde los sectores m\u00e1s vulnerables de nuestra Naci\u00f3n como son los adultos mayores protegidos convencionalmente, desde el Poder Judicial corresponde atender a ello especialmente\".<\/strong><\/p>\n\n\n\n<p>Por otro lado, se refiri\u00f3 a sus antecedentes y a las acusaciones que la vinculan con el kircherismo. \u201cNo quiero personalizar, pero cualquiera puede ver mi audiencia p\u00fablica. Expliqu\u00e9 mi trayectoria, de d\u00f3nde vengo. Soy una persona t\u00e9cnica, m\u00e1s all\u00e1 de los lugares en los que me ha tocado estar\u201d, afirm\u00f3.<\/p>\n\n\n\n<p><strong>Ayer, el gobierno nacional anunci\u00f3 que presentar\u00e1 una denuncia ante el Consejo de la Magistratura de la Ciudad de Buenos Aires contra la jueza Andrade, seg\u00fan lo confirm\u00f3 el ministro de Justicia, Mariano C\u00faneo Libarona, quien detall\u00f3 que la medida se basa en un \u201cposible incumplimiento de funciones\u201d por parte de la magistrada.<\/strong><\/p>\n","protected":false},"excerpt":{"rendered":"<p>Karina Andrade defendi\u00f3 la resoluci\u00f3n que provoc\u00f3 la reacci\u00f3n del gobierno nacional. Dijo que el fiscal y la Polic\u00eda no presentaron pruebas para defender los operativos y decidi\u00f3 garantizar los \u201cderechos constitucionales\u201d de las personas que fueron aprehendidas. \u201cNo fue una decisi\u00f3n trasnochada\u201d, dijo. La jueza penal, contravencional y de faltas de la Ciudad de [&hellip;]<\/p>\n","protected":false},"author":49,"featured_media":424481,"comment_status":"open","ping_status":"open","sticky":false,"template":"","format":"standard","meta":{"_stopmodifiedupdate":false,"_modified_date":"","inline_featured_image":false,"spay_email":"","jetpack_publicize_message":""},"categories":[2,5,501],"tags":[],"jetpack_featured_media_url":"https:\/\/notinor.com\/jujuy\/wp-content\/uploads\/2025\/03\/jueza-karina-andrade.jpg","jetpack_publicize_connections":[],"_links":{"self":[{"href":"https:\/\/notinor.com\/jujuy\/wp-json\/wp\/v2\/posts\/424480"}],"collection":[{"href":"https:\/\/notinor.com\/jujuy\/wp-json\/wp\/v2\/posts"}],"about":[{"href":"https:\/\/notinor.com\/jujuy\/wp-json\/wp\/v2\/types\/post"}],"author":[{"embeddable":true,"href":"https:\/\/notinor.com\/jujuy\/wp-json\/wp\/v2\/users\/49"}],"replies":[{"embeddable":true,"href":"https:\/\/notinor.com\/jujuy\/wp-json\/wp\/v2\/comments?post=424480"}],"version-history":[{"count":1,"href":"https:\/\/notinor.com\/jujuy\/wp-json\/wp\/v2\/posts\/424480\/revisions"}],"predecessor-version":[{"id":424482,"href":"https:\/\/notinor.com\/jujuy\/wp-json\/wp\/v2\/posts\/424480\/revisions\/424482"}],"wp:featuredmedia":[{"embeddable":true,"href":"https:\/\/notinor.com\/jujuy\/wp-json\/wp\/v2\/media\/424481"}],"wp:attachment":[{"href":"https:\/\/notinor.com\/jujuy\/wp-json\/wp\/v2\/media?parent=424480"}],"wp:term":[{"taxonomy":"category","embeddable":true,"href":"https:\/\/notinor.com\/jujuy\/wp-json\/wp\/v2\/categories?post=424480"},{"taxonomy":"post_tag","embeddable":true,"href":"https:\/\/notinor.com\/jujuy\/wp-json\/wp\/v2\/tags?post=424480"}],"curies":[{"name":"wp","href":"https:\/\/api.w.org\/{rel}","templated":true}]}}