{"id":424404,"date":"2025-03-12T16:18:39","date_gmt":"2025-03-12T19:18:39","guid":{"rendered":"https:\/\/notinor.com\/jujuy\/?p=424404"},"modified":"2025-03-12T16:18:40","modified_gmt":"2025-03-12T19:18:40","slug":"jujuy-crece-40-partidos-politicos-se-unen-para-continuar-el-rumbo-de-crecimiento","status":"publish","type":"post","link":"https:\/\/notinor.com\/jujuy\/jujuy-crece-40-partidos-politicos-se-unen-para-continuar-el-rumbo-de-crecimiento\/","title":{"rendered":"\u2018Jujuy Crece\u2019: 40 partidos pol\u00edticos se unen para continuar el rumbo de crecimiento"},"content":{"rendered":"\n<p class=\"has-medium-font-size\"><strong><em>La alianza buscar\u00e1 consolidar el rumbo marcado por la actual gesti\u00f3n provincial en las elecciones legislativas del 11 de mayo en Jujuy.<\/em><\/strong><\/p>\n\n\n<div class=\"wp-block-image\">\n<figure class=\"aligncenter size-large\"><img decoding=\"async\" loading=\"lazy\" width=\"638\" height=\"480\" src=\"https:\/\/notinor.com\/jujuy\/wp-content\/uploads\/2025\/03\/image-40-638x480.png\" alt=\"\" class=\"wp-image-424413\" srcset=\"https:\/\/notinor.com\/jujuy\/wp-content\/uploads\/2025\/03\/image-40-638x480.png 638w, https:\/\/notinor.com\/jujuy\/wp-content\/uploads\/2025\/03\/image-40-485x365.png 485w, https:\/\/notinor.com\/jujuy\/wp-content\/uploads\/2025\/03\/image-40-768x578.png 768w, https:\/\/notinor.com\/jujuy\/wp-content\/uploads\/2025\/03\/image-40-750x564.png 750w, https:\/\/notinor.com\/jujuy\/wp-content\/uploads\/2025\/03\/image-40.png 780w\" sizes=\"(max-width: 638px) 100vw, 638px\" \/><\/figure><\/div>\n\n\n<p><\/p>\n\n\n\n<p>\u2018Jujuy Crece\u2019 es el nombre del frente con el que <strong>cerca de 40 fuerzas pol\u00edticas se registraron como alianza<\/strong> que buscar\u00e1 consolidar <strong>el rumbo marcado por la actual gesti\u00f3n provincial en las elecciones legislativas<\/strong> del 11 de mayo en Jujuy.<\/p>\n\n\n\n<p>As\u00ed lo dieron a conocer los apoderados del <strong>Frente Jujuy Crece, Facundo Luna y Eduardo Enrique Vergara<\/strong>, quienes presentaron los libros y dem\u00e1s documentaci\u00f3n de la conformaci\u00f3n del frente ante el Juzgado Electoral Provincial, en cumplimiento del cronograma establecido para el proceso eleccionario.<\/p>\n\n\n\n<p>\u201cJujuy ha sabido, en los \u00faltimos a\u00f1os, <strong>configurarse generando recursos, produciendo en clave estrat\u00e9gica y sostenible,<\/strong> aportando a la industria nacional, a la diversificaci\u00f3n productiva y energ\u00e9tica que necesitamos, con equilibrio fiscal y sin dejar de dar respuesta a su gente\u201d, destac\u00f3 <strong>Jorge Rizzotti<\/strong>, presidente del Comit\u00e9 Provincia de la <strong>Uni\u00f3n C\u00edvica Radical (UCR)<\/strong> de Jujuy, uno de los partidos que convoc\u00f3 e integra el frente. <\/p>\n\n\n\n<p><\/p>\n\n\n<div class=\"wp-block-image\">\n<figure class=\"aligncenter size-large\"><img decoding=\"async\" loading=\"lazy\" width=\"391\" height=\"480\" src=\"https:\/\/notinor.com\/jujuy\/wp-content\/uploads\/2025\/03\/image-38-391x480.png\" alt=\"\" class=\"wp-image-424411\" srcset=\"https:\/\/notinor.com\/jujuy\/wp-content\/uploads\/2025\/03\/image-38-391x480.png 391w, https:\/\/notinor.com\/jujuy\/wp-content\/uploads\/2025\/03\/image-38-298x365.png 298w, https:\/\/notinor.com\/jujuy\/wp-content\/uploads\/2025\/03\/image-38.png 486w\" sizes=\"(max-width: 391px) 100vw, 391px\" \/><\/figure><\/div>\n\n\n<p><\/p>\n\n\n\n<p><\/p>\n\n\n\n<p>\u201cEl pueblo juje\u00f1o e<strong>s un pueblo de mucho trabajo y esfuerzo hist\u00f3ricos<\/strong>, y en los \u00faltimos a\u00f1os eso cuaj\u00f3 en pol\u00edticas que lo reconocen y desde el Estado la ponen en valor\u201d, sum\u00f3.<\/p>\n\n\n\n<p>\u201cEl rumbo que evidencia la gesti\u00f3n del gobernador Carlos Sadir, responsable en lo que hace a las cuentas del Estado y responsable tambi\u00e9n con el pueblo al que representa, es el rumbo por el que cerca de 40 partidos <strong>acordamos unirnos en un frente pol\u00edtico que signifique consolidar ese rumbo de crecimiento<\/strong>, de Jujuy como territorio y tambi\u00e9n de cada persona y familia juje\u00f1a, porque las cuentas realmente cierran cuando hay un pueblo que crece, con poblaciones que se desarrollan\u201d, continu\u00f3 Rizzotti. <\/p>\n\n\n\n<p>Y agreg\u00f3 que los partidos tienen \u201c<strong>la m\u00e1xima expectativa por el acompa\u00f1amiento a la actual gesti\u00f3n provincial<\/strong>, que, a pesar de la dif\u00edcil situaci\u00f3n de haberse cortado muchas partidas nacionales, ha sido capaz de <strong>sostener lo que su gente necesita,<\/strong> desde el incentivo docente al boleto estudiantil gratuito, los servicios de salud de calidad y tanto m\u00e1s que hace a la vida cotidiana de los juje\u00f1os\u201d.<\/p>\n\n\n\n<p><\/p>\n\n\n<div class=\"wp-block-image\">\n<figure class=\"aligncenter size-large\"><img decoding=\"async\" loading=\"lazy\" width=\"481\" height=\"480\" src=\"https:\/\/notinor.com\/jujuy\/wp-content\/uploads\/2025\/03\/image-41-481x480.png\" alt=\"\" class=\"wp-image-424414\" srcset=\"https:\/\/notinor.com\/jujuy\/wp-content\/uploads\/2025\/03\/image-41-481x480.png 481w, https:\/\/notinor.com\/jujuy\/wp-content\/uploads\/2025\/03\/image-41-366x365.png 366w, https:\/\/notinor.com\/jujuy\/wp-content\/uploads\/2025\/03\/image-41-75x75.png 75w, https:\/\/notinor.com\/jujuy\/wp-content\/uploads\/2025\/03\/image-41.png 586w\" sizes=\"(max-width: 481px) 100vw, 481px\" \/><\/figure><\/div>\n\n\n<p><\/p>\n\n\n\n<p>\u201cMuy poco, o, mejor dicho, muy pocos podr\u00edan crecer con calidad de vida digna en Jujuy sin la presencia del Estado\u201d, indic\u00f3 tambi\u00e9n Rizzotti y asegur\u00f3: \u201c<strong>Jujuy Crece viene a confirmar que al crecimiento lo pudimos hacer y lo seguiremos haciendo <\/strong>con pol\u00edticas serias y atentas al mundo actual y, sobre todo, a los juje\u00f1os\u201d.<\/p>\n","protected":false},"excerpt":{"rendered":"<p>La alianza buscar\u00e1 consolidar el rumbo marcado por la actual gesti\u00f3n provincial en las elecciones legislativas del 11 de mayo en Jujuy. \u2018Jujuy Crece\u2019 es el nombre del frente con el que cerca de 40 fuerzas pol\u00edticas se registraron como alianza que buscar\u00e1 consolidar el rumbo marcado por la actual gesti\u00f3n provincial en las elecciones [&hellip;]<\/p>\n","protected":false},"author":51,"featured_media":424413,"comment_status":"open","ping_status":"open","sticky":false,"template":"","format":"standard","meta":{"_stopmodifiedupdate":false,"_modified_date":"","inline_featured_image":false,"spay_email":"","jetpack_publicize_message":""},"categories":[2,501],"tags":[],"jetpack_featured_media_url":"https:\/\/notinor.com\/jujuy\/wp-content\/uploads\/2025\/03\/image-40.png","jetpack_publicize_connections":[],"_links":{"self":[{"href":"https:\/\/notinor.com\/jujuy\/wp-json\/wp\/v2\/posts\/424404"}],"collection":[{"href":"https:\/\/notinor.com\/jujuy\/wp-json\/wp\/v2\/posts"}],"about":[{"href":"https:\/\/notinor.com\/jujuy\/wp-json\/wp\/v2\/types\/post"}],"author":[{"embeddable":true,"href":"https:\/\/notinor.com\/jujuy\/wp-json\/wp\/v2\/users\/51"}],"replies":[{"embeddable":true,"href":"https:\/\/notinor.com\/jujuy\/wp-json\/wp\/v2\/comments?post=424404"}],"version-history":[{"count":1,"href":"https:\/\/notinor.com\/jujuy\/wp-json\/wp\/v2\/posts\/424404\/revisions"}],"predecessor-version":[{"id":424415,"href":"https:\/\/notinor.com\/jujuy\/wp-json\/wp\/v2\/posts\/424404\/revisions\/424415"}],"wp:featuredmedia":[{"embeddable":true,"href":"https:\/\/notinor.com\/jujuy\/wp-json\/wp\/v2\/media\/424413"}],"wp:attachment":[{"href":"https:\/\/notinor.com\/jujuy\/wp-json\/wp\/v2\/media?parent=424404"}],"wp:term":[{"taxonomy":"category","embeddable":true,"href":"https:\/\/notinor.com\/jujuy\/wp-json\/wp\/v2\/categories?post=424404"},{"taxonomy":"post_tag","embeddable":true,"href":"https:\/\/notinor.com\/jujuy\/wp-json\/wp\/v2\/tags?post=424404"}],"curies":[{"name":"wp","href":"https:\/\/api.w.org\/{rel}","templated":true}]}}