{"id":424401,"date":"2025-03-12T13:55:38","date_gmt":"2025-03-12T16:55:38","guid":{"rendered":"https:\/\/notinor.com\/jujuy\/?p=424401"},"modified":"2025-03-12T13:55:40","modified_gmt":"2025-03-12T16:55:40","slug":"jujuy-afina-su-estrategia-de-prevision-y-abordaje-de-lluvias-intensas","status":"publish","type":"post","link":"https:\/\/notinor.com\/jujuy\/jujuy-afina-su-estrategia-de-prevision-y-abordaje-de-lluvias-intensas\/","title":{"rendered":"Jujuy afina su estrategia de previsi\u00f3n y abordaje de lluvias intensas"},"content":{"rendered":"\n<p class=\"has-medium-font-size\"><strong><em>Jujuy enfrenta lluvias que evidencian un nuevo escenario a abordar, y agiliza acciones para dar respuesta desde H\u00eddricos y otros organismos.<\/em><\/strong><\/p>\n\n\n<div class=\"wp-block-image\">\n<figure class=\"aligncenter is-resized\"><img decoding=\"async\" loading=\"lazy\" src=\"https:\/\/media.prensa.jujuy.gob.ar\/p\/4348e520989ecee46d34062f1bd159ce\/adjuntos\/301\/imagenes\/000\/408\/0000408812\/1200x0\/smart\/guillermo-sadirjpeg.jpeg\" alt=\"Jujuy afina su estrategia de previsi\u00f3n y abordaje de lluvias intensas\" width=\"840\" height=\"672\" title=\"Jujuy afina su estrategia de previsi\u00f3n y abordaje de lluvias intensas\"\/><figcaption class=\"wp-element-caption\">Guillermo Sadir Director Provincial de Recursos H\u00eddricos<\/figcaption><\/figure><\/div>\n\n\n<p><strong>Ante las fuertes lluvias que acontecen en\u00a0Jujuy, el gobernador Carlos Sadir, emiti\u00f3 un decreto de emergencia h\u00eddrica<\/strong> que faculta a la <strong>Direcci\u00f3n Provincial de Recursos H\u00eddricos (DPRH<\/strong>),<strong>Agua Potable S. E\u00a0<\/strong>y la\u00a0<strong>Direcci\u00f3n Provincial de Vialidad<\/strong>\u00a0(DPV), \u00e1reas de la \u00f3rbita del Ministerio de Infraestructura, Servicios P\u00fablicos Tierra y Vivienda (MISPTyV), a contratar maquinaria vial por v\u00eda directa en pos de\u00a0<strong>agilizar la respuesta ante las emergencias del nuevo contexto<\/strong>.<\/p>\n\n\n\n<p><strong>H\u00eddricos: trabajo constante y la previsi\u00f3n de un nuevo escenario<\/strong><\/p>\n\n\n\n<p>La DPRH redobla esfuerzos para mitigar los impactos ya que, si bien las obras de protecci\u00f3n h\u00eddrica que se ejecutan durante todo el a\u00f1o lograron un impacto sin p\u00e9rdidas tr\u00e1gicas, esta temporada las lluvias superaron todo posible nivel previsto.&nbsp;<strong>Guillermo Sadir<\/strong>, director provincial de Recursos H\u00eddricos, explic\u00f3 que \u201cla situaci\u00f3n en el comportamiento de los r\u00edos en general se complejiza m\u00e1s cada a\u00f1o, dejando un trabajo mayor que el del a\u00f1o anterior\u201d; \u201csi lo enmarcamos en el cambio clim\u00e1tico, podemos anticipar que \u00e9sta es la nueva magnitud de lluvias que, de ahora en m\u00e1s, acontecer\u00e1 en la provincia\u201d.<\/p>\n\n\n\n<p>El funcionario detall\u00f3 que \"<strong>los acumulados anuales que antes estaban previstos en varios periodos se concentran en dos o tres precipitaciones intensas, lo que sobrepasa la capacidad de los cauces de desag\u00fces que soportan un cierto volumen de agua y sedimento<\/strong>\".<\/p>\n\n\n\n<p>Sadir analiz\u00f3: \u201cest\u00e1 lloviendo m\u00e1s en menos tiempo, y la situaci\u00f3n es de consideraci\u00f3n en cuanto a lo que hay que invertir por temporada, no s\u00f3lo para restablecer la situaci\u00f3n anterior a las lluvias, sino esperar a las pr\u00f3ximas\u201d.&nbsp;<\/p>\n\n\n\n<p>En cuanto a los trabajos ejecutados, el titular de H\u00eddricos se\u00f1al\u00f3 que \u201c<strong>las obras de protecci\u00f3n, como gaviones y defensas, est\u00e1n dise\u00f1adas para soportar un volumen determinado de agua y el paso de las crecidas rompe o desarma estas estructuras, lo que luego debemos a reponer, enderezar y aumentar<\/strong>\u201d; \u201c<strong>as\u00ed funcionan los trabajos de sistematizaci\u00f3n de cuencas que se ejecutan de forma permanente en la provincia<\/strong>\u201d, aclar\u00f3, \u201cy&nbsp;<strong>a\u00fan as\u00ed hoy podemos observar que el abordaje que viene tras eso es cada vez mayor<\/strong>\u201d, sum\u00f3.&nbsp;<\/p>\n\n\n\n<p>El funcionario destac\u00f3 asimismo el&nbsp;<strong>trabajo en conjunto con Agua Potable y la Direcci\u00f3n Provincial de Vialidad<\/strong>: \u201cestablecemos prioridades al tiempo que optimizamos el uso de los recursos, y ahora, con el decreto que el gobernador emiti\u00f3, muy importante para esta emergencia h\u00eddrica, podremos complementar los trabajos que ya se hacen en desag\u00fces y cauces\u201d. \u201cEs un paso importante para dar una respuesta inmediata a los puntos cr\u00edticos en un contexto de nuevas magnitudes de los fen\u00f3menos clim\u00e1ticos\u201d, concluy\u00f3.<\/p>\n","protected":false},"excerpt":{"rendered":"<p>Jujuy enfrenta lluvias que evidencian un nuevo escenario a abordar, y agiliza acciones para dar respuesta desde H\u00eddricos y otros organismos. Ante las fuertes lluvias que acontecen en\u00a0Jujuy, el gobernador Carlos Sadir, emiti\u00f3 un decreto de emergencia h\u00eddrica que faculta a la Direcci\u00f3n Provincial de Recursos H\u00eddricos (DPRH),Agua Potable S. E\u00a0y la\u00a0Direcci\u00f3n Provincial de Vialidad\u00a0(DPV), [&hellip;]<\/p>\n","protected":false},"author":5,"featured_media":424402,"comment_status":"open","ping_status":"open","sticky":false,"template":"","format":"standard","meta":{"_stopmodifiedupdate":false,"_modified_date":"","inline_featured_image":false,"spay_email":"","jetpack_publicize_message":""},"categories":[2],"tags":[],"jetpack_featured_media_url":"https:\/\/notinor.com\/jujuy\/wp-content\/uploads\/2025\/03\/DIRECTOR.jpg","jetpack_publicize_connections":[],"_links":{"self":[{"href":"https:\/\/notinor.com\/jujuy\/wp-json\/wp\/v2\/posts\/424401"}],"collection":[{"href":"https:\/\/notinor.com\/jujuy\/wp-json\/wp\/v2\/posts"}],"about":[{"href":"https:\/\/notinor.com\/jujuy\/wp-json\/wp\/v2\/types\/post"}],"author":[{"embeddable":true,"href":"https:\/\/notinor.com\/jujuy\/wp-json\/wp\/v2\/users\/5"}],"replies":[{"embeddable":true,"href":"https:\/\/notinor.com\/jujuy\/wp-json\/wp\/v2\/comments?post=424401"}],"version-history":[{"count":1,"href":"https:\/\/notinor.com\/jujuy\/wp-json\/wp\/v2\/posts\/424401\/revisions"}],"predecessor-version":[{"id":424403,"href":"https:\/\/notinor.com\/jujuy\/wp-json\/wp\/v2\/posts\/424401\/revisions\/424403"}],"wp:featuredmedia":[{"embeddable":true,"href":"https:\/\/notinor.com\/jujuy\/wp-json\/wp\/v2\/media\/424402"}],"wp:attachment":[{"href":"https:\/\/notinor.com\/jujuy\/wp-json\/wp\/v2\/media?parent=424401"}],"wp:term":[{"taxonomy":"category","embeddable":true,"href":"https:\/\/notinor.com\/jujuy\/wp-json\/wp\/v2\/categories?post=424401"},{"taxonomy":"post_tag","embeddable":true,"href":"https:\/\/notinor.com\/jujuy\/wp-json\/wp\/v2\/tags?post=424401"}],"curies":[{"name":"wp","href":"https:\/\/api.w.org\/{rel}","templated":true}]}}