{"id":424396,"date":"2025-03-12T13:39:24","date_gmt":"2025-03-12T16:39:24","guid":{"rendered":"https:\/\/notinor.com\/jujuy\/?p=424396"},"modified":"2025-03-12T16:07:23","modified_gmt":"2025-03-12T19:07:23","slug":"sadir-acordo-con-paranair-sostener-el-servicio-aereo-jujuy-asuncion-hasta-2026","status":"publish","type":"post","link":"https:\/\/notinor.com\/jujuy\/sadir-acordo-con-paranair-sostener-el-servicio-aereo-jujuy-asuncion-hasta-2026\/","title":{"rendered":"Paranair sostendr\u00e1 los vuelos entre Jujuy y Asunci\u00f3n hasta 2026, tras el acuerdo que cerr\u00f3 Sadir"},"content":{"rendered":"\n<p class=\"has-medium-font-size\"><em><strong>El gobernador de la provincia renov\u00f3 por m\u00e1s de un a\u00f1o con la compa\u00f1\u00eda el servicio aerocomercial que cubre la ruta Jujuy-Asunci\u00f3n del Paraguay<\/strong>.<\/em><\/p>\n\n\n<div class=\"wp-block-image\">\n<figure class=\"aligncenter is-resized\"><img decoding=\"async\" loading=\"lazy\" src=\"https:\/\/media.prensa.jujuy.gob.ar\/p\/d80b994091f5ad442745783b86bbf06a\/adjuntos\/301\/imagenes\/000\/408\/0000408811\/1200x0\/smart\/whatsapp-image-2025-03-11-at-205753jpeg.jpeg\" alt=\"Sadir acord\u00f3 con Paranair sostener el servicio a\u00e9reo Jujuy-Asunci\u00f3n hasta 2026\" width=\"903\" height=\"568\" title=\"Sadir acord\u00f3 con Paranair sostener el servicio a\u00e9reo Jujuy-Asunci\u00f3n hasta 2026\"\/><\/figure><\/div>\n\n\n<p><\/p>\n\n\n\n<p><strong>Paranair sostendr\u00e1 los vuelos entre Jujuy y Asunci\u00f3n hasta 2026<\/strong>, tras el acuerdo que cerr\u00f3 el gobernador de la provincia, <strong>Carlos Sadir<\/strong>.<\/p>\n\n\n\n<p><strong>Se estableci\u00f3 la continuidad de las prestaciones hasta mayo de 2026<\/strong>. <strong>Estos vuelos comenzaron en noviembre de 2024<\/strong> e inicialmente el plan de operaciones estaba contemplado hasta abril pr\u00f3ximo.<\/p>\n\n\n\n<p><\/p>\n\n\n<div class=\"wp-block-image\">\n<figure class=\"aligncenter size-large\"><img decoding=\"async\" loading=\"lazy\" width=\"835\" height=\"480\" src=\"https:\/\/notinor.com\/jujuy\/wp-content\/uploads\/2025\/03\/image-37-835x480.png\" alt=\"\" class=\"wp-image-424407\" srcset=\"https:\/\/notinor.com\/jujuy\/wp-content\/uploads\/2025\/03\/image-37-835x480.png 835w, https:\/\/notinor.com\/jujuy\/wp-content\/uploads\/2025\/03\/image-37-635x365.png 635w, https:\/\/notinor.com\/jujuy\/wp-content\/uploads\/2025\/03\/image-37-768x441.png 768w, https:\/\/notinor.com\/jujuy\/wp-content\/uploads\/2025\/03\/image-37-750x431.png 750w, https:\/\/notinor.com\/jujuy\/wp-content\/uploads\/2025\/03\/image-37.png 1044w\" sizes=\"(max-width: 835px) 100vw, 835px\" \/><\/figure><\/div>\n\n\n<p><\/p>\n\n\n\n<p>A tal efecto, Sadir mantuvo un encuentro con ejecutivos de Paranair en la Casa de Jujuy en la Ciudad de Buenos Aires, donde tambi\u00e9n estuvieron presentes el ministro de Cultura y Turismo de la provincia, <strong>Federico Posadas<\/strong>; y el secretario de Turismo, <strong>Diego Valdecantos<\/strong>; entre otros. <\/p>\n\n\n\n<p>En ese sentido, se acord\u00f3 extender por m\u00e1s de un a\u00f1o los vuelos que <strong>conectan Jujuy y Asunci\u00f3n dos veces por semana<\/strong>, los d\u00edas jueves y domingos.<\/p>\n\n\n\n<p><strong>San Salvador de Jujuy<\/strong>\u00a0<strong>es el tercer destino de\u00a0Paranair\u00a0en la Argentina<\/strong>\u00a0despu\u00e9s de\u00a0<strong>Buenos Aires<\/strong>\u00a0(que sirve con 14 vuelos semanales en\u00a0Aeroparque) y\u00a0<strong>C\u00f3rdoba<\/strong>\u00a0(con cuatro vuelos semanales). En todos los casos lo hace con sus aeronaves\u00a0CRJ200.<\/p>\n\n\n\n<p>El acuerdo se da en un contexto en el que <strong>la demanda de pasajes experimenta un permanente crecimiento<\/strong> y ahora se encamina a consolidar el flujo de pasajeros.<\/p>\n","protected":false},"excerpt":{"rendered":"<p>El gobernador de la provincia renov\u00f3 por m\u00e1s de un a\u00f1o con la compa\u00f1\u00eda el servicio aerocomercial que cubre la ruta Jujuy-Asunci\u00f3n del Paraguay. Paranair sostendr\u00e1 los vuelos entre Jujuy y Asunci\u00f3n hasta 2026, tras el acuerdo que cerr\u00f3 el gobernador de la provincia, Carlos Sadir. Se estableci\u00f3 la continuidad de las prestaciones hasta mayo [&hellip;]<\/p>\n","protected":false},"author":5,"featured_media":424399,"comment_status":"open","ping_status":"open","sticky":false,"template":"","format":"standard","meta":{"_stopmodifiedupdate":false,"_modified_date":"","inline_featured_image":false,"spay_email":"","jetpack_publicize_message":""},"categories":[2,676,1158,832],"tags":[],"jetpack_featured_media_url":"https:\/\/notinor.com\/jujuy\/wp-content\/uploads\/2025\/03\/SADIR.jpg","jetpack_publicize_connections":[],"_links":{"self":[{"href":"https:\/\/notinor.com\/jujuy\/wp-json\/wp\/v2\/posts\/424396"}],"collection":[{"href":"https:\/\/notinor.com\/jujuy\/wp-json\/wp\/v2\/posts"}],"about":[{"href":"https:\/\/notinor.com\/jujuy\/wp-json\/wp\/v2\/types\/post"}],"author":[{"embeddable":true,"href":"https:\/\/notinor.com\/jujuy\/wp-json\/wp\/v2\/users\/5"}],"replies":[{"embeddable":true,"href":"https:\/\/notinor.com\/jujuy\/wp-json\/wp\/v2\/comments?post=424396"}],"version-history":[{"count":4,"href":"https:\/\/notinor.com\/jujuy\/wp-json\/wp\/v2\/posts\/424396\/revisions"}],"predecessor-version":[{"id":424410,"href":"https:\/\/notinor.com\/jujuy\/wp-json\/wp\/v2\/posts\/424396\/revisions\/424410"}],"wp:featuredmedia":[{"embeddable":true,"href":"https:\/\/notinor.com\/jujuy\/wp-json\/wp\/v2\/media\/424399"}],"wp:attachment":[{"href":"https:\/\/notinor.com\/jujuy\/wp-json\/wp\/v2\/media?parent=424396"}],"wp:term":[{"taxonomy":"category","embeddable":true,"href":"https:\/\/notinor.com\/jujuy\/wp-json\/wp\/v2\/categories?post=424396"},{"taxonomy":"post_tag","embeddable":true,"href":"https:\/\/notinor.com\/jujuy\/wp-json\/wp\/v2\/tags?post=424396"}],"curies":[{"name":"wp","href":"https:\/\/api.w.org\/{rel}","templated":true}]}}