{"id":424359,"date":"2025-03-11T21:25:00","date_gmt":"2025-03-12T00:25:00","guid":{"rendered":"https:\/\/notinor.com\/jujuy\/?p=424359"},"modified":"2025-03-11T09:25:56","modified_gmt":"2025-03-11T09:25:56","slug":"lisandro-aguiar-un-discurso-muy-realista-que-abordo-todas-las-tematicas-y-problematicas-de-la-ciudad","status":"publish","type":"post","link":"https:\/\/notinor.com\/jujuy\/lisandro-aguiar-un-discurso-muy-realista-que-abordo-todas-las-tematicas-y-problematicas-de-la-ciudad\/","title":{"rendered":"Lisandro Aguiar: \"Un discurso muy realista que abord\u00f3 todas las tem\u00e1ticas y problematicas de la Ciudad\""},"content":{"rendered":"\n<p class=\"has-text-align-center\">El presidente del Concejo Deliberante de San Salvador de Jujuy, Lisandro Aguiar, resalt\u00f3 el discurso de Ra\u00fal \"Chuli\" Jorge, en el marco de la inauguraci\u00f3n del per\u00edodo de sesiones ordinarias, destacando \"un discurso muy realista que abord\u00f3 todas las tem\u00e1ticas y problem\u00e1ticas de la ciudad, los logros que se han tenido a lo largo de estos a\u00f1os, proyectos y programas hacia futuro. La posibilidad de debatir la Ciudad que queremos a trav\u00e9s de la modificaci\u00f3n del C\u00f3digo de Planeamiento Urbano, proyectos de envergadura como la construcci\u00f3n de 5 nuevos puentes sobre el R\u00edo Xibi- Xibi y el R\u00edo Grande\".<\/p>\n\n\n<div class=\"wp-block-image\">\n<figure class=\"aligncenter size-full\"><img decoding=\"async\" loading=\"lazy\" width=\"795\" height=\"447\" src=\"https:\/\/notinor.com\/jujuy\/wp-content\/uploads\/2025\/03\/APERTURA-2.jpg\" alt=\"\" class=\"wp-image-424361\" srcset=\"https:\/\/notinor.com\/jujuy\/wp-content\/uploads\/2025\/03\/APERTURA-2.jpg 795w, https:\/\/notinor.com\/jujuy\/wp-content\/uploads\/2025\/03\/APERTURA-2-649x365.jpg 649w, https:\/\/notinor.com\/jujuy\/wp-content\/uploads\/2025\/03\/APERTURA-2-500x280.jpg 500w, https:\/\/notinor.com\/jujuy\/wp-content\/uploads\/2025\/03\/APERTURA-2-768x432.jpg 768w, https:\/\/notinor.com\/jujuy\/wp-content\/uploads\/2025\/03\/APERTURA-2-750x422.jpg 750w\" sizes=\"(max-width: 795px) 100vw, 795px\" \/><figcaption class=\"wp-element-caption\">Ra\u00fal \"Chuli\" Jorge,  discurso apertura de Sesiones Ordinarias<\/figcaption><\/figure><\/div>\n\n\n<p>&nbsp;\"Tambi\u00e9n anuncios- continu\u00f3 Aguiar- que tienen que ver con las problem\u00e1ticas de la ciudad, el cambio clim\u00e1tico, el estado de la red vial. La voluntad y la necesidad de seguir trabajando con distintos sectores del municipio, con el apoyo del Gobierno de la provincia en obras de repavimento y pavimento. Realmente fueron anunciadas muchas obras, es muy importante para todos los vecinos de San Salvador de Jujuy\".<\/p>\n\n\n\n<p>M\u00e1s adelante, el edil radical a\u00f1adi\u00f3: \"La tem\u00e1tica del transporte tampoco estuvo ausente, la verdad que ha sido un a\u00f1o muy complejo, donde se han quitado absolutamente todos los subsidios nacionales de un d\u00eda para el otro, y esto dificult\u00f3 much\u00edsimo todo lo que es la estructura econ\u00f3mica financiera, pero el anuncio de ver una luz en el horizonte y ver que nuevas unidades 0km se incorporen al parque de la ciudad es muy importante y ojal\u00e1 sigamos ese camino\".<\/p>\n\n\n\n<p>Por \u00faltimo, Lisandro Aguiar felicit\u00f3 al Intendente por estos a\u00f1os de gesti\u00f3n, y agradeci\u00f3 a todo el personal del Concejo Deliberante por \"siempre estar dispuestos para poder llevar a cabo toda esta tarea tan importante\".<\/p>\n\n\n\n<p>Por su parte, el concejal Leandro Giubergia, manifest\u00f3 \"fue un discurso muy importante, &nbsp;comentando c\u00f3mo ha sido este a\u00f1o dif\u00edcil que tuvimos que atravesar durante el 2024 con el cambio del Gobierno nacional, donde hubo muchas obras que se paralizaron y que, con recursos propios, agudizando el ingenio, viendo c\u00f3mo se pudo terminar muchas de ellas\". Y continu\u00f3: \"Tambi\u00e9n brindando el estado de situaci\u00f3n del municipio, de c\u00f3mo estamos en el control de los gastos, en poder hacer las obras y llevar los servicios a los barrios. Prueba de ello es todo lo que&nbsp; habl\u00f3, todos los programas que se van dando con m\u00e1s de 2500 \u00e1rboles plantados que son especies nativas de la zona, incluso con todos los proyectos que se van generando y todo lo que significaron los multiespacios para la ciudadan\u00eda, tener lugares de recreaci\u00f3n, reencuentros y participaci\u00f3n\".<\/p>\n\n\n\n<p>A su turno, la concejala Liliana Gim\u00e9nez, resalt\u00f3 que lo que m\u00e1s le interesa trabajar este a\u00f1o es la modificaci\u00f3n de los c\u00f3digos de edificaci\u00f3n y ordenamiento territorial: \"Esto es algo que nosotros desde mi banca lo venimos planteando hace un tiempo, es muy necesario e imprescindible cambiar el c\u00f3digo en torno a la densificaci\u00f3n de las \u00e1reas. O sea, el territorio de San Salvador de Jujuy ya no da para seguir creciendo en viviendas de baja altura, hoy se hace imperioso levantar por lo menos seis o siete pisos en \u00e1reas donde tengan los servicios disponibles obviamente, y eso ayuda a crear otras centralidades que es otra de las cosas que se plantean, es sacar gente del centro y sacar actividades del centro\".<\/p>\n\n\n\n<p>El concejal Guillermo Alem\u00e1n expres\u00f3: \"Estuvimos escuchando muy atentamente el discurso del Intendente, desde mi visi\u00f3n personal se dijo muy poco, hubo mayor \u00e9nfasis en los anuncios de las obras que se har\u00edan que en lo que efectivamente se logr\u00f3 hacer. En cuanto a la situaci\u00f3n del transporte me sorprendi\u00f3 que se hable de 24 unidades nuevas, cuando sabemos el mal estado en el que est\u00e1n las unidades de servicio urbano de pasajeros\". Y continu\u00f3: \"Nosotros creemos que debe llevarse un plan de obras p\u00fablicas y que deber\u00eda contar con una importante participaci\u00f3n popular de los vecinos y trabajadores para discutir las prioridades, porque la situaci\u00f3n de los barrios es muy mala y las lluvias dejan al descubierto la precariedad de la infraestructura de la ciudad\".&nbsp;<\/p>\n\n\n\n<p>Mientras que la concejala Melisa Silva, remarc\u00f3: \"Muy contenta de escuchar que se concretaron muchas de las pol\u00edticas que llevamos a cabo desde el Concejo, la verdad que bastante amplia la mirada que tuvo el Intendente a la hora de brindarnos su informe de gesti\u00f3n, resaltar tambi\u00e9n el \u00faltimo mensaje que emiti\u00f3 de que este a\u00f1o, a pesar de ser un a\u00f1o electoral, no nos llevemos tan mal, sino que tratemos de coordinar, consensuar y trabajar en conjunto, en beneficio de la ciudadan\u00eda. Me gust\u00f3 mucho la mirada que tiene acerca de las emergencias clim\u00e1ticas y del cuidado del ambiente, as\u00ed que contenta de haberlo escuchado y con muchas expectativas para trabajar este a\u00f1o sobre todo en las comisiones que me toca que son Medio Ambiente y G\u00e9nero\".&nbsp;<\/p>\n","protected":false},"excerpt":{"rendered":"<p>El presidente del Concejo Deliberante de San Salvador de Jujuy, Lisandro Aguiar, resalt\u00f3 el discurso de Ra\u00fal \"Chuli\" Jorge, en el marco de la inauguraci\u00f3n del per\u00edodo de sesiones ordinarias, destacando \"un discurso muy realista que abord\u00f3 todas las tem\u00e1ticas y problem\u00e1ticas de la ciudad, los logros que se han tenido a lo largo de [&hellip;]<\/p>\n","protected":false},"author":5,"featured_media":424360,"comment_status":"open","ping_status":"open","sticky":false,"template":"","format":"standard","meta":{"_stopmodifiedupdate":false,"_modified_date":"","inline_featured_image":false,"spay_email":"","jetpack_publicize_message":""},"categories":[514],"tags":[],"jetpack_featured_media_url":"https:\/\/notinor.com\/jujuy\/wp-content\/uploads\/2025\/03\/APERTURA-1.jpg","jetpack_publicize_connections":[],"_links":{"self":[{"href":"https:\/\/notinor.com\/jujuy\/wp-json\/wp\/v2\/posts\/424359"}],"collection":[{"href":"https:\/\/notinor.com\/jujuy\/wp-json\/wp\/v2\/posts"}],"about":[{"href":"https:\/\/notinor.com\/jujuy\/wp-json\/wp\/v2\/types\/post"}],"author":[{"embeddable":true,"href":"https:\/\/notinor.com\/jujuy\/wp-json\/wp\/v2\/users\/5"}],"replies":[{"embeddable":true,"href":"https:\/\/notinor.com\/jujuy\/wp-json\/wp\/v2\/comments?post=424359"}],"version-history":[{"count":1,"href":"https:\/\/notinor.com\/jujuy\/wp-json\/wp\/v2\/posts\/424359\/revisions"}],"predecessor-version":[{"id":424362,"href":"https:\/\/notinor.com\/jujuy\/wp-json\/wp\/v2\/posts\/424359\/revisions\/424362"}],"wp:featuredmedia":[{"embeddable":true,"href":"https:\/\/notinor.com\/jujuy\/wp-json\/wp\/v2\/media\/424360"}],"wp:attachment":[{"href":"https:\/\/notinor.com\/jujuy\/wp-json\/wp\/v2\/media?parent=424359"}],"wp:term":[{"taxonomy":"category","embeddable":true,"href":"https:\/\/notinor.com\/jujuy\/wp-json\/wp\/v2\/categories?post=424359"},{"taxonomy":"post_tag","embeddable":true,"href":"https:\/\/notinor.com\/jujuy\/wp-json\/wp\/v2\/tags?post=424359"}],"curies":[{"name":"wp","href":"https:\/\/api.w.org\/{rel}","templated":true}]}}