{"id":424244,"date":"2025-03-09T23:52:15","date_gmt":"2025-03-10T02:52:15","guid":{"rendered":"https:\/\/notinor.com\/jujuy\/?p=424244"},"modified":"2025-03-09T23:52:18","modified_gmt":"2025-03-10T02:52:18","slug":"se-suspenden-las-clases-este-lunes-en-san-salvador-de-jujuy-y-palpala-por-la-falta-de-agua","status":"publish","type":"post","link":"https:\/\/notinor.com\/jujuy\/se-suspenden-las-clases-este-lunes-en-san-salvador-de-jujuy-y-palpala-por-la-falta-de-agua\/","title":{"rendered":"Se suspenden las clases este lunes en San Salvador de Jujuy y Palpal\u00e1 por la falta de agua"},"content":{"rendered":"\n<p class=\"has-medium-font-size\"><strong><em>El Ministerio de Educaci\u00f3n, a trav\u00e9s de la secretar\u00eda de Gesti\u00f3n Educativa informa que, debido a la falta en el restablecimiento del suministro de agua potable en varios sectores de San Salvador y Palpal\u00e1, las actividades educativas quedar\u00e1n suspendidas durante la jornada de ma\u00f1ana, 10 de marzo.<\/em><\/strong><\/p>\n\n\n\n<p><\/p>\n\n\n<div class=\"wp-block-image\">\n<figure class=\"aligncenter size-full\"><img decoding=\"async\" loading=\"lazy\" width=\"800\" height=\"450\" src=\"https:\/\/notinor.com\/jujuy\/wp-content\/uploads\/2023\/11\/aula-vacia.jpg\" alt=\"\" class=\"wp-image-395998\" srcset=\"https:\/\/notinor.com\/jujuy\/wp-content\/uploads\/2023\/11\/aula-vacia.jpg 800w, https:\/\/notinor.com\/jujuy\/wp-content\/uploads\/2023\/11\/aula-vacia-649x365.jpg 649w, https:\/\/notinor.com\/jujuy\/wp-content\/uploads\/2023\/11\/aula-vacia-500x280.jpg 500w, https:\/\/notinor.com\/jujuy\/wp-content\/uploads\/2023\/11\/aula-vacia-768x432.jpg 768w, https:\/\/notinor.com\/jujuy\/wp-content\/uploads\/2023\/11\/aula-vacia-750x422.jpg 750w\" sizes=\"(max-width: 800px) 100vw, 800px\" \/><\/figure><\/div>\n\n\n<p><\/p>\n\n\n\n<p>La disposici\u00f3n abarca tanto a las actividades escolares como administrativas, en establecimientos educativos p\u00fablicos de gesti\u00f3n estatal y privada.<\/p>\n","protected":false},"excerpt":{"rendered":"<p>El Ministerio de Educaci\u00f3n, a trav\u00e9s de la secretar\u00eda de Gesti\u00f3n Educativa informa que, debido a la falta en el restablecimiento del suministro de agua potable en varios sectores de San Salvador y Palpal\u00e1, las actividades educativas quedar\u00e1n suspendidas durante la jornada de ma\u00f1ana, 10 de marzo. La disposici\u00f3n abarca tanto a las actividades escolares [&hellip;]<\/p>\n","protected":false},"author":49,"featured_media":395998,"comment_status":"open","ping_status":"open","sticky":false,"template":"","format":"standard","meta":{"_stopmodifiedupdate":false,"_modified_date":"","inline_featured_image":false,"spay_email":"","jetpack_publicize_message":""},"categories":[2,514],"tags":[],"jetpack_featured_media_url":"https:\/\/notinor.com\/jujuy\/wp-content\/uploads\/2023\/11\/aula-vacia.jpg","jetpack_publicize_connections":[],"_links":{"self":[{"href":"https:\/\/notinor.com\/jujuy\/wp-json\/wp\/v2\/posts\/424244"}],"collection":[{"href":"https:\/\/notinor.com\/jujuy\/wp-json\/wp\/v2\/posts"}],"about":[{"href":"https:\/\/notinor.com\/jujuy\/wp-json\/wp\/v2\/types\/post"}],"author":[{"embeddable":true,"href":"https:\/\/notinor.com\/jujuy\/wp-json\/wp\/v2\/users\/49"}],"replies":[{"embeddable":true,"href":"https:\/\/notinor.com\/jujuy\/wp-json\/wp\/v2\/comments?post=424244"}],"version-history":[{"count":1,"href":"https:\/\/notinor.com\/jujuy\/wp-json\/wp\/v2\/posts\/424244\/revisions"}],"predecessor-version":[{"id":424245,"href":"https:\/\/notinor.com\/jujuy\/wp-json\/wp\/v2\/posts\/424244\/revisions\/424245"}],"wp:featuredmedia":[{"embeddable":true,"href":"https:\/\/notinor.com\/jujuy\/wp-json\/wp\/v2\/media\/395998"}],"wp:attachment":[{"href":"https:\/\/notinor.com\/jujuy\/wp-json\/wp\/v2\/media?parent=424244"}],"wp:term":[{"taxonomy":"category","embeddable":true,"href":"https:\/\/notinor.com\/jujuy\/wp-json\/wp\/v2\/categories?post=424244"},{"taxonomy":"post_tag","embeddable":true,"href":"https:\/\/notinor.com\/jujuy\/wp-json\/wp\/v2\/tags?post=424244"}],"curies":[{"name":"wp","href":"https:\/\/api.w.org\/{rel}","templated":true}]}}