{"id":424241,"date":"2025-03-09T22:59:34","date_gmt":"2025-03-10T01:59:34","guid":{"rendered":"https:\/\/notinor.com\/jujuy\/?p=424241"},"modified":"2025-03-09T22:59:36","modified_gmt":"2025-03-10T01:59:36","slug":"avances-positivos-en-la-normalizacion-del-servicio-de-agua-potable-por-la-emergencia-del-temporal","status":"publish","type":"post","link":"https:\/\/notinor.com\/jujuy\/avances-positivos-en-la-normalizacion-del-servicio-de-agua-potable-por-la-emergencia-del-temporal\/","title":{"rendered":"Avances positivos en la normalizaci\u00f3n del servicio de agua potable por la emergencia del temporal"},"content":{"rendered":"\n<p class=\"has-medium-font-size\"><strong><em>El sistema de abastecimiento de agua potable para San Salvador de Jujuy, Alto Comedero y Palpal\u00e1 comienza a recuperarse progresivamente en las zonas afectadas.<\/em><\/strong><\/p>\n\n\n\n<p><\/p>\n\n\n<div class=\"wp-block-image\">\n<figure class=\"aligncenter size-full\"><img decoding=\"async\" loading=\"lazy\" width=\"800\" height=\"450\" src=\"https:\/\/notinor.com\/jujuy\/wp-content\/uploads\/2025\/03\/normalizacion-agua.jpg\" alt=\"\" class=\"wp-image-424242\" srcset=\"https:\/\/notinor.com\/jujuy\/wp-content\/uploads\/2025\/03\/normalizacion-agua.jpg 800w, https:\/\/notinor.com\/jujuy\/wp-content\/uploads\/2025\/03\/normalizacion-agua-649x365.jpg 649w, https:\/\/notinor.com\/jujuy\/wp-content\/uploads\/2025\/03\/normalizacion-agua-500x280.jpg 500w, https:\/\/notinor.com\/jujuy\/wp-content\/uploads\/2025\/03\/normalizacion-agua-768x432.jpg 768w, https:\/\/notinor.com\/jujuy\/wp-content\/uploads\/2025\/03\/normalizacion-agua-750x422.jpg 750w\" sizes=\"(max-width: 800px) 100vw, 800px\" \/><\/figure><\/div>\n\n\n<p><\/p>\n\n\n\n<p><strong>Gracias a los intensos trabajos de encauce en las tomas de captaci\u00f3n, limpieza de filtros en las plantas potabilizadoras y maniobras t\u00e9cnicas en redes y v\u00e1lvulas, el agua ya est\u00e1 ingresando a la Planta Alto Reyes y las cisternas comenzaron a abastecer sectores afectados de manera paulatina.<\/strong><\/p>\n\n\n\n<p>El proceso de normalizaci\u00f3n es gradual y demanda tiempo, ya que debe realizarse de forma controlada para evitar nuevos inconvenientes en la red. El llenado de cisternas y ca\u00f1er\u00edas debe realizarse de manera progresiva, asegurando la estabilizaci\u00f3n del sistema y la correcta distribuci\u00f3n del suministro.<\/p>\n\n\n\n<p><strong>Mientras tanto, se mantiene el operativo de abastecimiento mediante camiones cisterna, priorizando el suministro en hospitales, cl\u00ednicas, hogares de adultos mayores y sectores m\u00e1s afectados.<\/strong><\/p>\n\n\n\n<p>Se solicita a los usuarios continuar haciendo un uso responsable del agua mientras avanzan las tareas de normalizaci\u00f3n. Los equipos del Gobierno de Jujuy mediante Agua Potable contin\u00faan trabajando sin pausa hasta restablecer el servicio en su totalidad.<\/p>\n","protected":false},"excerpt":{"rendered":"<p>El sistema de abastecimiento de agua potable para San Salvador de Jujuy, Alto Comedero y Palpal\u00e1 comienza a recuperarse progresivamente en las zonas afectadas. Gracias a los intensos trabajos de encauce en las tomas de captaci\u00f3n, limpieza de filtros en las plantas potabilizadoras y maniobras t\u00e9cnicas en redes y v\u00e1lvulas, el agua ya est\u00e1 ingresando [&hellip;]<\/p>\n","protected":false},"author":49,"featured_media":424242,"comment_status":"open","ping_status":"open","sticky":false,"template":"","format":"standard","meta":{"_stopmodifiedupdate":false,"_modified_date":"","inline_featured_image":false,"spay_email":"","jetpack_publicize_message":""},"categories":[2,514],"tags":[],"jetpack_featured_media_url":"https:\/\/notinor.com\/jujuy\/wp-content\/uploads\/2025\/03\/normalizacion-agua.jpg","jetpack_publicize_connections":[],"_links":{"self":[{"href":"https:\/\/notinor.com\/jujuy\/wp-json\/wp\/v2\/posts\/424241"}],"collection":[{"href":"https:\/\/notinor.com\/jujuy\/wp-json\/wp\/v2\/posts"}],"about":[{"href":"https:\/\/notinor.com\/jujuy\/wp-json\/wp\/v2\/types\/post"}],"author":[{"embeddable":true,"href":"https:\/\/notinor.com\/jujuy\/wp-json\/wp\/v2\/users\/49"}],"replies":[{"embeddable":true,"href":"https:\/\/notinor.com\/jujuy\/wp-json\/wp\/v2\/comments?post=424241"}],"version-history":[{"count":1,"href":"https:\/\/notinor.com\/jujuy\/wp-json\/wp\/v2\/posts\/424241\/revisions"}],"predecessor-version":[{"id":424243,"href":"https:\/\/notinor.com\/jujuy\/wp-json\/wp\/v2\/posts\/424241\/revisions\/424243"}],"wp:featuredmedia":[{"embeddable":true,"href":"https:\/\/notinor.com\/jujuy\/wp-json\/wp\/v2\/media\/424242"}],"wp:attachment":[{"href":"https:\/\/notinor.com\/jujuy\/wp-json\/wp\/v2\/media?parent=424241"}],"wp:term":[{"taxonomy":"category","embeddable":true,"href":"https:\/\/notinor.com\/jujuy\/wp-json\/wp\/v2\/categories?post=424241"},{"taxonomy":"post_tag","embeddable":true,"href":"https:\/\/notinor.com\/jujuy\/wp-json\/wp\/v2\/tags?post=424241"}],"curies":[{"name":"wp","href":"https:\/\/api.w.org\/{rel}","templated":true}]}}