{"id":424238,"date":"2025-03-09T21:41:56","date_gmt":"2025-03-10T00:41:56","guid":{"rendered":"https:\/\/notinor.com\/jujuy\/?p=424238"},"modified":"2025-03-09T21:41:58","modified_gmt":"2025-03-10T00:41:58","slug":"habilitaron-un-tramo-del-puente-de-huaico-despues-del-temporal","status":"publish","type":"post","link":"https:\/\/notinor.com\/jujuy\/habilitaron-un-tramo-del-puente-de-huaico-despues-del-temporal\/","title":{"rendered":"Habilitaron un tramo del puente de Huaico\u00a0despu\u00e9s del temporal"},"content":{"rendered":"\n<p class=\"has-medium-font-size\"><strong><em>La Secretar\u00eda de Seguridad Vial informa que el paso de veh\u00edculos fue habilitado en el tramo de avenida Bolivia, altura arroyo Huaico.<\/em><\/strong><\/p>\n\n\n\n<p><\/p>\n\n\n<div class=\"wp-block-image\">\n<figure class=\"aligncenter size-full\"><img decoding=\"async\" loading=\"lazy\" width=\"800\" height=\"450\" src=\"https:\/\/notinor.com\/jujuy\/wp-content\/uploads\/2025\/03\/puente-huaico-chico-resaurado.jpg\" alt=\"\" class=\"wp-image-424239\" srcset=\"https:\/\/notinor.com\/jujuy\/wp-content\/uploads\/2025\/03\/puente-huaico-chico-resaurado.jpg 800w, https:\/\/notinor.com\/jujuy\/wp-content\/uploads\/2025\/03\/puente-huaico-chico-resaurado-649x365.jpg 649w, https:\/\/notinor.com\/jujuy\/wp-content\/uploads\/2025\/03\/puente-huaico-chico-resaurado-500x280.jpg 500w, https:\/\/notinor.com\/jujuy\/wp-content\/uploads\/2025\/03\/puente-huaico-chico-resaurado-768x432.jpg 768w, https:\/\/notinor.com\/jujuy\/wp-content\/uploads\/2025\/03\/puente-huaico-chico-resaurado-750x422.jpg 750w\" sizes=\"(max-width: 800px) 100vw, 800px\" \/><\/figure><\/div>\n\n\n<p><\/p>\n\n\n\n<p>Gracias a trabajos realizados por personal de Vialidad de la Provincia, el tr\u00e1nsito es normal hasta la entrada al GAM 5.<\/p>\n\n\n\n<p><strong>Se recomienda circular con velocidad reducida, manteniendo la distancia apropiada de frenado y respetando las se\u00f1alizaciones viales.<\/strong><\/p>\n\n\n\n<p class=\"has-medium-font-size\"><strong>Repavimentaci\u00f3n<\/strong><\/p>\n\n\n\n<p>En la apertura de sesiones ordinarias en la Legislatura, <strong>el gobernador Carlos Sadir anunci\u00f3 que en la segunda quincena de marzo comenzar\u00e1 la repavimentaci\u00f3n de la Ruta Provincial N\u00b0 4 -avenida Bolivia. La obra se iniciar\u00e1 desde el parque San Mart\u00edn hacia el GAM 5.<\/strong><\/p>\n","protected":false},"excerpt":{"rendered":"<p>La Secretar\u00eda de Seguridad Vial informa que el paso de veh\u00edculos fue habilitado en el tramo de avenida Bolivia, altura arroyo Huaico. Gracias a trabajos realizados por personal de Vialidad de la Provincia, el tr\u00e1nsito es normal hasta la entrada al GAM 5. Se recomienda circular con velocidad reducida, manteniendo la distancia apropiada de frenado [&hellip;]<\/p>\n","protected":false},"author":49,"featured_media":424239,"comment_status":"open","ping_status":"open","sticky":false,"template":"","format":"standard","meta":{"_stopmodifiedupdate":false,"_modified_date":"","inline_featured_image":false,"spay_email":"","jetpack_publicize_message":""},"categories":[2,514],"tags":[],"jetpack_featured_media_url":"https:\/\/notinor.com\/jujuy\/wp-content\/uploads\/2025\/03\/puente-huaico-chico-resaurado.jpg","jetpack_publicize_connections":[],"_links":{"self":[{"href":"https:\/\/notinor.com\/jujuy\/wp-json\/wp\/v2\/posts\/424238"}],"collection":[{"href":"https:\/\/notinor.com\/jujuy\/wp-json\/wp\/v2\/posts"}],"about":[{"href":"https:\/\/notinor.com\/jujuy\/wp-json\/wp\/v2\/types\/post"}],"author":[{"embeddable":true,"href":"https:\/\/notinor.com\/jujuy\/wp-json\/wp\/v2\/users\/49"}],"replies":[{"embeddable":true,"href":"https:\/\/notinor.com\/jujuy\/wp-json\/wp\/v2\/comments?post=424238"}],"version-history":[{"count":1,"href":"https:\/\/notinor.com\/jujuy\/wp-json\/wp\/v2\/posts\/424238\/revisions"}],"predecessor-version":[{"id":424240,"href":"https:\/\/notinor.com\/jujuy\/wp-json\/wp\/v2\/posts\/424238\/revisions\/424240"}],"wp:featuredmedia":[{"embeddable":true,"href":"https:\/\/notinor.com\/jujuy\/wp-json\/wp\/v2\/media\/424239"}],"wp:attachment":[{"href":"https:\/\/notinor.com\/jujuy\/wp-json\/wp\/v2\/media?parent=424238"}],"wp:term":[{"taxonomy":"category","embeddable":true,"href":"https:\/\/notinor.com\/jujuy\/wp-json\/wp\/v2\/categories?post=424238"},{"taxonomy":"post_tag","embeddable":true,"href":"https:\/\/notinor.com\/jujuy\/wp-json\/wp\/v2\/tags?post=424238"}],"curies":[{"name":"wp","href":"https:\/\/api.w.org\/{rel}","templated":true}]}}