{"id":424235,"date":"2025-03-09T20:16:39","date_gmt":"2025-03-09T23:16:39","guid":{"rendered":"https:\/\/notinor.com\/jujuy\/?p=424235"},"modified":"2025-03-09T20:16:40","modified_gmt":"2025-03-09T23:16:40","slug":"continuan-las-labores-de-normalizacion-del-servicio-de-agua-potable","status":"publish","type":"post","link":"https:\/\/notinor.com\/jujuy\/continuan-las-labores-de-normalizacion-del-servicio-de-agua-potable\/","title":{"rendered":"Contin\u00faan las labores de normalizaci\u00f3n del servicio de agua potable"},"content":{"rendered":"\n<p class=\"has-medium-font-size\"><strong><em>En el marco del intenso temporal que afect\u00f3 a la producci\u00f3n y provisi\u00f3n de agua para San Salvador de Jujuy, Alto Comedero y Palpal\u00e1, el presidente de Agua Potable de Jujuy, Juan Carlos Garc\u00eda, explic\u00f3 que se han activado medidas de emergencia para normalizar el servicio y que se contin\u00faa trabajando.<\/em><\/strong><\/p>\n\n\n\n<p><\/p>\n\n\n<div class=\"wp-block-image\">\n<figure class=\"aligncenter size-full\"><img decoding=\"async\" loading=\"lazy\" width=\"800\" height=\"450\" src=\"https:\/\/notinor.com\/jujuy\/wp-content\/uploads\/2025\/03\/emergencia-agua.jpg\" alt=\"\" class=\"wp-image-424236\" srcset=\"https:\/\/notinor.com\/jujuy\/wp-content\/uploads\/2025\/03\/emergencia-agua.jpg 800w, https:\/\/notinor.com\/jujuy\/wp-content\/uploads\/2025\/03\/emergencia-agua-649x365.jpg 649w, https:\/\/notinor.com\/jujuy\/wp-content\/uploads\/2025\/03\/emergencia-agua-500x280.jpg 500w, https:\/\/notinor.com\/jujuy\/wp-content\/uploads\/2025\/03\/emergencia-agua-768x432.jpg 768w, https:\/\/notinor.com\/jujuy\/wp-content\/uploads\/2025\/03\/emergencia-agua-750x422.jpg 750w\" sizes=\"(max-width: 800px) 100vw, 800px\" \/><\/figure><\/div>\n\n\n<p><\/p>\n\n\n\n<p>Seg\u00fan se\u00f1al\u00f3 Garc\u00eda, <strong>\u201cen la zona de Huaico pasa un acueducto de hormig\u00f3n armado de 600 mm, un antiguo conducto que abastec\u00eda la zona central, el cual se vio afectado por la rotura del puente. Esto provoc\u00f3 una p\u00e9rdida que contribuy\u00f3 a la baja presi\u00f3n en el sistema\u201d.<\/strong><\/p>\n\n\n\n<p>En coordinaci\u00f3n con Recursos H\u00eddricos, el funcionario indic\u00f3 que se tom\u00f3 la decisi\u00f3n de desviar el flujo del cauce que pasa por all\u00ed para liberar la zona y reparar el acueducto sin cortar el servicio.<\/p>\n\n\n\n<p>Garc\u00eda destac\u00f3 que, gracias al apoyo en materiales y la planificaci\u00f3n de un bypass, se logr\u00f3 posicionar provisoriamente el ducto, que cuenta con m\u00e1s de 50 a\u00f1os de antig\u00fcedad. <strong>\u201cLa intervenci\u00f3n se realiz\u00f3 para evitar que el nexo se vea afectado nuevamente por eventos similares\u201d,<\/strong> enfatiz\u00f3.<\/p>\n\n\n\n<p>Adem\u00e1s, en otras \u00e1reas de la provincia, se trabaj\u00f3 intensamente para superar problemas asociados a la alta turbidez, que dificult\u00f3 el proceso de potabilizaci\u00f3n. <strong>En la Planta Alto Reyes se han implementado labores para recuperar la producci\u00f3n y restablecer el abastecimiento en sectores cr\u00edticos. Se han llevado a cabo operaciones de limpieza en las tomas de agua, decantadores y redes, permitiendo paulatinamente que el sistema retome el funcionamiento.<\/strong><\/p>\n\n\n\n<p>El presidente concluy\u00f3: \u201cEn toda la provincia, estamos poniendo toda nuestra actitud, conocimiento y equipamiento para que el agua llegue a los hogares juje\u00f1os. Seguiremos trabajando incansablemente para normalizar el servicio y garantizar soluciones definitivas a esta situaci\u00f3n\u201d.<\/p>\n\n\n\n<p>Adem\u00e1s, se mantiene el operativo de abastecimiento alternativo mediante camiones cisterna, priorizando el suministro de agua a hospitales, cl\u00ednicas, hogares de adultos mayores y otras instituciones esenciales. <strong>Estas acciones continuar\u00e1n hasta que el sistema recupere su estabilidad y el servicio se normalice por completo en todas las zonas afectadas.<\/strong><\/p>\n\n\n\n<p>Con este accionar, el Gobierno de la Provincia, mediante Agua Potable de Jujuy, reafirma su compromiso de brindar un servicio confiable y de calidad, en l\u00ednea con los lineamientos del gobernador Carlos Sadir y del ministro de Infraestructura, Servicios P\u00fablicos, Tierra y Vivienda, Carlos Stanic.<\/p>\n","protected":false},"excerpt":{"rendered":"<p>En el marco del intenso temporal que afect\u00f3 a la producci\u00f3n y provisi\u00f3n de agua para San Salvador de Jujuy, Alto Comedero y Palpal\u00e1, el presidente de Agua Potable de Jujuy, Juan Carlos Garc\u00eda, explic\u00f3 que se han activado medidas de emergencia para normalizar el servicio y que se contin\u00faa trabajando. Seg\u00fan se\u00f1al\u00f3 Garc\u00eda, \u201cen [&hellip;]<\/p>\n","protected":false},"author":49,"featured_media":424236,"comment_status":"open","ping_status":"open","sticky":false,"template":"","format":"standard","meta":{"_stopmodifiedupdate":false,"_modified_date":"","inline_featured_image":false,"spay_email":"","jetpack_publicize_message":""},"categories":[2,514],"tags":[],"jetpack_featured_media_url":"https:\/\/notinor.com\/jujuy\/wp-content\/uploads\/2025\/03\/emergencia-agua.jpg","jetpack_publicize_connections":[],"_links":{"self":[{"href":"https:\/\/notinor.com\/jujuy\/wp-json\/wp\/v2\/posts\/424235"}],"collection":[{"href":"https:\/\/notinor.com\/jujuy\/wp-json\/wp\/v2\/posts"}],"about":[{"href":"https:\/\/notinor.com\/jujuy\/wp-json\/wp\/v2\/types\/post"}],"author":[{"embeddable":true,"href":"https:\/\/notinor.com\/jujuy\/wp-json\/wp\/v2\/users\/49"}],"replies":[{"embeddable":true,"href":"https:\/\/notinor.com\/jujuy\/wp-json\/wp\/v2\/comments?post=424235"}],"version-history":[{"count":1,"href":"https:\/\/notinor.com\/jujuy\/wp-json\/wp\/v2\/posts\/424235\/revisions"}],"predecessor-version":[{"id":424237,"href":"https:\/\/notinor.com\/jujuy\/wp-json\/wp\/v2\/posts\/424235\/revisions\/424237"}],"wp:featuredmedia":[{"embeddable":true,"href":"https:\/\/notinor.com\/jujuy\/wp-json\/wp\/v2\/media\/424236"}],"wp:attachment":[{"href":"https:\/\/notinor.com\/jujuy\/wp-json\/wp\/v2\/media?parent=424235"}],"wp:term":[{"taxonomy":"category","embeddable":true,"href":"https:\/\/notinor.com\/jujuy\/wp-json\/wp\/v2\/categories?post=424235"},{"taxonomy":"post_tag","embeddable":true,"href":"https:\/\/notinor.com\/jujuy\/wp-json\/wp\/v2\/tags?post=424235"}],"curies":[{"name":"wp","href":"https:\/\/api.w.org\/{rel}","templated":true}]}}