{"id":424158,"date":"2025-03-07T11:28:05","date_gmt":"2025-03-07T14:28:05","guid":{"rendered":"https:\/\/notinor.com\/jujuy\/?p=424158"},"modified":"2025-03-07T11:28:06","modified_gmt":"2025-03-07T14:28:06","slug":"jujuy-presente-en-la-feria-internacional-de-turismo-de-berlin-2025","status":"publish","type":"post","link":"https:\/\/notinor.com\/jujuy\/jujuy-presente-en-la-feria-internacional-de-turismo-de-berlin-2025\/","title":{"rendered":"Jujuy presente en la Feria Internacional de Turismo de Berl\u00edn 2025"},"content":{"rendered":"\n<p class=\"has-medium-font-size\"><em><strong>Jujuy form\u00f3 parte de la comitiva argentina que particip\u00f3 en la Feria Internacional de Turismo de Berl\u00edn (ITB 2025), uno de los eventos m\u00e1s importantes del sector a nivel global. La provincia estuvo presente en el stand nacional, donde mostr\u00f3 el potencial tur\u00edstico de sus cuatro regiones y su diversidad de experiencias.<\/strong><\/em><\/p>\n\n\n<div class=\"wp-block-image\">\n<figure class=\"aligncenter\"><img decoding=\"async\" src=\"https:\/\/media.prensa.jujuy.gob.ar\/p\/2eac2f8d9149e52cff36368b85619cc2\/adjuntos\/301\/imagenes\/000\/408\/0000408614\/1200x0\/smart\/whatsapp-image-2025-03-06-at-44349-pmjpeg.jpeg\" alt=\"Jujuy presente en la Feria Internacional de Turismo de Berl\u00edn 2025\" title=\"Jujuy presente en la Feria Internacional de Turismo de Berl\u00edn 2025\"\/><figcaption class=\"wp-element-caption\">Diego Valdecantos<\/figcaption><\/figure><\/div>\n\n\n<p>La feria ITB 2025 represent\u00f3 una vidriera clave para la promoci\u00f3n tur\u00edstica de Jujuy, en un contexto de creciente inter\u00e9s por los destinos argentinos. En este sentido, el Ministerio de Cultura y Turismo, a trav\u00e9s de la Secretar\u00eda de Turismo, encabezada por <strong>Diego Valdecantos<\/strong>, impulsa una fuerte estrategia de posicionamiento en mercados internacionales.<a href=\"https:\/\/media.prensa.jujuy.gob.ar\/p\/2eac2f8d9149e52cff36368b85619cc2\/adjuntos\/301\/imagenes\/000\/408\/0000408614\/1200x0\/smart\/whatsapp-image-2025-03-06-at-44349-pmjpeg.jpeg\"><\/a><\/p>\n\n\n\n<figure class=\"wp-block-image\"><img decoding=\"async\" src=\"https:\/\/media.prensa.jujuy.gob.ar\/p\/c65f91bccf6864f4fd8b342e995cd60f\/adjuntos\/301\/imagenes\/000\/408\/0000408615\/1200x0\/smart\/whatsapp-image-2025-03-06-at-44346-pmjpeg.jpeg\" alt=\"Jujuy presente en la Feria Internacional de Turismo de Berl\u00edn 2025\" title=\"Jujuy presente en la Feria Internacional de Turismo de Berl\u00edn 2025\"\/><\/figure>\n\n\n\n<p>Al respecto, Valdecantos destac\u00f3:\u00a0<em>\u201c<\/em><strong>Estamos mostrando todos los atractivos de Jujuy. Conocer Argentina va m\u00e1s all\u00e1 de un solo destino, significa descubrir sus distintas regiones, y el Norte Argentino est\u00e1 presente aqu\u00ed a trav\u00e9s de Jujuy<\/strong><em>\u201d.<\/em><\/p>\n\n\n\n<p>Adem\u00e1s, subray\u00f3 que\u00a0<em>\u201c<\/em>hemos invitado a conocer los Cerros de los Siete Colores, las Salinas Grandes y el Hornocal, algunos de los paisajes m\u00e1s maravillosos de la provincia<em>. Tambi\u00e9n estamos promocionando nuestra gastronom\u00eda andina y los vinos de altura, que forman parte de la identidad juje\u00f1a\u201d.<\/em><\/p>\n\n\n<div class=\"wp-block-image\">\n<figure class=\"aligncenter\"><img decoding=\"async\" src=\"https:\/\/media.prensa.jujuy.gob.ar\/p\/18b936b3f0f66d6ddc76b7f7b8e1451d\/adjuntos\/301\/imagenes\/000\/408\/0000408616\/1200x0\/smart\/captura-pantalla-2025-03-06-las-164053png.png\" alt=\"Jujuy presente en la Feria Internacional de Turismo de Berl\u00edn 2025\" title=\"Jujuy presente en la Feria Internacional de Turismo de Berl\u00edn 2025\"\/><\/figure><\/div>\n\n\n<p>Cabe destacar que Argentina tuvo una participaci\u00f3n destacada en la jornada inaugural, consolid\u00e1ndose como un destino clave para los viajeros alemanes y europeos. En el primer d\u00eda de feria, se llevaron a cabo m\u00e1s de 500 reuniones con operadores tur\u00edsticos, reforzando las oportunidades de promoci\u00f3n y comercializaci\u00f3n del pa\u00eds en este mercado estrat\u00e9gico.\u00a0<a href=\"https:\/\/media.prensa.jujuy.gob.ar\/p\/18b936b3f0f66d6ddc76b7f7b8e1451d\/adjuntos\/301\/imagenes\/000\/408\/0000408616\/1200x0\/smart\/captura-pantalla-2025-03-06-las-164053png.png\"><\/a><\/p>\n\n\n<div class=\"wp-block-image\">\n<figure class=\"aligncenter\"><img decoding=\"async\" src=\"https:\/\/media.prensa.jujuy.gob.ar\/p\/bc5a1173b1a0ea5040c2aaed9555283e\/adjuntos\/301\/imagenes\/000\/408\/0000408617\/1200x0\/smart\/captura-pantalla-2025-03-06-las-164036png.png\" alt=\"Jujuy presente en la Feria Internacional de Turismo de Berl\u00edn 2025\" title=\"Jujuy presente en la Feria Internacional de Turismo de Berl\u00edn 2025\"\/><\/figure><\/div>\n\n\n<p><em>\u201c<\/em><strong>Durante todo el a\u00f1o, Jujuy abre sus puertas a los turistas con propuestas variadas que garantizan experiencias inolvidables<\/strong><em>. Por eso, es fundamental estar presentes en esta feria, donde el mercado alem\u00e1n y europeo renueva su inter\u00e9s por nuestros destinos\u201d<\/em>, concluy\u00f3 el funcionario Diego Valdecantos.<\/p>\n","protected":false},"excerpt":{"rendered":"<p>Jujuy form\u00f3 parte de la comitiva argentina que particip\u00f3 en la Feria Internacional de Turismo de Berl\u00edn (ITB 2025), uno de los eventos m\u00e1s importantes del sector a nivel global. La provincia estuvo presente en el stand nacional, donde mostr\u00f3 el potencial tur\u00edstico de sus cuatro regiones y su diversidad de experiencias. La feria ITB [&hellip;]<\/p>\n","protected":false},"author":5,"featured_media":424159,"comment_status":"open","ping_status":"open","sticky":false,"template":"","format":"standard","meta":{"_stopmodifiedupdate":false,"_modified_date":"","inline_featured_image":false,"spay_email":"","jetpack_publicize_message":""},"categories":[2],"tags":[],"jetpack_featured_media_url":"https:\/\/notinor.com\/jujuy\/wp-content\/uploads\/2025\/03\/BERLIN.jpg","jetpack_publicize_connections":[],"_links":{"self":[{"href":"https:\/\/notinor.com\/jujuy\/wp-json\/wp\/v2\/posts\/424158"}],"collection":[{"href":"https:\/\/notinor.com\/jujuy\/wp-json\/wp\/v2\/posts"}],"about":[{"href":"https:\/\/notinor.com\/jujuy\/wp-json\/wp\/v2\/types\/post"}],"author":[{"embeddable":true,"href":"https:\/\/notinor.com\/jujuy\/wp-json\/wp\/v2\/users\/5"}],"replies":[{"embeddable":true,"href":"https:\/\/notinor.com\/jujuy\/wp-json\/wp\/v2\/comments?post=424158"}],"version-history":[{"count":1,"href":"https:\/\/notinor.com\/jujuy\/wp-json\/wp\/v2\/posts\/424158\/revisions"}],"predecessor-version":[{"id":424160,"href":"https:\/\/notinor.com\/jujuy\/wp-json\/wp\/v2\/posts\/424158\/revisions\/424160"}],"wp:featuredmedia":[{"embeddable":true,"href":"https:\/\/notinor.com\/jujuy\/wp-json\/wp\/v2\/media\/424159"}],"wp:attachment":[{"href":"https:\/\/notinor.com\/jujuy\/wp-json\/wp\/v2\/media?parent=424158"}],"wp:term":[{"taxonomy":"category","embeddable":true,"href":"https:\/\/notinor.com\/jujuy\/wp-json\/wp\/v2\/categories?post=424158"},{"taxonomy":"post_tag","embeddable":true,"href":"https:\/\/notinor.com\/jujuy\/wp-json\/wp\/v2\/tags?post=424158"}],"curies":[{"name":"wp","href":"https:\/\/api.w.org\/{rel}","templated":true}]}}