{"id":424153,"date":"2025-03-07T11:15:10","date_gmt":"2025-03-07T14:15:10","guid":{"rendered":"https:\/\/notinor.com\/jujuy\/?p=424153"},"modified":"2025-03-07T11:17:30","modified_gmt":"2025-03-07T14:17:30","slug":"gran-expectativa-por-el-discurso-de-sadir-en-la-legislatura","status":"publish","type":"post","link":"https:\/\/notinor.com\/jujuy\/gran-expectativa-por-el-discurso-de-sadir-en-la-legislatura\/","title":{"rendered":"Gran expectativa por el discurso de Sadir en la Legislatura"},"content":{"rendered":"\n<p class=\"has-medium-font-size\"><strong><em>El mandatario provincial, en minutos, brindar\u00e1 un detallado informe de gesti\u00f3n en el marco de la apertura del\u00a0164\u00ba Per\u00edodo de Sesiones Ordinarias de la Legislatura Provincial.<\/em><\/strong><\/p>\n\n\n<div class=\"wp-block-image\">\n<figure class=\"aligncenter\"><img decoding=\"async\" src=\"https:\/\/media.prensa.jujuy.gob.ar\/p\/34f73a7949e72dfb0c6189a50a46b88c\/adjuntos\/301\/imagenes\/000\/408\/0000408625\/1200x0\/smart\/070325jpg.jpg\" alt=\"Gran expectativa por el discurso de Sadir en la Legislatura\" title=\"Gran expectativa por el discurso de Sadir en la Legislatura\"\/><figcaption class=\"wp-element-caption\">El gobernador<strong>&nbsp;Carlos Sadir<\/strong>&nbsp;parti\u00f3 de Casa de Gobierno hacia a la Legislatura Provincial<\/figcaption><\/figure><\/div>\n\n\n<p>Pasadas las 10.30 de la ma\u00f1ana, el gobernador<strong>&nbsp;Carlos Sadir<\/strong>&nbsp;parti\u00f3 de Casa de Gobierno hacia a la Legislatura Provincial, escoltado por la Comisi\u00f3n de Exterior integrada por los diputados Malena Americe, Gustavo Arias, Mabel Batallanos, Ang\u00e9lica Castillo, Alejandra El\u00edas, Natalia Guevara, Noelia Quispe, Olga Ramos, Alicia Sosa, Pedro Beliz\u00e1n, Patricia Armella; Valeria G\u00f3mez, Juan Ortega, Ver\u00f3nica Valente y Daniela V\u00e9lez.<\/p>\n\n\n\n<p>Acompa\u00f1ado por los titulares de las carteras y funcionarios del ejecutivo, el gobernador descendi\u00f3 por la avenida Gorriti donde se apostaron ciudadanos y militantes que lo saludaron y expresaron su afecto a su paso.<\/p>\n\n\n\n<p>Ya en la explanada de la Casa de Piedra, Sadir procedi\u00f3 a efectuar el saludo protocolar al Cuerpo Hist\u00f3rico de la Polic\u00eda de Jujuy.<\/p>\n\n\n\n<p>Posteriormente fue recibido por la Comisi\u00f3n de Interior integrada por los legisladores <strong>Diego Cruz, Miriam Burgos, Mar\u00eda Teresa Ferr\u00edn, Omar Guti\u00e9rrez, Mar\u00eda Guzm\u00e1n, Federico Manente, Adriano Morone, Mariela Ortiz, Carlos Haquim, Mart\u00edn Fellner, Juan Jenefes Quevedo, Cristian Rivarola, Claudia S\u00e1nchez y Mar\u00eda Uriondo<\/strong>, quienes lo invitaron a ingresar el edificio legislativo, donde en el recinto de sesiones brindar\u00e1 a los juje\u00f1os su informe de gesti\u00f3n.<\/p>\n","protected":false},"excerpt":{"rendered":"<p>El mandatario provincial, en minutos, brindar\u00e1 un detallado informe de gesti\u00f3n en el marco de la apertura del\u00a0164\u00ba Per\u00edodo de Sesiones Ordinarias de la Legislatura Provincial. Pasadas las 10.30 de la ma\u00f1ana, el gobernador&nbsp;Carlos Sadir&nbsp;parti\u00f3 de Casa de Gobierno hacia a la Legislatura Provincial, escoltado por la Comisi\u00f3n de Exterior integrada por los diputados Malena [&hellip;]<\/p>\n","protected":false},"author":5,"featured_media":424154,"comment_status":"open","ping_status":"open","sticky":false,"template":"","format":"standard","meta":{"_stopmodifiedupdate":false,"_modified_date":"","inline_featured_image":false,"spay_email":"","jetpack_publicize_message":""},"categories":[2],"tags":[],"jetpack_featured_media_url":"https:\/\/notinor.com\/jujuy\/wp-content\/uploads\/2025\/03\/APERTURA.jpg","jetpack_publicize_connections":[],"_links":{"self":[{"href":"https:\/\/notinor.com\/jujuy\/wp-json\/wp\/v2\/posts\/424153"}],"collection":[{"href":"https:\/\/notinor.com\/jujuy\/wp-json\/wp\/v2\/posts"}],"about":[{"href":"https:\/\/notinor.com\/jujuy\/wp-json\/wp\/v2\/types\/post"}],"author":[{"embeddable":true,"href":"https:\/\/notinor.com\/jujuy\/wp-json\/wp\/v2\/users\/5"}],"replies":[{"embeddable":true,"href":"https:\/\/notinor.com\/jujuy\/wp-json\/wp\/v2\/comments?post=424153"}],"version-history":[{"count":2,"href":"https:\/\/notinor.com\/jujuy\/wp-json\/wp\/v2\/posts\/424153\/revisions"}],"predecessor-version":[{"id":424157,"href":"https:\/\/notinor.com\/jujuy\/wp-json\/wp\/v2\/posts\/424153\/revisions\/424157"}],"wp:featuredmedia":[{"embeddable":true,"href":"https:\/\/notinor.com\/jujuy\/wp-json\/wp\/v2\/media\/424154"}],"wp:attachment":[{"href":"https:\/\/notinor.com\/jujuy\/wp-json\/wp\/v2\/media?parent=424153"}],"wp:term":[{"taxonomy":"category","embeddable":true,"href":"https:\/\/notinor.com\/jujuy\/wp-json\/wp\/v2\/categories?post=424153"},{"taxonomy":"post_tag","embeddable":true,"href":"https:\/\/notinor.com\/jujuy\/wp-json\/wp\/v2\/tags?post=424153"}],"curies":[{"name":"wp","href":"https:\/\/api.w.org\/{rel}","templated":true}]}}