{"id":424150,"date":"2025-03-07T11:07:05","date_gmt":"2025-03-07T14:07:05","guid":{"rendered":"https:\/\/notinor.com\/jujuy\/?p=424150"},"modified":"2025-03-07T11:07:07","modified_gmt":"2025-03-07T14:07:07","slug":"el-papa-francisco-paso-otra-noche-tranquila-y-se-mantiene-estable","status":"publish","type":"post","link":"https:\/\/notinor.com\/jujuy\/el-papa-francisco-paso-otra-noche-tranquila-y-se-mantiene-estable\/","title":{"rendered":"El papa Francisco pas\u00f3 otra noche tranquila y se mantiene estable"},"content":{"rendered":"\n<p class=\"has-medium-font-size\"><strong><em>El nuevo reporte de salud se produce un d\u00eda despu\u00e9s de que el Vaticano difundiera un mensaje de voz del pont\u00edfice.<\/em><\/strong><\/p>\n\n\n<div class=\"wp-block-image\">\n<figure class=\"aligncenter\"><img decoding=\"async\" src=\"https:\/\/tn.com.ar\/resizer\/v2\/el-papa-francisco-durante-la-oracion-del-angelus-el-19-de-enero-de-2025-foto-vatican-mediasimone-risoluti-IV6SYMAGXREYXI6FAIOHBPW6KQ.png?auth=ccc29942dc20ab352ddef777cbf6ee5e8285f1c343055d0ae2fc320569ba9c7b&amp;width=767\" alt=\"El Papa Francisco durante la oraci\u00f3n del \u00c1ngelus, el 19 de enero de 2025. (Foto: Vatican Media\/Simone Risoluti)\"\/><figcaption class=\"wp-element-caption\">El Papa Francisco durante la oraci\u00f3n del \u00c1ngelus, el 19 de enero de 2025<\/figcaption><\/figure><\/div>\n\n\n<p><strong>El papa Francisco se mantiene estable<\/strong>. El Vaticano inform\u00f3 en su reporte matutino que el Santo Padre tuvo una noche tranquila y despert\u00f3 durante las primeras horas de la ma\u00f1ana.<\/p>\n\n\n\n<p>El mensaje emitido por Vaticano fue: \u201c<strong>El papa ha pasado una noche tranquila y se ha despertado poco despu\u00e9s de las 08:00<\/strong>&nbsp;(hora local)\u201d. Francisco lleva m\u00e1s de 20 d\u00edas hospitalizado, este es el mayor lapso de internaci\u00f3n que experiment\u00f3 desde que es el sumo pont\u00edfice.<\/p>\n\n\n<div class=\"wp-block-image\">\n<figure class=\"aligncenter\"><img decoding=\"async\" src=\"https:\/\/tn.com.ar\/resizer\/v2\/la-imagen-del-papa-francisco-junto-con-una-tarjeta-estan-cerca-de-la-estatua-del-fallecido-papa-juan-pablo-ii-afuera-del-hospital-gemelli-foto-reutersguglielmo-mangiapane-ETQ5I7VFG5CKNIJE3ISVELEIKI.jfif?auth=840088b64042b4b5a5fca7dcf8c842476597d8730234d545537ff321095469e3&amp;width=767\" alt=\"La imagen del Papa Francisco, junto con una tarjeta, est\u00e1n cerca de la estatua del fallecido Papa Juan Pablo II afuera del Hospital Gemelli. (Foto: REUTERS\/Guglielmo Mangiapane).\"\/><figcaption class=\"wp-element-caption\">La imagen del Papa Francisco, junto con una tarjeta, est\u00e1n cerca de la estatua del fallecido Papa Juan Pablo II afuera del Hospital Gemelli<\/figcaption><\/figure><\/div>\n\n\n<p>Desde 2021 hasta 2025, Francisco tuvo que ser internado en cuatro ocasiones. En ninguno de los episodios anteriores fue necesario que pasara tanto tiempo hospitalizado.<\/p>\n\n\n\n<p>Su estado de salud moviliz\u00f3 a la fe cat\u00f3lica, que se manifest\u00f3 durante los \u00faltimos d\u00edas en peticiones para su pronta recuperaci\u00f3n. Estas expresiones se extendieron hasta su lugar de internaci\u00f3n, el&nbsp;<strong>Hospital Gemelli<\/strong>, en Roma, donde distintas personas se acercaron y dejaron muestras de cari\u00f1o y mensajes hacia el Papa.<\/p>\n\n\n\n<p><strong>La voz del papa Francisco<\/strong><\/p>\n\n\n\n<p>Durante el jueves 6 de marzo, el Vaticano difundi\u00f3 un mensaje de voz del sumo pont\u00edfice. Este se produjo en un momento en el que ha habido dudas en relaci\u00f3n con su capacidad para tomar decisiones y cumplir con sus funciones cotidianas.<\/p>\n\n\n\n<p>En el mensaje, el papa Francisco dijo: \u201c<strong>Agradezco de todo coraz\u00f3n las oraciones que hacen por mi salud desde la Plaza (de San Pedro)<\/strong>, los acompa\u00f1o desde ac\u00e1. Que Dios los bendiga y que la Virgen los cuide. Gracias\u201c. Fue breve y se pudo escuchar una voz fatigada. Se infiere que en esto influyen las distintas afecciones respiratorias que experiment\u00f3 desde que fue internado, el pasado 14 de febrero.<\/p>\n\n\n<div class=\"wp-block-image\">\n<figure class=\"aligncenter\"><img decoding=\"async\" src=\"https:\/\/tn.com.ar\/resizer\/v2\/personas-sostienen-imagenes-del-papa-francisco-durante-una-misa-en-la-plaza-constitucion-de-buenos-aires-foto-efejuan-ignacio-roncoroni-W457LYI7ARF2THMZU4JJUZYXYA.jfif?auth=63efafc0e2384666c2b1cc9308f8df0194029e8cf7e543eeed171271eacd8c4d&amp;width=767\" alt=\"Personas sostienen im\u00e1genes del Papa Francisco durante una misa en la Plaza Constituci\u00f3n de Buenos Aires. (Foto: EFE\/Juan Ignacio Roncoroni)\"\/><figcaption class=\"wp-element-caption\">Personas sostienen im\u00e1genes del Papa Francisco durante una misa en la Plaza Constituci\u00f3n de Buenos Aires<\/figcaption><\/figure><\/div>\n\n\n<p>El\u00a0<strong>papa Francisco<\/strong>\u00a0cumple 22 d\u00edas de hospitalizaci\u00f3n. El <strong>anuncio matutino<\/strong> del jueves indic\u00f3 que, aunque su cuadro cl\u00ednico sigue siendo \u201ccomplejo\u201d, el Santo Padre volvi\u00f3 a tener una noche serena. Por la tarde, el Vaticano inform\u00f3, en el segundo parte m\u00e9dico del d\u00eda, quesu salud permanec\u00eda\u00a0<strong>\u201cestable<\/strong>\u00a0<strong>y sin nuevas crisis respiratorias\u201d<\/strong>.<\/p>\n\n\n\n<p>Esta informaci\u00f3n, junto con el m\u00e1s reciente reporte del d\u00eda viernes, indica que se sostiene una l\u00ednea de mejor\u00eda en la salud del papa. Sin embargo, hay que tener en cuenta que su caso es descrito de forma m\u00e9dica como \u201c<strong>reservado<\/strong>\u201d, debido a que los especialistas no pueden precisar una evoluci\u00f3n espec\u00edfica del caso.<\/p>\n","protected":false},"excerpt":{"rendered":"<p>El nuevo reporte de salud se produce un d\u00eda despu\u00e9s de que el Vaticano difundiera un mensaje de voz del pont\u00edfice. El papa Francisco se mantiene estable. El Vaticano inform\u00f3 en su reporte matutino que el Santo Padre tuvo una noche tranquila y despert\u00f3 durante las primeras horas de la ma\u00f1ana. El mensaje emitido por [&hellip;]<\/p>\n","protected":false},"author":5,"featured_media":424151,"comment_status":"open","ping_status":"open","sticky":false,"template":"","format":"standard","meta":{"_stopmodifiedupdate":false,"_modified_date":"","inline_featured_image":false,"spay_email":"","jetpack_publicize_message":""},"categories":[6],"tags":[],"jetpack_featured_media_url":"https:\/\/notinor.com\/jujuy\/wp-content\/uploads\/2025\/03\/FRANCISCO-2.jpg","jetpack_publicize_connections":[],"_links":{"self":[{"href":"https:\/\/notinor.com\/jujuy\/wp-json\/wp\/v2\/posts\/424150"}],"collection":[{"href":"https:\/\/notinor.com\/jujuy\/wp-json\/wp\/v2\/posts"}],"about":[{"href":"https:\/\/notinor.com\/jujuy\/wp-json\/wp\/v2\/types\/post"}],"author":[{"embeddable":true,"href":"https:\/\/notinor.com\/jujuy\/wp-json\/wp\/v2\/users\/5"}],"replies":[{"embeddable":true,"href":"https:\/\/notinor.com\/jujuy\/wp-json\/wp\/v2\/comments?post=424150"}],"version-history":[{"count":1,"href":"https:\/\/notinor.com\/jujuy\/wp-json\/wp\/v2\/posts\/424150\/revisions"}],"predecessor-version":[{"id":424152,"href":"https:\/\/notinor.com\/jujuy\/wp-json\/wp\/v2\/posts\/424150\/revisions\/424152"}],"wp:featuredmedia":[{"embeddable":true,"href":"https:\/\/notinor.com\/jujuy\/wp-json\/wp\/v2\/media\/424151"}],"wp:attachment":[{"href":"https:\/\/notinor.com\/jujuy\/wp-json\/wp\/v2\/media?parent=424150"}],"wp:term":[{"taxonomy":"category","embeddable":true,"href":"https:\/\/notinor.com\/jujuy\/wp-json\/wp\/v2\/categories?post=424150"},{"taxonomy":"post_tag","embeddable":true,"href":"https:\/\/notinor.com\/jujuy\/wp-json\/wp\/v2\/tags?post=424150"}],"curies":[{"name":"wp","href":"https:\/\/api.w.org\/{rel}","templated":true}]}}